{"id":19909,"date":"2022-08-26T09:36:14","date_gmt":"2022-08-26T12:36:14","guid":{"rendered":"https:\/\/www.jornaldaconstrucaocivil.com.br\/?p=19909"},"modified":"2022-08-26T09:36:14","modified_gmt":"2022-08-26T12:36:14","slug":"estande-interativo-da-sobratema-sera-ponto-de-encontro-e-relacionamento-da-mt-expo-2022","status":"publish","type":"post","link":"https:\/\/construcaocivil.siriusmarketingedesign.com.br\/?p=19909","title":{"rendered":"Estande interativo da Sobratema ser\u00e1 ponto de encontro e relacionamento da M&#038;T Expo 2022"},"content":{"rendered":"<div>\n<div>\n<p>A M&amp;T Expo 2022 \u2013 11\u00aa Feira Internacional de Equipamentos para Constru\u00e7\u00e3o e Minera\u00e7\u00e3o acontece entre os dias 30 de agosto e 2 setembro, no S\u00e3o Paulo Expo, em S\u00e3o Paulo. O evento \u00e9 considerado o maior da Am\u00e9rica Latina, por apresentar os principais lan\u00e7amentos do setor, e um term\u00f4metro do mercado, por reunir empres\u00e1rios de profissionais de construtoras, mineradoras e locadoras de m\u00e1quinas, e toda a cadeia produtiva \u2013 ind\u00fastria, fornecedores e servi\u00e7os.<\/p>\n<p>Parte da rede internacional bauma, a M&amp;T Expo conta com a parceria institucional da Associa\u00e7\u00e3o Brasileira de Tecnologia para Constru\u00e7\u00e3o e Minera\u00e7\u00e3o (Sobratema), que foi a idealizadora da feira, cuja primeira edi\u00e7\u00e3o foi promovida em 1995.<\/p>\n<p>Para esta edi\u00e7\u00e3o, a entidade contar\u00e1 com um estande institucional, n\u00famero 616, situado no pavilh\u00e3o 5, Rua &#8220;J&#8221;, que ser\u00e1 o ponto de encontro dos profissionais do setor. O espa\u00e7o foi elaborado para ser interativo, a fim de que os visitantes se conectem aos programas da entidade, conhecendo detalhes de cada um e conversando com seus respectivos gestores. Uma grande capa \u201cinstagram\u00e1vel\u201d da Revista M&amp;T estar\u00e1 dispon\u00edvel para que os apaixonados por m\u00e1quinas fa\u00e7am suas fotos, al\u00e9m de um est\u00fadio para que as pessoas deixem seus recados sobre a import\u00e2ncia da preserva\u00e7\u00e3o ambiental.<\/p>\n<p>Outro destaque da Sobratema ser\u00e1 a comercializa\u00e7\u00e3o dos livros t\u00e9cnicos, que foram editados ou receberam o apoio da entidade. S\u00e3o eles:\u00a0<em>Conversando com a M\u00e1quina<\/em>,\u00a0<em>Gerenciamento e Manuten\u00e7\u00e3o de Equipamentos M\u00f3veis \u2013 2\u00aa edi\u00e7\u00e3o<\/em>,\u00a0<em>Excel\u00eancia Operacional: O Desafio da Melhoria Cont\u00ednua<\/em>, e\u00a0<em>Plataformas Elevat\u00f3rias M\u00f3veis de Trabalho de A a Z<\/em>.<\/p>\n<p>O\u00a0<em>Conversando com a M\u00e1quina<\/em>, de autoria do engenheiro Silvimar Fernandes Reis, vice-presidente da Sobratema, convida o leitor a dialogar com a m\u00e1quina atrav\u00e9s de sinais. Nessa comunica\u00e7\u00e3o n\u00e3o verbal o profissional de manuten\u00e7\u00e3o ir\u00e1 identificar os processos de desgaste da m\u00e1quina e as a\u00e7\u00f5es de manuten\u00e7\u00e3o necess\u00e1rias: diagn\u00f3stica, proativa e preventiva A partir de sua experi\u00eancia pessoal complementada por pesquisas e an\u00e1lises, o autor prop\u00f5e processos e m\u00e9todos acess\u00edveis para manuten\u00e7\u00e3o de m\u00e1quinas e equipamentos.<\/p>\n<p>A segunda edi\u00e7\u00e3o de\u00a0<em>Gerenciamento e Manuten\u00e7\u00e3o de equipamentos M\u00f3veis<\/em>, de autoria do engenheiro Norwil Veloso, consultor da Sobratema se dedica a oferecer solu\u00e7\u00f5es pr\u00e1ticas para os profissionais que operam com m\u00e1quinas m\u00f3veis. Obra \u00fanica no pa\u00eds, tem o intuito de suprir a falta de bibliografia sobre o assunto e se prop\u00f5e a ser um suporte na tomada das decis\u00f5es do dia-a-dia, fornecendo subs\u00eddios e solu\u00e7\u00f5es para serem adequadas a cada realidade, tanto no planejamento das instala\u00e7\u00f5es e recursos como em sua gest\u00e3o.<\/p>\n<p>De autoria do engenheiro Ivan Montenegro<em>, Excel\u00eancia Operacional: O Desafio da Melhoria Cont\u00ednua<\/em>\u00a0discute em profundidade os diversos aspectos da Excel\u00eancia, desde seu lado pessoal at\u00e9 a uma abordagem organizacional aplicada a projetos e opera\u00e7\u00f5es complexas. Segundo o autor do livro, lan\u00e7ado em 2016, \u00e9 por meio da busca incans\u00e1vel da Excel\u00eancia que a organiza\u00e7\u00e3o constr\u00f3i seu verdadeiro valor.<\/p>\n<p>Com o conte\u00fado elaborado pelo especialista Jacques Chovghi Iazdi e pelo departamento de engenharia da Rigging Brasil, o\u00a0<em>Plataformas Elevat\u00f3rias M\u00f3veis de Trabalho de A a Z<\/em>\u00a0\u00e9 dirigido aos participantes de treinamentos de PEMTs e traz uma nova abordagem t\u00e9cnica para as opera\u00e7\u00f5es de diversos tipos e modelos de Plataformas Elevat\u00f3rias M\u00f3veis de Trabalho. Esta publica\u00e7\u00e3o oferece ao leitor um conceito amplo e necess\u00e1rio para o uso seguro de toda a linha PEMT (Plataforma Elevat\u00f3ria M\u00f3vel de Trabalho), equipamento destinado \u00e0 movimenta\u00e7\u00e3o de pessoas para trabalho em altura em diversos setores da economia.<\/p>\n<\/div>\n<\/div>\n","protected":false},"excerpt":{"rendered":"<p>A M&amp;T Expo 2022 \u2013 11\u00aa Feira Internacional de Equipamentos para Constru\u00e7\u00e3o e Minera\u00e7\u00e3o acontece entre os dias 30 de agosto e 2 setembro, no S\u00e3o Paulo Expo, em S\u00e3o Paulo. O evento \u00e9 considerado o maior da Am\u00e9rica Latina, por apresentar os principais lan\u00e7amentos do setor, e um term\u00f4metro do mercado, por reunir empres\u00e1rios [&hellip;]<\/p>\n","protected":false},"author":1,"featured_media":19920,"comment_status":"open","ping_status":"open","sticky":false,"template":"","format":"standard","meta":{"_uag_custom_page_level_css":"","footnotes":""},"categories":[33],"tags":[24244,2886,24243,20930,10675,12623],"class_list":["post-19909","post","type-post","status-publish","format-standard","has-post-thumbnail","hentry","category-mercado","tag-caminhoes-e-tratores-eletricos","tag-construcao-e-mineracao","tag-locacao-de-maquinas-e-equipamentos-para-construcao","tag-mt-expo-2022","tag-sao-paulo-expo","tag-sobratema"],"blocksy_meta":[],"spectra_blocks_featured_image_url":{"thumbnail":{"url":"https:\/\/construcaocivil.siriusmarketingedesign.com.br\/wp-content\/uploads\/2022\/08\/2022.08.22-Sobratema-Participacao-MT-Expo-150x150.jpg","width":150,"height":150},"medium":{"url":"https:\/\/construcaocivil.siriusmarketingedesign.com.br\/wp-content\/uploads\/2022\/08\/2022.08.22-Sobratema-Participacao-MT-Expo-300x216.jpg","width":300,"height":216},"medium_large":{"url":"https:\/\/construcaocivil.siriusmarketingedesign.com.br\/wp-content\/uploads\/2022\/08\/2022.08.22-Sobratema-Participacao-MT-Expo-768x554.jpg","width":768,"height":554},"large":{"url":"https:\/\/construcaocivil.siriusmarketingedesign.com.br\/wp-content\/uploads\/2022\/08\/2022.08.22-Sobratema-Participacao-MT-Expo.jpg","width":800,"height":577},"full":{"url":"https:\/\/construcaocivil.siriusmarketingedesign.com.br\/wp-content\/uploads\/2022\/08\/2022.08.22-Sobratema-Participacao-MT-Expo.jpg","width":800,"height":577}},"spectra_blocks_author_info":{"display_name":"Jornal da Constru\u00e7\u00e3o Civil","avatar_url":"https:\/\/secure.gravatar.com\/avatar\/973c9774fd44ddaceb026973c4962faa70fc512bc4c9da68e8ebb40fecee6540?s=96&d=mm&r=g","author_link":"https:\/\/construcaocivil.siriusmarketingedesign.com.br\/?author=1","description":"Desde de 2013, levando muitas informa\u00e7\u00f5es, lan\u00e7amentos e produtos de qualidade para toda cadeia produtiva da constru\u00e7\u00e3o. O Futuro da constru\u00e7\u00e3o passa por aqui,"},"uagb_featured_image_src":{"full":["https:\/\/construcaocivil.siriusmarketingedesign.com.br\/wp-content\/uploads\/2022\/08\/2022.08.22-Sobratema-Participacao-MT-Expo.jpg",800,577,false],"thumbnail":["https:\/\/construcaocivil.siriusmarketingedesign.com.br\/wp-content\/uploads\/2022\/08\/2022.08.22-Sobratema-Participacao-MT-Expo-150x150.jpg",150,150,true],"medium":["https:\/\/construcaocivil.siriusmarketingedesign.com.br\/wp-content\/uploads\/2022\/08\/2022.08.22-Sobratema-Participacao-MT-Expo-300x216.jpg",300,216,true],"medium_large":["https:\/\/construcaocivil.siriusmarketingedesign.com.br\/wp-content\/uploads\/2022\/08\/2022.08.22-Sobratema-Participacao-MT-Expo-768x554.jpg",768,554,true],"large":["https:\/\/construcaocivil.siriusmarketingedesign.com.br\/wp-content\/uploads\/2022\/08\/2022.08.22-Sobratema-Participacao-MT-Expo.jpg",800,577,false],"1536x1536":["https:\/\/construcaocivil.siriusmarketingedesign.com.br\/wp-content\/uploads\/2022\/08\/2022.08.22-Sobratema-Participacao-MT-Expo.jpg",800,577,false],"2048x2048":["https:\/\/construcaocivil.siriusmarketingedesign.com.br\/wp-content\/uploads\/2022\/08\/2022.08.22-Sobratema-Participacao-MT-Expo.jpg",800,577,false]},"uagb_author_info":{"display_name":"Jornal da Constru\u00e7\u00e3o Civil","author_link":"https:\/\/construcaocivil.siriusmarketingedesign.com.br\/?author=1"},"uagb_comment_info":0,"uagb_excerpt":"A M&amp;T Expo 2022 \u2013 11\u00aa Feira Internacional de Equipamentos para Constru\u00e7\u00e3o e Minera\u00e7\u00e3o acontece entre os dias 30 de agosto e 2 setembro, no S\u00e3o Paulo Expo, em S\u00e3o Paulo. O evento \u00e9 considerado o maior da Am\u00e9rica Latina, por apresentar os principais lan\u00e7amentos do setor, e um term\u00f4metro do mercado, por reunir empres\u00e1rios&hellip;","_links":{"self":[{"href":"https:\/\/construcaocivil.siriusmarketingedesign.com.br\/index.php?rest_route=\/wp\/v2\/posts\/19909","targetHints":{"allow":["GET"]}}],"collection":[{"href":"https:\/\/construcaocivil.siriusmarketingedesign.com.br\/index.php?rest_route=\/wp\/v2\/posts"}],"about":[{"href":"https:\/\/construcaocivil.siriusmarketingedesign.com.br\/index.php?rest_route=\/wp\/v2\/types\/post"}],"author":[{"embeddable":true,"href":"https:\/\/construcaocivil.siriusmarketingedesign.com.br\/index.php?rest_route=\/wp\/v2\/users\/1"}],"replies":[{"embeddable":true,"href":"https:\/\/construcaocivil.siriusmarketingedesign.com.br\/index.php?rest_route=%2Fwp%2Fv2%2Fcomments&post=19909"}],"version-history":[{"count":0,"href":"https:\/\/construcaocivil.siriusmarketingedesign.com.br\/index.php?rest_route=\/wp\/v2\/posts\/19909\/revisions"}],"wp:featuredmedia":[{"embeddable":true,"href":"https:\/\/construcaocivil.siriusmarketingedesign.com.br\/index.php?rest_route=\/wp\/v2\/media\/19920"}],"wp:attachment":[{"href":"https:\/\/construcaocivil.siriusmarketingedesign.com.br\/index.php?rest_route=%2Fwp%2Fv2%2Fmedia&parent=19909"}],"wp:term":[{"taxonomy":"category","embeddable":true,"href":"https:\/\/construcaocivil.siriusmarketingedesign.com.br\/index.php?rest_route=%2Fwp%2Fv2%2Fcategories&post=19909"},{"taxonomy":"post_tag","embeddable":true,"href":"https:\/\/construcaocivil.siriusmarketingedesign.com.br\/index.php?rest_route=%2Fwp%2Fv2%2Ftags&post=19909"}],"curies":[{"name":"wp","href":"https:\/\/api.w.org\/{rel}","templated":true}]}}