{"id":19933,"date":"2022-08-29T19:51:35","date_gmt":"2022-08-29T22:51:35","guid":{"rendered":"https:\/\/www.jornaldaconstrucaocivil.com.br\/?p=19933"},"modified":"2022-08-29T19:51:35","modified_gmt":"2022-08-29T22:51:35","slug":"festival-do-conhecimento-da-ufrj-apresentacoes-comecam-nesta-segunda-feira-as-18h-confira","status":"publish","type":"post","link":"https:\/\/construcaocivil.siriusmarketingedesign.com.br\/?p=19933","title":{"rendered":"Festival do Conhecimento da UFRJ: apresenta\u00e7\u00f5es come\u00e7am nesta segunda feira, \u00e0s 18h; confira"},"content":{"rendered":"<p>De 29 de agosto a 2 de setembro, a Pr\u00f3-Reitoria de Extens\u00e3o da Universidade Federal do Rio de Janeiro (UFRJ) realiza a terceira edi\u00e7\u00e3o do Festival do Conhecimento. Com o tema Do ancestral ao digital, a proposta \u00e9 reunir saberes ancestrais e inova\u00e7\u00f5es do universo digital para pensar sa\u00eddas para os problemas da sociedade atual.<\/p>\n<p>Al\u00e9m de mesas e cursos para debater a ci\u00eancia, os saberes ancestrais e as novas tecnologias, o evento, que deve reunir 15 mil pessoas em 800 atra\u00e7\u00f5es, tamb\u00e9m vai oferecer uma programa\u00e7\u00e3o cultural diversa, com apresenta\u00e7\u00f5es art\u00edsticas, cinema e shows ao vivo ao longo de toda semana.<\/p>\n<p>Na noite desta segunda (29), a sambista Marina Iris, a banda Biltre e o DJ Goranmo, se apresentam no Teatro de Arena do Campus da Praia Vermelha, na Urca, a partir das 18h. \u00c0s 19h30, \u00e9 a vez da Orquestra Sinf\u00f4nica da UFRJ, que realiza um concerto aberto ao p\u00fablico. A apresenta\u00e7\u00e3o acontece na Lapa, na Escola de M\u00fasica da UFRJ, que neste m\u00eas completa 124 anos.<br \/>\nA programa\u00e7\u00e3o conta ainda com shows da Orquestra de Ukuleles, do Quinteto de Metais do Cerrado, da Orquestra de Sopros e do Coral Infantil da UFRJ, al\u00e9m do concerto do pianista italiano Luca Chiantore.<\/p>\n<p><strong>Cinema<\/strong><\/p>\n<p>Al\u00e9m das atra\u00e7\u00f5es musicais, o Festival ter\u00e1, pela primeira vez, uma mostra de cinema. Com foco na tem\u00e1tica \u201cDo Digital ao Ancestral\u201d, a mostra Cine Conhecimento apresenta filmes que discutem e buscam solu\u00e7\u00f5es para temas como: economia e trabalho, povos tradicionais e conserva\u00e7\u00e3o, tecnologia, emerg\u00eancia clim\u00e1tica e quest\u00f5es raciais. Entre os destaques est\u00e3o \u201cAmaz\u00f4nia: sociedade an\u00f4nima\u201d (2019), de Est\u00eav\u00e3o Ciavatta, \u201cAdeus, Capit\u00e3o\u201d (2022), do cineasta franco-brasileiro Vincent Carelli e Cor da Pele (2019), de Larissa Barbosa.<\/p>\n<p><strong>Confira a programa\u00e7\u00e3o completa:<\/strong><\/p>\n<p><strong><u>Na Praia Vermelha, Urca:\u00a0<\/u><\/strong><br \/>\n<strong>Dia 29\/08<\/strong><br \/>\n18h: DJ Goranmo, Marina Iris e Biltre<\/p>\n<p><strong><u>Na Escola de M\u00fasica, Lapa:\u00a0<\/u><\/strong><br \/>\n<strong>Dia 29\/08\u00a0<\/strong><br \/>\n19h30: Orquestra Sinf\u00f4nica da UFRJ<\/p>\n<p><strong>Dia 30\/08<\/strong><br \/>\n16h: Orquestra de Ukuleles da UFRJ<br \/>\n19h30: Pianista italiano Luca Chiantore<\/p>\n<p><strong>Dia 31\/08<\/strong><br \/>\n16h: Quinteto de Metais do Cerrado<br \/>\n19h30: Coral Infantil da UFRJ<\/p>\n<p><strong>Dia 01\/09<\/strong><br \/>\n16h: Pianista Rafael Ruiz<\/p>\n<p><strong>Dia 02\/09<\/strong><br \/>\n19h30: Orquestra de Sopros da UFRJ<\/p>\n<p><strong>Inscri\u00e7\u00f5es abertas<\/strong><br \/>\nAs inscri\u00e7\u00f5es est\u00e3o abertas no site\u00a0<a href=\"https:\/\/u5451556.ct.sendgrid.net\/ls\/click?upn=hJUM17MfKUXCJUNKcLOuHvBc0yZAHH0nHwnl1MsdfXe-2B1VGpG147mIQYH8jB7509-C0D_Gul7eyoUOlTY9VMpM-2FVGMEL40eBdwiASnVvZ-2Fhh4w429clzMAJ8PO3kSnxgdbDjgQHzG97ckYg-2BfGy6NQi05m7q6uZuWGKrTL3RL8viuEeBA0CDE-2BFj-2Ft6i7MVujEo3izp6qdfR-2BQhXFaM-2FRYqpXBgdojn1KlRQ4mvcwABoI68S1aQlEb6-2BAjLT9U4k2DlHFppDBRPiUfIflAq9cdk-2Ffom9a0SIyZTkeYFSCko7g3Rdagxbs0UR3VkNWVTOvCZn7a64azCvUFiozzw-2BNrfo3DZiciD4wS8BWXtIjKnEXWXvVu3OQNPn0us96OIzx-2F7Eb\" target=\"_blank\" rel=\"noopener noreferrer\"><span style=\"color: #0000ff;\">festivaldoconhecimento<\/span>.<span style=\"color: #0000ff;\">ufrj.br<\/span><\/a>. Quem se inscrever receber\u00e1 a programa\u00e7\u00e3o completa do evento e um certificado de participa\u00e7\u00e3o ao final. O evento ter\u00e1 transmiss\u00e3o na \u00edntegra nas p\u00e1ginas oficiais da Pr\u00f3-reitoria de Extens\u00e3o da UFRJ no Facebook e Youtube.<\/p>\n<p><strong>O que \u00e9 a Extens\u00e3o da UFRJ\u00a0<\/strong><br \/>\nA Extens\u00e3o \u00e9 a \u00e1rea da UFRJ respons\u00e1vel por conectar a universidade \u00e0 sociedade. Com 2 mil projetos de diferentes \u00e1reas, as a\u00e7\u00f5es de extens\u00e3o atingem um p\u00fablico de mais de 2 milh\u00f5es de pessoas por ano, no Rio e em todo o Brasil, com pesquisas, eventos, cursos, oficinas e capacita\u00e7\u00f5es.<\/p>\n<p><strong>SERVI\u00c7O:<\/strong><br \/>\n<em>Festival do Conhecimento UFRJ \u2013 Do Ancestral ao Digital\u00a0<\/em><br \/>\n<strong>Quando?\u00a0<\/strong>De 29 de agosto a 2 de setembro<br \/>\n<strong>Onde?\u00a0<\/strong><br \/>\nYoutube da Extens\u00e3o:\u00a0<span style=\"color: #0000ff;\"><a style=\"color: #0000ff;\" href=\"https:\/\/u5451556.ct.sendgrid.net\/ls\/click?upn=n4ZeRdHKx7sk6wZ7Fpcen8cx3PqsFCOJND8dnXiCoK0hUVLnOdf9bjpIBCai-2BDUaXDeD_Gul7eyoUOlTY9VMpM-2FVGMEL40eBdwiASnVvZ-2Fhh4w429clzMAJ8PO3kSnxgdbDjgQHzG97ckYg-2BfGy6NQi05m7q6uZuWGKrTL3RL8viuEeBA0CDE-2BFj-2Ft6i7MVujEo3izp6qdfR-2BQhXFaM-2FRYqpXBgV9f1s2C8bGDreptoQno8jyE82gNt-2BV14voJuFqrZbkWJI466NYYJEqlLVG4YXyEIfY7jsaE7uTIgGpuYxY9COGDZYwnewgTej69wdZx1hRMv9ncDUC8ejJbn-2F8I548tg8GUMqddQFIX-2Bvw7rPGiruFbPUbmg3UhP7mvIch7HUc\" target=\"_blank\" rel=\"noopener noreferrer\">youtube.com\/Extens\u00e3oUFRJ<\/a><\/span><br \/>\nYoutube da UFRJ:\u00a0<span style=\"color: #0000ff;\"><a style=\"color: #0000ff;\" href=\"https:\/\/u5451556.ct.sendgrid.net\/ls\/click?upn=GWE9AqBsAAb0IN6KR36Lvj-2FIDZNAPwun-2Fr6RY-2BLU9VxwJ4wBv8KFgRv8SczCexV6JCJb_Gul7eyoUOlTY9VMpM-2FVGMEL40eBdwiASnVvZ-2Fhh4w429clzMAJ8PO3kSnxgdbDjgQHzG97ckYg-2BfGy6NQi05m7q6uZuWGKrTL3RL8viuEeBA0CDE-2BFj-2Ft6i7MVujEo3izp6qdfR-2BQhXFaM-2FRYqpXBjaMF3PvqAcMce6fIYDaO9h4SEgHdWphHbhO84fkU89L1diN2FKteRb-2BXP7X0t-2FseFA5-2BwpZ47uLmfnWYKaZfy-2FveyHyXRR8tTQbKBzTv-2Bhr2g6-2BZZKgEbIa26eDLlp8QR81euek7-2FZrlVAfdhC-2B9XhDUPBbDRknH-2F6TGlkktYXC\" target=\"_blank\" rel=\"noopener noreferrer\">youtube.com\/user\/WebTVUFRJ<\/a><\/span><br \/>\nFacebook da UFRJ:<span style=\"color: #0000ff;\">\u00a0<a style=\"color: #0000ff;\" href=\"https:\/\/u5451556.ct.sendgrid.net\/ls\/click?upn=GWE9AqBsAAb0IN6KR36LvjOVZbPYglkmx2fh320LdGHjjoezPHr9ljeDNMIVwZMxNRh3_Gul7eyoUOlTY9VMpM-2FVGMEL40eBdwiASnVvZ-2Fhh4w429clzMAJ8PO3kSnxgdbDjgQHzG97ckYg-2BfGy6NQi05m7q6uZuWGKrTL3RL8viuEeBA0CDE-2BFj-2Ft6i7MVujEo3izp6qdfR-2BQhXFaM-2FRYqpXBl7-2BBz6zCSkb-2BxGT-2FMBSMUKCFrMVjvQcjQD2lcxfl4rUizr4BnxX6TItbj3Z-2FlBN34EyDfSkmbjFk33TNgyTVlG9aBm6XJUCXez3-2BI8saKfOsLRhvRMmt730iFqgMzqV34jbTiJ-2BIN-2BDDCqRAaxMU0H-2FHucpyw08D1ROmZtgMXAl\" target=\"_blank\" rel=\"noopener noreferrer\">facebook.com\/pr5ufrj<\/a><\/span><br \/>\nPrograma\u00e7\u00e3o e inscri\u00e7\u00f5es:\u00a0<span style=\"color: #0000ff;\"><a style=\"color: #0000ff;\" href=\"https:\/\/u5451556.ct.sendgrid.net\/ls\/click?upn=hJUM17MfKUXCJUNKcLOuHvBc0yZAHH0nHwnl1MsdfXe-2B1VGpG147mIQYH8jB75092tic_Gul7eyoUOlTY9VMpM-2FVGMEL40eBdwiASnVvZ-2Fhh4w429clzMAJ8PO3kSnxgdbDjgQHzG97ckYg-2BfGy6NQi05m7q6uZuWGKrTL3RL8viuEeBA0CDE-2BFj-2Ft6i7MVujEo3izp6qdfR-2BQhXFaM-2FRYqpXBig8-2BD-2F8ZsWHvnVdujg1rVUkWSJhcq8LKfMX0WH-2BrIWbbAFzvsINXlhyCJkDDF4Ws8BE-2BgkdLtOlKzlIDGanPHs9jLV9QmyqGq5f3rRsc68beP4VR1uv-2FYpljcQbIqm4aMRhEyPD6R83zniGbPmp1saubDDNJOY3mE-2FAG-2FI9JCFy\" target=\"_blank\" rel=\"noopener noreferrer\">festivaldoconhecimento.ufrj.br<\/a><\/span><\/p>\n","protected":false},"excerpt":{"rendered":"<p>De 29 de agosto a 2 de setembro, a Pr\u00f3-Reitoria de Extens\u00e3o da Universidade Federal do Rio de Janeiro (UFRJ) realiza a terceira edi\u00e7\u00e3o do Festival do Conhecimento. Com o tema Do ancestral ao digital, a proposta \u00e9 reunir saberes ancestrais e inova\u00e7\u00f5es do universo digital para pensar sa\u00eddas para os problemas da sociedade atual. [&hellip;]<\/p>\n","protected":false},"author":1,"featured_media":19934,"comment_status":"open","ping_status":"open","sticky":false,"template":"","format":"standard","meta":{"_uag_custom_page_level_css":"","footnotes":""},"categories":[27],"tags":[24254,24252,8032,24253,12037],"class_list":["post-19933","post","type-post","status-publish","format-standard","has-post-thumbnail","hentry","category-acontece","tag-educacao-cursos-de-pos-graduacao","tag-festival-do-conhecimento-ufrj-do-ancestral-ao-digital","tag-musica","tag-teatro-de-arena-do-campus-da-praia-vermelha","tag-ufrj"],"blocksy_meta":[],"spectra_blocks_featured_image_url":{"thumbnail":{"url":"https:\/\/construcaocivil.siriusmarketingedesign.com.br\/wp-content\/uploads\/2022\/08\/UFRJ-150x150.jpg","width":150,"height":150},"medium":{"url":"https:\/\/construcaocivil.siriusmarketingedesign.com.br\/wp-content\/uploads\/2022\/08\/UFRJ-300x200.jpg","width":300,"height":200},"medium_large":{"url":"https:\/\/construcaocivil.siriusmarketingedesign.com.br\/wp-content\/uploads\/2022\/08\/UFRJ-768x512.jpg","width":768,"height":512},"large":{"url":"https:\/\/construcaocivil.siriusmarketingedesign.com.br\/wp-content\/uploads\/2022\/08\/UFRJ-1024x683.jpg","width":1024,"height":683},"full":{"url":"https:\/\/construcaocivil.siriusmarketingedesign.com.br\/wp-content\/uploads\/2022\/08\/UFRJ.jpg","width":2048,"height":1365}},"spectra_blocks_author_info":{"display_name":"Jornal da Constru\u00e7\u00e3o Civil","avatar_url":"https:\/\/secure.gravatar.com\/avatar\/973c9774fd44ddaceb026973c4962faa70fc512bc4c9da68e8ebb40fecee6540?s=96&d=mm&r=g","author_link":"https:\/\/construcaocivil.siriusmarketingedesign.com.br\/?author=1","description":"Desde de 2013, levando muitas informa\u00e7\u00f5es, lan\u00e7amentos e produtos de qualidade para toda cadeia produtiva da constru\u00e7\u00e3o. O Futuro da constru\u00e7\u00e3o passa por aqui,"},"uagb_featured_image_src":{"full":["https:\/\/construcaocivil.siriusmarketingedesign.com.br\/wp-content\/uploads\/2022\/08\/UFRJ.jpg",2048,1365,false],"thumbnail":["https:\/\/construcaocivil.siriusmarketingedesign.com.br\/wp-content\/uploads\/2022\/08\/UFRJ-150x150.jpg",150,150,true],"medium":["https:\/\/construcaocivil.siriusmarketingedesign.com.br\/wp-content\/uploads\/2022\/08\/UFRJ-300x200.jpg",300,200,true],"medium_large":["https:\/\/construcaocivil.siriusmarketingedesign.com.br\/wp-content\/uploads\/2022\/08\/UFRJ-768x512.jpg",768,512,true],"large":["https:\/\/construcaocivil.siriusmarketingedesign.com.br\/wp-content\/uploads\/2022\/08\/UFRJ-1024x683.jpg",1024,683,true],"1536x1536":["https:\/\/construcaocivil.siriusmarketingedesign.com.br\/wp-content\/uploads\/2022\/08\/UFRJ-1536x1024.jpg",1536,1024,true],"2048x2048":["https:\/\/construcaocivil.siriusmarketingedesign.com.br\/wp-content\/uploads\/2022\/08\/UFRJ.jpg",2048,1365,false]},"uagb_author_info":{"display_name":"Jornal da Constru\u00e7\u00e3o Civil","author_link":"https:\/\/construcaocivil.siriusmarketingedesign.com.br\/?author=1"},"uagb_comment_info":0,"uagb_excerpt":"De 29 de agosto a 2 de setembro, a Pr\u00f3-Reitoria de Extens\u00e3o da Universidade Federal do Rio de Janeiro (UFRJ) realiza a terceira edi\u00e7\u00e3o do Festival do Conhecimento. Com o tema Do ancestral ao digital, a proposta \u00e9 reunir saberes ancestrais e inova\u00e7\u00f5es do universo digital para pensar sa\u00eddas para os problemas da sociedade atual.&hellip;","_links":{"self":[{"href":"https:\/\/construcaocivil.siriusmarketingedesign.com.br\/index.php?rest_route=\/wp\/v2\/posts\/19933","targetHints":{"allow":["GET"]}}],"collection":[{"href":"https:\/\/construcaocivil.siriusmarketingedesign.com.br\/index.php?rest_route=\/wp\/v2\/posts"}],"about":[{"href":"https:\/\/construcaocivil.siriusmarketingedesign.com.br\/index.php?rest_route=\/wp\/v2\/types\/post"}],"author":[{"embeddable":true,"href":"https:\/\/construcaocivil.siriusmarketingedesign.com.br\/index.php?rest_route=\/wp\/v2\/users\/1"}],"replies":[{"embeddable":true,"href":"https:\/\/construcaocivil.siriusmarketingedesign.com.br\/index.php?rest_route=%2Fwp%2Fv2%2Fcomments&post=19933"}],"version-history":[{"count":0,"href":"https:\/\/construcaocivil.siriusmarketingedesign.com.br\/index.php?rest_route=\/wp\/v2\/posts\/19933\/revisions"}],"wp:featuredmedia":[{"embeddable":true,"href":"https:\/\/construcaocivil.siriusmarketingedesign.com.br\/index.php?rest_route=\/wp\/v2\/media\/19934"}],"wp:attachment":[{"href":"https:\/\/construcaocivil.siriusmarketingedesign.com.br\/index.php?rest_route=%2Fwp%2Fv2%2Fmedia&parent=19933"}],"wp:term":[{"taxonomy":"category","embeddable":true,"href":"https:\/\/construcaocivil.siriusmarketingedesign.com.br\/index.php?rest_route=%2Fwp%2Fv2%2Fcategories&post=19933"},{"taxonomy":"post_tag","embeddable":true,"href":"https:\/\/construcaocivil.siriusmarketingedesign.com.br\/index.php?rest_route=%2Fwp%2Fv2%2Ftags&post=19933"}],"curies":[{"name":"wp","href":"https:\/\/api.w.org\/{rel}","templated":true}]}}