{"id":19936,"date":"2022-08-30T09:45:02","date_gmt":"2022-08-30T12:45:02","guid":{"rendered":"https:\/\/www.jornaldaconstrucaocivil.com.br\/?p=19936"},"modified":"2022-08-30T11:17:21","modified_gmt":"2022-08-30T14:17:21","slug":"abrainc-nota-a-imprensa-caged","status":"publish","type":"post","link":"https:\/\/construcaocivil.siriusmarketingedesign.com.br\/?p=19936","title":{"rendered":"ABRAINC: Nota \u00e0 imprensa &#8211; Caged"},"content":{"rendered":"<p style=\"text-align: justify;\">Os dados do\u00a0Cadastro Geral de Empregados e Desempregados (Caged) divulgados nesta segunda-feira, 29\/8, pelo Minist\u00e9rio do Trabalho e Previd\u00eancia, mostram que o setor da constru\u00e7\u00e3o civil \u00e9 fundamental na gera\u00e7\u00e3o de empregos.<\/p>\n<p style=\"text-align: justify;\">Segundo o levantamento, a constru\u00e7\u00e3o civil criou 32.082 vagas com carteira assinada em julho, o equivalente a 15% do saldo do pa\u00eds. No acumulado do ano, o setor apontou o melhor desempenho ao registrar crescimento de 9,38% (ou 216.585 novos postos) no estoque de empregos formais.<\/p>\n<p style=\"text-align: justify;\">&#8220;A constru\u00e7\u00e3o civil tem a particularidade de ser um setor que puxa fortemente o PIB brasileiro para cima e emprega muito. Quando aumentamos os investimentos na \u00e1rea e alavancamos as contrata\u00e7\u00f5es, o setor contribui com a redu\u00e7\u00e3o do desemprego, gera\u00e7\u00e3o de renda e o crescimento da economia como um todo&#8221;, afirma o presidente da ABRAINC, Luiz Fran\u00e7a.<\/p>\n","protected":false},"excerpt":{"rendered":"<p>Os dados do\u00a0Cadastro Geral de Empregados e Desempregados (Caged) divulgados nesta segunda-feira, 29\/8, pelo Minist\u00e9rio do Trabalho e Previd\u00eancia, mostram que o setor da constru\u00e7\u00e3o civil \u00e9 fundamental na gera\u00e7\u00e3o de empregos. Segundo o levantamento, a constru\u00e7\u00e3o civil criou 32.082 vagas com carteira assinada em julho, o equivalente a 15% do saldo do pa\u00eds. No [&hellip;]<\/p>\n","protected":false},"author":1,"featured_media":19939,"comment_status":"open","ping_status":"open","sticky":false,"template":"","format":"standard","meta":{"_uag_custom_page_level_css":"","footnotes":""},"categories":[33],"tags":[19531,1672,24255,15114,7563],"class_list":["post-19936","post","type-post","status-publish","format-standard","has-post-thumbnail","hentry","category-mercado","tag-abrainc","tag-caged","tag-edificacoes-e-empreendimentos-residencias","tag-empregos-na-construcao","tag-mercado-imobiliario"],"blocksy_meta":[],"spectra_blocks_featured_image_url":{"thumbnail":{"url":"https:\/\/construcaocivil.siriusmarketingedesign.com.br\/wp-content\/uploads\/2022\/08\/IMG_20211218_135148_HDR-150x150.jpg","width":150,"height":150},"medium":{"url":"https:\/\/construcaocivil.siriusmarketingedesign.com.br\/wp-content\/uploads\/2022\/08\/IMG_20211218_135148_HDR-300x225.jpg","width":300,"height":225},"medium_large":{"url":"https:\/\/construcaocivil.siriusmarketingedesign.com.br\/wp-content\/uploads\/2022\/08\/IMG_20211218_135148_HDR-768x576.jpg","width":768,"height":576},"large":{"url":"https:\/\/construcaocivil.siriusmarketingedesign.com.br\/wp-content\/uploads\/2022\/08\/IMG_20211218_135148_HDR-1024x768.jpg","width":1024,"height":768},"full":{"url":"https:\/\/construcaocivil.siriusmarketingedesign.com.br\/wp-content\/uploads\/2022\/08\/IMG_20211218_135148_HDR-scaled.jpg","width":2560,"height":1920}},"spectra_blocks_author_info":{"display_name":"Jornal da Constru\u00e7\u00e3o Civil","avatar_url":"https:\/\/secure.gravatar.com\/avatar\/973c9774fd44ddaceb026973c4962faa70fc512bc4c9da68e8ebb40fecee6540?s=96&d=mm&r=g","author_link":"https:\/\/construcaocivil.siriusmarketingedesign.com.br\/?author=1","description":"Desde de 2013, levando muitas informa\u00e7\u00f5es, lan\u00e7amentos e produtos de qualidade para toda cadeia produtiva da constru\u00e7\u00e3o. O Futuro da constru\u00e7\u00e3o passa por aqui,"},"uagb_featured_image_src":{"full":["https:\/\/construcaocivil.siriusmarketingedesign.com.br\/wp-content\/uploads\/2022\/08\/IMG_20211218_135148_HDR-scaled.jpg",2560,1920,false],"thumbnail":["https:\/\/construcaocivil.siriusmarketingedesign.com.br\/wp-content\/uploads\/2022\/08\/IMG_20211218_135148_HDR-150x150.jpg",150,150,true],"medium":["https:\/\/construcaocivil.siriusmarketingedesign.com.br\/wp-content\/uploads\/2022\/08\/IMG_20211218_135148_HDR-300x225.jpg",300,225,true],"medium_large":["https:\/\/construcaocivil.siriusmarketingedesign.com.br\/wp-content\/uploads\/2022\/08\/IMG_20211218_135148_HDR-768x576.jpg",768,576,true],"large":["https:\/\/construcaocivil.siriusmarketingedesign.com.br\/wp-content\/uploads\/2022\/08\/IMG_20211218_135148_HDR-1024x768.jpg",1024,768,true],"1536x1536":["https:\/\/construcaocivil.siriusmarketingedesign.com.br\/wp-content\/uploads\/2022\/08\/IMG_20211218_135148_HDR-1536x1152.jpg",1536,1152,true],"2048x2048":["https:\/\/construcaocivil.siriusmarketingedesign.com.br\/wp-content\/uploads\/2022\/08\/IMG_20211218_135148_HDR-2048x1536.jpg",2048,1536,true]},"uagb_author_info":{"display_name":"Jornal da Constru\u00e7\u00e3o Civil","author_link":"https:\/\/construcaocivil.siriusmarketingedesign.com.br\/?author=1"},"uagb_comment_info":0,"uagb_excerpt":"Os dados do\u00a0Cadastro Geral de Empregados e Desempregados (Caged) divulgados nesta segunda-feira, 29\/8, pelo Minist\u00e9rio do Trabalho e Previd\u00eancia, mostram que o setor da constru\u00e7\u00e3o civil \u00e9 fundamental na gera\u00e7\u00e3o de empregos. Segundo o levantamento, a constru\u00e7\u00e3o civil criou 32.082 vagas com carteira assinada em julho, o equivalente a 15% do saldo do pa\u00eds. No&hellip;","_links":{"self":[{"href":"https:\/\/construcaocivil.siriusmarketingedesign.com.br\/index.php?rest_route=\/wp\/v2\/posts\/19936","targetHints":{"allow":["GET"]}}],"collection":[{"href":"https:\/\/construcaocivil.siriusmarketingedesign.com.br\/index.php?rest_route=\/wp\/v2\/posts"}],"about":[{"href":"https:\/\/construcaocivil.siriusmarketingedesign.com.br\/index.php?rest_route=\/wp\/v2\/types\/post"}],"author":[{"embeddable":true,"href":"https:\/\/construcaocivil.siriusmarketingedesign.com.br\/index.php?rest_route=\/wp\/v2\/users\/1"}],"replies":[{"embeddable":true,"href":"https:\/\/construcaocivil.siriusmarketingedesign.com.br\/index.php?rest_route=%2Fwp%2Fv2%2Fcomments&post=19936"}],"version-history":[{"count":0,"href":"https:\/\/construcaocivil.siriusmarketingedesign.com.br\/index.php?rest_route=\/wp\/v2\/posts\/19936\/revisions"}],"wp:featuredmedia":[{"embeddable":true,"href":"https:\/\/construcaocivil.siriusmarketingedesign.com.br\/index.php?rest_route=\/wp\/v2\/media\/19939"}],"wp:attachment":[{"href":"https:\/\/construcaocivil.siriusmarketingedesign.com.br\/index.php?rest_route=%2Fwp%2Fv2%2Fmedia&parent=19936"}],"wp:term":[{"taxonomy":"category","embeddable":true,"href":"https:\/\/construcaocivil.siriusmarketingedesign.com.br\/index.php?rest_route=%2Fwp%2Fv2%2Fcategories&post=19936"},{"taxonomy":"post_tag","embeddable":true,"href":"https:\/\/construcaocivil.siriusmarketingedesign.com.br\/index.php?rest_route=%2Fwp%2Fv2%2Ftags&post=19936"}],"curies":[{"name":"wp","href":"https:\/\/api.w.org\/{rel}","templated":true}]}}