{"id":19979,"date":"2022-09-05T17:03:00","date_gmt":"2022-09-05T20:03:00","guid":{"rendered":"https:\/\/www.jornaldaconstrucaocivil.com.br\/?p=19979"},"modified":"2022-09-05T17:03:00","modified_gmt":"2022-09-05T20:03:00","slug":"programa-de-trainee-2023-da-vli-e-aberto-nesta-segunda-feira-5","status":"publish","type":"post","link":"https:\/\/construcaocivil.siriusmarketingedesign.com.br\/?p=19979","title":{"rendered":"Programa de Trainee 2023 da VLI \u00e9 aberto nesta segunda-feira (5)"},"content":{"rendered":"<p class=\"v1MsoNormal\" style=\"text-align: justify;\">Nesta segunda-feira (5), a VLI \u2013 companhia de solu\u00e7\u00f5es log\u00edsticas que opera terminais, ferrovias e portos \u2013 abre as inscri\u00e7\u00f5es para seu Programa de Trainee 2023. Os interessados de todo o pa\u00eds t\u00eam at\u00e9 \u00e0s 12h do dia 6 de outubro para se inscreverem pelo site<span style=\"color: #0000ff;\">\u00a0<a style=\"color: #0000ff;\" href=\"http:\/\/www.vli-logistica.com.br\/trainee-2023\" target=\"_blank\" rel=\"noopener noreferrer\">www.vli-logistica.com.br\/trainee-2023<\/a>.<\/span> As vagas ser\u00e3o distribu\u00eddas pelos estados de Minas Gerais, S\u00e3o Paulo, Rio de Janeiro, Esp\u00edrito Santo, Goi\u00e1s, Bahia, Maranh\u00e3o, Tocantins, Sergipe e Cear\u00e1, al\u00e9m do Distrito Federal. Vale ressaltar que os selecionados ser\u00e3o contratados no regime celetista e ter\u00e3o um plano de desenvolvimento focado em potencializar as suas habilidades t\u00e9cnicas e comportamentais.<\/p>\n<p class=\"v1MsoNormal\" style=\"text-align: justify;\">O processo seletivo ser\u00e1 totalmente digital e podem se candidatar pessoas de todos os cursos de bacharelado ou licenciatura; graduados entre dezembro de 2020 ou com formatura prevista para at\u00e9 dezembro de 2022; conhecimento intermedi\u00e1rio em ingl\u00eas; disponibilidade para mudan\u00e7as e jornada di\u00e1ria de oito horas.<\/p>\n<p class=\"v1MsoNormal\" style=\"text-align: justify;\">Os novos trainees ter\u00e3o como benef\u00edcios: cart\u00e3o-refei\u00e7\u00e3o e vale-alimenta\u00e7\u00e3o; vale-transporte e\/ou \u00f4nibus fretado (dependendo da localiza\u00e7\u00e3o em que ir\u00e1 trabalhar); assist\u00eancia m\u00e9dica e odontol\u00f3gica; Gympass (plataforma de academias, com foco em sua sa\u00fade e bem-estar); seguro de vida; previd\u00eancia complementar; um excelente plano de desenvolvimento profissional que conta com forma\u00e7\u00e3o t\u00e9cnica e aprofundamento no neg\u00f3cio da companhia (por meio da Universidade Corporativa); cesta de Natal; modelo h\u00edbrido de trabalho (home office em alguns dias da semana); assist\u00eancia jur\u00eddica, financeira, psicol\u00f3gica e social (Programa Apoiar); al\u00e9m de uma rede de descontos em v\u00e1rias lojas, restaurantes, sal\u00f5es e outros.<\/p>\n<p class=\"v1MsoNormal\" style=\"text-align: justify;\">A dura\u00e7\u00e3o do programa \u00e9 de 12 meses e o trainee passar\u00e1 por uma imers\u00e3o pela cultura da empresa, bem como vivenciar\u00e1 um processo de integra\u00e7\u00e3o diferenciado e abrangente. Todos ter\u00e3o uma trilha de aprendizagem repleta de informa\u00e7\u00f5es e conhecimentos. A supervisora de Atra\u00e7\u00e3o e Sele\u00e7\u00e3o da VLI, Tatiana Crepalde, ressalta que a companhia busca pessoas que desejam transformar a log\u00edstica do Brasil e vivenciar uma rotina de desenvolvimento constante. Segundo ela, a cada etapa do processo seletivo os candidatos aprendem, recebem dicas e se aprimoram.<\/p>\n<p class=\"v1MsoNormal\" style=\"text-align: justify;\">\u201cN\u00e3o tem limite de idade. Buscamos aqueles candidatos que t\u00eam paix\u00e3o pela nossa \u00e1rea de opera\u00e7\u00e3o, pensamento \u00e1gil e inova\u00e7\u00e3o. Um outro diferencial dessa sele\u00e7\u00e3o \u00e9 o Programa Mochil\u00e3o, que levar\u00e1 os trainees para conhecerem as atividades multimodais que acontecem nos portos, ferrovias e terminais da empresa\u201d, conclui Tatiana.<\/p>\n","protected":false},"excerpt":{"rendered":"<p>Nesta segunda-feira (5), a VLI \u2013 companhia de solu\u00e7\u00f5es log\u00edsticas que opera terminais, ferrovias e portos \u2013 abre as inscri\u00e7\u00f5es para seu Programa de Trainee 2023. Os interessados de todo o pa\u00eds t\u00eam at\u00e9 \u00e0s 12h do dia 6 de outubro para se inscreverem pelo site\u00a0www.vli-logistica.com.br\/trainee-2023. As vagas ser\u00e3o distribu\u00eddas pelos estados de Minas Gerais, [&hellip;]<\/p>\n","protected":false},"author":1,"featured_media":19980,"comment_status":"open","ping_status":"open","sticky":false,"template":"","format":"standard","meta":{"_uag_custom_page_level_css":"","footnotes":""},"categories":[27],"tags":[24275,4984,7237,24274,10375,10679,11892],"class_list":["post-19979","post","type-post","status-publish","format-standard","has-post-thumbnail","hentry","category-acontece","tag-diversos-cargos-engenheiros","tag-ferrovias","tag-maranhao","tag-programa-de-trainee-2023-vli","tag-rio-de-janeiro","tag-sao-paulo-sp","tag-transporte-ferroviario"],"blocksy_meta":[],"spectra_blocks_featured_image_url":{"thumbnail":{"url":"https:\/\/construcaocivil.siriusmarketingedesign.com.br\/wp-content\/uploads\/2022\/09\/Trainee_Credito_Gustavo-Andrade_VLI-150x150.jpg","width":150,"height":150},"medium":{"url":"https:\/\/construcaocivil.siriusmarketingedesign.com.br\/wp-content\/uploads\/2022\/09\/Trainee_Credito_Gustavo-Andrade_VLI-300x200.jpg","width":300,"height":200},"medium_large":{"url":"https:\/\/construcaocivil.siriusmarketingedesign.com.br\/wp-content\/uploads\/2022\/09\/Trainee_Credito_Gustavo-Andrade_VLI-768x511.jpg","width":768,"height":511},"large":{"url":"https:\/\/construcaocivil.siriusmarketingedesign.com.br\/wp-content\/uploads\/2022\/09\/Trainee_Credito_Gustavo-Andrade_VLI-1024x681.jpg","width":1024,"height":681},"full":{"url":"https:\/\/construcaocivil.siriusmarketingedesign.com.br\/wp-content\/uploads\/2022\/09\/Trainee_Credito_Gustavo-Andrade_VLI.jpg","width":1512,"height":1006}},"spectra_blocks_author_info":{"display_name":"Jornal da Constru\u00e7\u00e3o Civil","avatar_url":"https:\/\/secure.gravatar.com\/avatar\/973c9774fd44ddaceb026973c4962faa70fc512bc4c9da68e8ebb40fecee6540?s=96&d=mm&r=g","author_link":"https:\/\/construcaocivil.siriusmarketingedesign.com.br\/?author=1","description":"Desde de 2013, levando muitas informa\u00e7\u00f5es, lan\u00e7amentos e produtos de qualidade para toda cadeia produtiva da constru\u00e7\u00e3o. O Futuro da constru\u00e7\u00e3o passa por aqui,"},"uagb_featured_image_src":{"full":["https:\/\/construcaocivil.siriusmarketingedesign.com.br\/wp-content\/uploads\/2022\/09\/Trainee_Credito_Gustavo-Andrade_VLI.jpg",1512,1006,false],"thumbnail":["https:\/\/construcaocivil.siriusmarketingedesign.com.br\/wp-content\/uploads\/2022\/09\/Trainee_Credito_Gustavo-Andrade_VLI-150x150.jpg",150,150,true],"medium":["https:\/\/construcaocivil.siriusmarketingedesign.com.br\/wp-content\/uploads\/2022\/09\/Trainee_Credito_Gustavo-Andrade_VLI-300x200.jpg",300,200,true],"medium_large":["https:\/\/construcaocivil.siriusmarketingedesign.com.br\/wp-content\/uploads\/2022\/09\/Trainee_Credito_Gustavo-Andrade_VLI-768x511.jpg",768,511,true],"large":["https:\/\/construcaocivil.siriusmarketingedesign.com.br\/wp-content\/uploads\/2022\/09\/Trainee_Credito_Gustavo-Andrade_VLI-1024x681.jpg",1024,681,true],"1536x1536":["https:\/\/construcaocivil.siriusmarketingedesign.com.br\/wp-content\/uploads\/2022\/09\/Trainee_Credito_Gustavo-Andrade_VLI.jpg",1512,1006,false],"2048x2048":["https:\/\/construcaocivil.siriusmarketingedesign.com.br\/wp-content\/uploads\/2022\/09\/Trainee_Credito_Gustavo-Andrade_VLI.jpg",1512,1006,false]},"uagb_author_info":{"display_name":"Jornal da Constru\u00e7\u00e3o Civil","author_link":"https:\/\/construcaocivil.siriusmarketingedesign.com.br\/?author=1"},"uagb_comment_info":0,"uagb_excerpt":"Nesta segunda-feira (5), a VLI \u2013 companhia de solu\u00e7\u00f5es log\u00edsticas que opera terminais, ferrovias e portos \u2013 abre as inscri\u00e7\u00f5es para seu Programa de Trainee 2023. Os interessados de todo o pa\u00eds t\u00eam at\u00e9 \u00e0s 12h do dia 6 de outubro para se inscreverem pelo site\u00a0www.vli-logistica.com.br\/trainee-2023. As vagas ser\u00e3o distribu\u00eddas pelos estados de Minas Gerais,&hellip;","_links":{"self":[{"href":"https:\/\/construcaocivil.siriusmarketingedesign.com.br\/index.php?rest_route=\/wp\/v2\/posts\/19979","targetHints":{"allow":["GET"]}}],"collection":[{"href":"https:\/\/construcaocivil.siriusmarketingedesign.com.br\/index.php?rest_route=\/wp\/v2\/posts"}],"about":[{"href":"https:\/\/construcaocivil.siriusmarketingedesign.com.br\/index.php?rest_route=\/wp\/v2\/types\/post"}],"author":[{"embeddable":true,"href":"https:\/\/construcaocivil.siriusmarketingedesign.com.br\/index.php?rest_route=\/wp\/v2\/users\/1"}],"replies":[{"embeddable":true,"href":"https:\/\/construcaocivil.siriusmarketingedesign.com.br\/index.php?rest_route=%2Fwp%2Fv2%2Fcomments&post=19979"}],"version-history":[{"count":0,"href":"https:\/\/construcaocivil.siriusmarketingedesign.com.br\/index.php?rest_route=\/wp\/v2\/posts\/19979\/revisions"}],"wp:featuredmedia":[{"embeddable":true,"href":"https:\/\/construcaocivil.siriusmarketingedesign.com.br\/index.php?rest_route=\/wp\/v2\/media\/19980"}],"wp:attachment":[{"href":"https:\/\/construcaocivil.siriusmarketingedesign.com.br\/index.php?rest_route=%2Fwp%2Fv2%2Fmedia&parent=19979"}],"wp:term":[{"taxonomy":"category","embeddable":true,"href":"https:\/\/construcaocivil.siriusmarketingedesign.com.br\/index.php?rest_route=%2Fwp%2Fv2%2Fcategories&post=19979"},{"taxonomy":"post_tag","embeddable":true,"href":"https:\/\/construcaocivil.siriusmarketingedesign.com.br\/index.php?rest_route=%2Fwp%2Fv2%2Ftags&post=19979"}],"curies":[{"name":"wp","href":"https:\/\/api.w.org\/{rel}","templated":true}]}}