{"id":20010,"date":"2022-09-08T16:09:20","date_gmt":"2022-09-08T19:09:20","guid":{"rendered":"https:\/\/www.jornaldaconstrucaocivil.com.br\/?p=20010"},"modified":"2022-09-08T17:53:36","modified_gmt":"2022-09-08T20:53:36","slug":"mercado-aquecido-em-sua-volta-presencial-fenasan-2022-tem-100-do-espaco-ocupado-como-foco-de-negocios-e-inovacao-no-saneamento","status":"publish","type":"post","link":"https:\/\/construcaocivil.siriusmarketingedesign.com.br\/?p=20010","title":{"rendered":"Mercado aquecido: em sua volta presencial, Fenasan 2022 tem 100% do espa\u00e7o ocupado, como foco de neg\u00f3cios e inova\u00e7\u00e3o no saneamento"},"content":{"rendered":"<p style=\"text-align: justify;\">A Feira Nacional de Saneamento e Meio Ambiente &#8211; Fenasan 2022, realizada pela Associa\u00e7\u00e3o dos Engenheiros da Sabesp \u2013 AESabesp, volta ao formato presencial com 100% do seu espa\u00e7o ocupado. A exposi\u00e7\u00e3o ocorre juntamente com o 33\u00ba Encontro T\u00e9cnico AESabesp \u2013 Congresso Nacional de Saneamento e Meio Ambiente na pr\u00f3xima semana, de 13 a 15 de setembro, no Pavilh\u00e3o Branco, do Expo Center Norte, na capital paulista, e juntos formam o maior evento de saneamento e meio ambiente da Am\u00e9rica Latina.<\/p>\n<p style=\"text-align: justify;\">Alinhado aos Objetivos de Desenvolvimento Sustent\u00e1vel da Organiza\u00e7\u00e3o das Na\u00e7\u00f5es Unidas (ONU) e considerando este momento de transi\u00e7\u00e3o para o mundo p\u00f3s-pandemia, o tema desta edi\u00e7\u00e3o \u201cSaneamento: prioridade para a vida\u201d atende \u00e0s premissas que consideram o saneamento b\u00e1sico importante para a vida, uma vez que contribui com a sa\u00fade, a educa\u00e7\u00e3o, o meio ambiente e a economia. Al\u00e9m disso, cumpre com a miss\u00e3o da AESabesp de ajudar os players do setor do saneamento a alcan\u00e7ar os objetivos propostos no Novo Marco Legal do Saneamento, dando espa\u00e7o em sua programa\u00e7\u00e3o para fomento de neg\u00f3cios, networking e trocas de experi\u00eancias que agregam melhorias e inova\u00e7\u00f5es em prol de toda a sociedade.<\/p>\n<p style=\"text-align: justify;\">Desde 2010, a Fenasan vem adquirindo proje\u00e7\u00e3o internacional e conta com a ades\u00e3o e o apoio cada vez mais significativo de diversas entidades e organiza\u00e7\u00f5es de todo o mundo. Al\u00e9m de empresas e profissionais de todos os estados brasileiros, a participa\u00e7\u00e3o e a visita\u00e7\u00e3o de outros pa\u00edses, como Alemanha, Argentina, Chile, China, Estados Unidos, Holanda, \u00cdndia, Israel, It\u00e1lia, M\u00e9xico e Portugal, tem sido uma constante, com o aumento de demanda a cada edi\u00e7\u00e3o.<\/p>\n<p style=\"text-align: justify;\">Com a chegada inesperada da pandemia de Covid-19, que j\u00e1 atravessa mais de dois anos, muitas empresas tiveram que se transformar para atender \u00e0s demandas deste per\u00edodo desafiador. Os prestadores de servi\u00e7os, fabricantes e consultorias do setor de saneamento que confirmaram presen\u00e7a na Fenasan 2022 s\u00e3o a mostra de que buscaram investir no seu aprimoramento t\u00e9cnico e comercial e apostam na feira como uma grande vitrine para expor seus produtos e solu\u00e7\u00f5es na \u00e1rea de saneamento.<\/p>\n<p style=\"text-align: justify;\">Prova disso \u00e9 que esta edi\u00e7\u00e3o conta com cerca de 230 expositores, sendo 68 novas empresas entre nacionais e internacionais (ocupando 100% por cento do espa\u00e7o). A \u00e1rea internacional, por exemplo, ganha destaque nesta edi\u00e7\u00e3o com sua volta mais fortalecida pela participa\u00e7\u00e3o de empresas oriundas de pa\u00edses, como Reino Unido, Cor\u00e9ia do Sul, Espanha, Estados Unidos, \u00cdndia, Emirados \u00c1rabes Unidos, Alemanha e Canad\u00e1.<\/p>\n<p style=\"text-align: justify;\">A visita\u00e7\u00e3o \u00e9 gratuita e aberta aos profissionais do setor de saneamento e meio ambiente, juntamente com a programa\u00e7\u00e3o do congresso. A expectativa \u00e9 de reunir mais de 22 mil pessoas durante os tr\u00eas dias de evento.<\/p>\n<p style=\"text-align: justify;\">Para fazer o credenciamento, basta acessar o link<span style=\"color: #0000ff;\">:\u00a0<a style=\"color: #0000ff;\" href=\"https:\/\/click.cse360.com.br\/Click\/AddCampaignEmailClick\/92edf7e5-72ef-449c-2849-08da8453675e\/https%253a%252f%252ffenasan.com.br%252f\/e5a1d2fa-94bb-4a21-b332-08d7c5ff26d1\/redacao@jornaldaconstrucaocivil.com.br\/True\" target=\"_blank\" rel=\"noopener noreferrer\"><strong>https:\/\/fenasan.com.br\/<\/strong><\/a><\/span><\/p>\n","protected":false},"excerpt":{"rendered":"<p>A Feira Nacional de Saneamento e Meio Ambiente &#8211; Fenasan 2022, realizada pela Associa\u00e7\u00e3o dos Engenheiros da Sabesp \u2013 AESabesp, volta ao formato presencial com 100% do seu espa\u00e7o ocupado. A exposi\u00e7\u00e3o ocorre juntamente com o 33\u00ba Encontro T\u00e9cnico AESabesp \u2013 Congresso Nacional de Saneamento e Meio Ambiente na pr\u00f3xima semana, de 13 a 15 [&hellip;]<\/p>\n","protected":false},"author":1,"featured_media":20011,"comment_status":"open","ping_status":"open","sticky":false,"template":"","format":"standard","meta":{"_uag_custom_page_level_css":"","footnotes":""},"categories":[33],"tags":[24287,24286,8489,10593,10699],"class_list":["post-20010","post","type-post","status-publish","format-standard","has-post-thumbnail","hentry","category-mercado","tag-100-milhoes-de-brasileiros-sem-saneamento","tag-fenasam-2022","tag-oportunidades-e-empregos","tag-saneamento","tag-saude-e-bem-estar"],"blocksy_meta":[],"spectra_blocks_featured_image_url":{"thumbnail":{"url":"https:\/\/construcaocivil.siriusmarketingedesign.com.br\/wp-content\/uploads\/2022\/09\/FENASAM-150x150.jpg","width":150,"height":150},"medium":{"url":"https:\/\/construcaocivil.siriusmarketingedesign.com.br\/wp-content\/uploads\/2022\/09\/FENASAM-300x200.jpg","width":300,"height":200},"medium_large":{"url":"https:\/\/construcaocivil.siriusmarketingedesign.com.br\/wp-content\/uploads\/2022\/09\/FENASAM-768x513.jpg","width":768,"height":513},"large":{"url":"https:\/\/construcaocivil.siriusmarketingedesign.com.br\/wp-content\/uploads\/2022\/09\/FENASAM.jpg","width":1024,"height":684},"full":{"url":"https:\/\/construcaocivil.siriusmarketingedesign.com.br\/wp-content\/uploads\/2022\/09\/FENASAM.jpg","width":1024,"height":684}},"spectra_blocks_author_info":{"display_name":"Jornal da Constru\u00e7\u00e3o Civil","avatar_url":"https:\/\/secure.gravatar.com\/avatar\/973c9774fd44ddaceb026973c4962faa70fc512bc4c9da68e8ebb40fecee6540?s=96&d=mm&r=g","author_link":"https:\/\/construcaocivil.siriusmarketingedesign.com.br\/?author=1","description":"Desde de 2013, levando muitas informa\u00e7\u00f5es, lan\u00e7amentos e produtos de qualidade para toda cadeia produtiva da constru\u00e7\u00e3o. O Futuro da constru\u00e7\u00e3o passa por aqui,"},"uagb_featured_image_src":{"full":["https:\/\/construcaocivil.siriusmarketingedesign.com.br\/wp-content\/uploads\/2022\/09\/FENASAM.jpg",1024,684,false],"thumbnail":["https:\/\/construcaocivil.siriusmarketingedesign.com.br\/wp-content\/uploads\/2022\/09\/FENASAM-150x150.jpg",150,150,true],"medium":["https:\/\/construcaocivil.siriusmarketingedesign.com.br\/wp-content\/uploads\/2022\/09\/FENASAM-300x200.jpg",300,200,true],"medium_large":["https:\/\/construcaocivil.siriusmarketingedesign.com.br\/wp-content\/uploads\/2022\/09\/FENASAM-768x513.jpg",768,513,true],"large":["https:\/\/construcaocivil.siriusmarketingedesign.com.br\/wp-content\/uploads\/2022\/09\/FENASAM.jpg",1024,684,false],"1536x1536":["https:\/\/construcaocivil.siriusmarketingedesign.com.br\/wp-content\/uploads\/2022\/09\/FENASAM.jpg",1024,684,false],"2048x2048":["https:\/\/construcaocivil.siriusmarketingedesign.com.br\/wp-content\/uploads\/2022\/09\/FENASAM.jpg",1024,684,false]},"uagb_author_info":{"display_name":"Jornal da Constru\u00e7\u00e3o Civil","author_link":"https:\/\/construcaocivil.siriusmarketingedesign.com.br\/?author=1"},"uagb_comment_info":0,"uagb_excerpt":"A Feira Nacional de Saneamento e Meio Ambiente &#8211; Fenasan 2022, realizada pela Associa\u00e7\u00e3o dos Engenheiros da Sabesp \u2013 AESabesp, volta ao formato presencial com 100% do seu espa\u00e7o ocupado. A exposi\u00e7\u00e3o ocorre juntamente com o 33\u00ba Encontro T\u00e9cnico AESabesp \u2013 Congresso Nacional de Saneamento e Meio Ambiente na pr\u00f3xima semana, de 13 a 15&hellip;","_links":{"self":[{"href":"https:\/\/construcaocivil.siriusmarketingedesign.com.br\/index.php?rest_route=\/wp\/v2\/posts\/20010","targetHints":{"allow":["GET"]}}],"collection":[{"href":"https:\/\/construcaocivil.siriusmarketingedesign.com.br\/index.php?rest_route=\/wp\/v2\/posts"}],"about":[{"href":"https:\/\/construcaocivil.siriusmarketingedesign.com.br\/index.php?rest_route=\/wp\/v2\/types\/post"}],"author":[{"embeddable":true,"href":"https:\/\/construcaocivil.siriusmarketingedesign.com.br\/index.php?rest_route=\/wp\/v2\/users\/1"}],"replies":[{"embeddable":true,"href":"https:\/\/construcaocivil.siriusmarketingedesign.com.br\/index.php?rest_route=%2Fwp%2Fv2%2Fcomments&post=20010"}],"version-history":[{"count":0,"href":"https:\/\/construcaocivil.siriusmarketingedesign.com.br\/index.php?rest_route=\/wp\/v2\/posts\/20010\/revisions"}],"wp:featuredmedia":[{"embeddable":true,"href":"https:\/\/construcaocivil.siriusmarketingedesign.com.br\/index.php?rest_route=\/wp\/v2\/media\/20011"}],"wp:attachment":[{"href":"https:\/\/construcaocivil.siriusmarketingedesign.com.br\/index.php?rest_route=%2Fwp%2Fv2%2Fmedia&parent=20010"}],"wp:term":[{"taxonomy":"category","embeddable":true,"href":"https:\/\/construcaocivil.siriusmarketingedesign.com.br\/index.php?rest_route=%2Fwp%2Fv2%2Fcategories&post=20010"},{"taxonomy":"post_tag","embeddable":true,"href":"https:\/\/construcaocivil.siriusmarketingedesign.com.br\/index.php?rest_route=%2Fwp%2Fv2%2Ftags&post=20010"}],"curies":[{"name":"wp","href":"https:\/\/api.w.org\/{rel}","templated":true}]}}