{"id":20028,"date":"2022-09-12T09:06:43","date_gmt":"2022-09-12T12:06:43","guid":{"rendered":"https:\/\/www.jornaldaconstrucaocivil.com.br\/?p=20028"},"modified":"2022-09-13T11:39:27","modified_gmt":"2022-09-13T14:39:27","slug":"mab-por-que-a-energia-brasileira-e-a-segunda-mais-cara-do-mundo-entenda-em-5-pontos","status":"publish","type":"post","link":"https:\/\/construcaocivil.siriusmarketingedesign.com.br\/?p=20028","title":{"rendered":"MAB: Por Que a energia brasileira \u00e9 a segunda mais cara do mundo ? Entenda em 5 pontos"},"content":{"rendered":"<div id=\"single-the-content\">\n<div class=\"author\"><span style=\"color: #0000ff;\">por\u00a0<a style=\"color: #0000ff;\" href=\"https:\/\/mab.org.br\/autor\/coletivo-nacional-de-comunicacao-do-mab\/\">Coletivo Nacional de Comunica\u00e7\u00e3o do MAB<\/a><\/span><\/div>\n<p>Nos \u00faltimos cinco anos, o custo da energia el\u00e9trica no Brasil aumentou em 47% de acordo com a Associa\u00e7\u00e3o dos Grandes Consumidores Industriais de Energia e de Consumidores Livres (Abrace). Os aumentos sucessivos colocaram o pa\u00eds no topo do ranking mundial do custo de energia. Hoje, o Brasil tem a segunda conta de energia el\u00e9trica mais cara do mundo, de acordo com um estudo da plataforma Cupom Livre. O levantamento realizado em 2022 mostra que o Brasil fica atr\u00e1s apenas da Col\u00f4mbia. A pesquisa tamb\u00e9m aponta que \u2013 em m\u00e9dia \u2013 25% de todo or\u00e7amento familiar dos brasileiros \u00e9 utilizado somente para pagar energia.<\/p>\n<p>O custo exorbitante aprofunda a precariza\u00e7\u00e3o da situa\u00e7\u00e3o econ\u00f4mica das fam\u00edlias da classe trabalhadora, que tamb\u00e9m sofrem com o aumento do pre\u00e7o dos alimentos da cesta b\u00e1sica e do g\u00e1s de cozinha durante o governo Bolsonaro. Diante da situa\u00e7\u00e3o, muitos brasileiros tiveram que optar entre pagar a conta de luz ou comprar alimentos para a fam\u00edlia.<\/p>\n<p>Entenda por que o custo da energia chegou a patamares t\u00e3o altos no atual governo.<\/p>\n<h3><strong>1 \u2013 Alta lucratividade das companhias de energia<\/strong><\/h3>\n<p>De acordo com o estudo da Plataforma Cupom Livre, do total do custo pago pelos consumidores no Brasil, apenas 53,5% s\u00e3o efetivamente utilizados para a gera\u00e7\u00e3o, transmiss\u00e3o e distribui\u00e7\u00e3o da energia.\u00a0O restante \u00e9 usado para pagar taxas e garantir altos lucros para os acionistas das empresas (em sua maioria estrangeiras) que controlam o setor de energia no Brasil. A Eletrobras, por exemplo, registrou\u00a0lucro l\u00edquido de R$ 6,4 bilh\u00f5es em 2020, mesmo em um ano de pandemia, tendo sido a sexta empresa mais lucrativa do pa\u00eds neste per\u00edodo. Al\u00e9m disso, a companhia tem uma gera\u00e7\u00e3o de caixa de R$ 15 bilh\u00f5es por ano \u2013 que agora ser\u00e3o totalmente destinados \u00e0 iniciativa privada.<\/p>\n<h3><strong>2 \u2013\u00a0<\/strong><strong>M\u00e1 gest\u00e3o dos reservat\u00f3rios das hidrel\u00e9tricas<\/strong><\/h3>\n<p>O Brasil reduziu historicamente sua depend\u00eancia da energia hidrel\u00e9trica, mas ela ainda representa 65% de sua gera\u00e7\u00e3o energ\u00e9tica. E o regime de chuvas, do qual as usinas dependem, tem se tornado mais incerto em tempos de mudan\u00e7as clim\u00e1ticas. \u00a0Ainda assim, muitos especialistas do setor afirmam que os aumentos na conta de luz do brasileiro n\u00e3o decorrem da falta de chuvas, mas da m\u00e1 gest\u00e3o dos reservat\u00f3rios das usinas hidrel\u00e9tricas.<\/p>\n<p>Quem faz essa gest\u00e3o \u00e9 o Operador Nacional do Sistema El\u00e9trico (ONS) \u2013 \u00f3rg\u00e3o do governo que controla a opera\u00e7\u00e3o das instala\u00e7\u00f5es de empresas de gera\u00e7\u00e3o e transmiss\u00e3o. \u00c9 papel dele gerenciar a produ\u00e7\u00e3o de energia a partir das diferentes fontes com base na previs\u00e3o de chuvas no pa\u00eds. Ou seja, em per\u00edodos de muita chuva, \u00e9 preciso reservar \u00e1gua nos reservat\u00f3rios para per\u00edodos de seca e, nos casos de previs\u00e3o de secas mais longas, usar outras fontes de energia (solar, t\u00e9rmica, e\u00f3lica) para evitar o esvaziamento total dos reservat\u00f3rios das hidrel\u00e9tricas. Isso evitaria emerg\u00eancias \u2013 como aconteceu em 2021 \u2013 em que foi preciso contratar energia das t\u00e9rmicas de forma urgente pagando pre\u00e7os abusivos pela falta de planejamento. H\u00e1 tamb\u00e9m ind\u00edcios de que as companhias de energia esvaziaram os reservat\u00f3rios para for\u00e7ar uma situa\u00e7\u00e3o de crise e justificar a cobran\u00e7a de taxas extras dos consumidores.<\/p>\n<h3><strong>3 \u2013 Privatiza\u00e7\u00e3o do setor<\/strong><\/h3>\n<p>Um dos principais projetos econ\u00f4micos do governo Bolsonaro \u00e9 privatizar as empresas estatais, especialmente as companhias de energia. Acontece que, em todas as cinco regi\u00f5es do pa\u00eds onde empresas de energia el\u00e9trica j\u00e1 foram vendidas para iniciativa privada, h\u00e1 quedas de energia, falta de trabalhadores e contas caras. Isso porque, quando s\u00e3o privatizadas, essas empresas querem maximizar o lucro, demitem funcion\u00e1rios e passam a cobrar pre\u00e7os de mercado, impondo aumentos abusivos na conta do consumidor final. Com a privatiza\u00e7\u00e3o da Eletrobras, o custo da energia tende a ficar at\u00e9 25% ainda mais caro.<\/p>\n<p>Al\u00e9m do aumento da conta de luz, as privatiza\u00e7\u00f5es representam um expressivo ataque a nossa soberania. A energia \u00e9 um recurso estrat\u00e9gico, porque ela simplesmente \u00e9 necess\u00e1ria para tudo: para colocar uma f\u00e1brica para funcionar, para gerar outras formas de energia, para manter os respiradores de um hospital ligados, uma escola funcionando, uma \u00e1rea agr\u00edcola irrigada. Ent\u00e3o, colocar a produ\u00e7\u00e3o de energia na m\u00e3o da iniciativa privada \u00e9 colocar n\u00e3o s\u00f3 nossa seguran\u00e7a econ\u00f4mica em risco, mas tamb\u00e9m a autonomia do pa\u00eds em v\u00e1rios setores.<\/p>\n<h3><strong>4 \u2013 Bandeira Escassez H\u00eddrica<\/strong><\/h3>\n<p>Em abril do \u00faltimo ano, a Ag\u00eancia Nacional de Energia El\u00e9trica (Aneel) prop\u00f4s o aumento em at\u00e9 57% das bandeiras tarif\u00e1rias que vigoraram na \u00e9poca de falta de chuvas e h\u00e1 os reajuste. Foram seis meses em que consumidores desembolsaram R$ 14,20 extras a cada 100 kWh consumidos. O Governo criou ainda uma nova bandeira, a da escassez h\u00eddrica, para aumentar o valor da conta de energia colocando a culpa do pre\u00e7o da conta em S\u00e3o Pedro,<\/p>\n<h3><strong>5 \u2013 Subs\u00eddios para grandes empresas do agroneg\u00f3cio pagos pelo povo<\/strong><\/h3>\n<p>Atualmente, o governo concede descontos na conta de luz para grandes multinacionais do agroneg\u00f3cio que representam um custo de R$ 3,4 bilh\u00f5es por ano. Esse custo \u00e9 cobrado nas contas de eletricidade de todos os consumidores do pa\u00eds. Vale destacar que governo d\u00e1 mais descontos na conta de luz para grandes empresas e ind\u00fastrias do que para a popula\u00e7\u00e3o de baixa renda que t\u00eam direito \u00e0 tarifa social.<\/p>\n<\/div>\n<div class=\"post-content--tags\"><\/div>\n","protected":false},"excerpt":{"rendered":"<p>por\u00a0Coletivo Nacional de Comunica\u00e7\u00e3o do MAB Nos \u00faltimos cinco anos, o custo da energia el\u00e9trica no Brasil aumentou em 47% de acordo com a Associa\u00e7\u00e3o dos Grandes Consumidores Industriais de Energia e de Consumidores Livres (Abrace). Os aumentos sucessivos colocaram o pa\u00eds no topo do ranking mundial do custo de energia. Hoje, o Brasil tem [&hellip;]<\/p>\n","protected":false},"author":1,"featured_media":20029,"comment_status":"open","ping_status":"open","sticky":false,"template":"","format":"standard","meta":{"_uag_custom_page_level_css":"","footnotes":""},"categories":[29],"tags":[],"class_list":["post-20028","post","type-post","status-publish","format-standard","has-post-thumbnail","hentry","category-energia"],"blocksy_meta":[],"spectra_blocks_featured_image_url":{"thumbnail":{"url":"https:\/\/construcaocivil.siriusmarketingedesign.com.br\/wp-content\/uploads\/2022\/09\/ENERGIA-MAIS-CARA-150x150.jpg","width":150,"height":150},"medium":{"url":"https:\/\/construcaocivil.siriusmarketingedesign.com.br\/wp-content\/uploads\/2022\/09\/ENERGIA-MAIS-CARA-300x200.jpg","width":300,"height":200},"medium_large":{"url":"https:\/\/construcaocivil.siriusmarketingedesign.com.br\/wp-content\/uploads\/2022\/09\/ENERGIA-MAIS-CARA.jpg","width":600,"height":400},"large":{"url":"https:\/\/construcaocivil.siriusmarketingedesign.com.br\/wp-content\/uploads\/2022\/09\/ENERGIA-MAIS-CARA.jpg","width":600,"height":400},"full":{"url":"https:\/\/construcaocivil.siriusmarketingedesign.com.br\/wp-content\/uploads\/2022\/09\/ENERGIA-MAIS-CARA.jpg","width":600,"height":400}},"spectra_blocks_author_info":{"display_name":"Jornal da Constru\u00e7\u00e3o Civil","avatar_url":"https:\/\/secure.gravatar.com\/avatar\/973c9774fd44ddaceb026973c4962faa70fc512bc4c9da68e8ebb40fecee6540?s=96&d=mm&r=g","author_link":"https:\/\/construcaocivil.siriusmarketingedesign.com.br\/?author=1","description":"Desde de 2013, levando muitas informa\u00e7\u00f5es, lan\u00e7amentos e produtos de qualidade para toda cadeia produtiva da constru\u00e7\u00e3o. O Futuro da constru\u00e7\u00e3o passa por aqui,"},"uagb_featured_image_src":{"full":["https:\/\/construcaocivil.siriusmarketingedesign.com.br\/wp-content\/uploads\/2022\/09\/ENERGIA-MAIS-CARA.jpg",600,400,false],"thumbnail":["https:\/\/construcaocivil.siriusmarketingedesign.com.br\/wp-content\/uploads\/2022\/09\/ENERGIA-MAIS-CARA-150x150.jpg",150,150,true],"medium":["https:\/\/construcaocivil.siriusmarketingedesign.com.br\/wp-content\/uploads\/2022\/09\/ENERGIA-MAIS-CARA-300x200.jpg",300,200,true],"medium_large":["https:\/\/construcaocivil.siriusmarketingedesign.com.br\/wp-content\/uploads\/2022\/09\/ENERGIA-MAIS-CARA.jpg",600,400,false],"large":["https:\/\/construcaocivil.siriusmarketingedesign.com.br\/wp-content\/uploads\/2022\/09\/ENERGIA-MAIS-CARA.jpg",600,400,false],"1536x1536":["https:\/\/construcaocivil.siriusmarketingedesign.com.br\/wp-content\/uploads\/2022\/09\/ENERGIA-MAIS-CARA.jpg",600,400,false],"2048x2048":["https:\/\/construcaocivil.siriusmarketingedesign.com.br\/wp-content\/uploads\/2022\/09\/ENERGIA-MAIS-CARA.jpg",600,400,false]},"uagb_author_info":{"display_name":"Jornal da Constru\u00e7\u00e3o Civil","author_link":"https:\/\/construcaocivil.siriusmarketingedesign.com.br\/?author=1"},"uagb_comment_info":0,"uagb_excerpt":"por\u00a0Coletivo Nacional de Comunica\u00e7\u00e3o do MAB Nos \u00faltimos cinco anos, o custo da energia el\u00e9trica no Brasil aumentou em 47% de acordo com a Associa\u00e7\u00e3o dos Grandes Consumidores Industriais de Energia e de Consumidores Livres (Abrace). Os aumentos sucessivos colocaram o pa\u00eds no topo do ranking mundial do custo de energia. Hoje, o Brasil tem&hellip;","_links":{"self":[{"href":"https:\/\/construcaocivil.siriusmarketingedesign.com.br\/index.php?rest_route=\/wp\/v2\/posts\/20028","targetHints":{"allow":["GET"]}}],"collection":[{"href":"https:\/\/construcaocivil.siriusmarketingedesign.com.br\/index.php?rest_route=\/wp\/v2\/posts"}],"about":[{"href":"https:\/\/construcaocivil.siriusmarketingedesign.com.br\/index.php?rest_route=\/wp\/v2\/types\/post"}],"author":[{"embeddable":true,"href":"https:\/\/construcaocivil.siriusmarketingedesign.com.br\/index.php?rest_route=\/wp\/v2\/users\/1"}],"replies":[{"embeddable":true,"href":"https:\/\/construcaocivil.siriusmarketingedesign.com.br\/index.php?rest_route=%2Fwp%2Fv2%2Fcomments&post=20028"}],"version-history":[{"count":0,"href":"https:\/\/construcaocivil.siriusmarketingedesign.com.br\/index.php?rest_route=\/wp\/v2\/posts\/20028\/revisions"}],"wp:featuredmedia":[{"embeddable":true,"href":"https:\/\/construcaocivil.siriusmarketingedesign.com.br\/index.php?rest_route=\/wp\/v2\/media\/20029"}],"wp:attachment":[{"href":"https:\/\/construcaocivil.siriusmarketingedesign.com.br\/index.php?rest_route=%2Fwp%2Fv2%2Fmedia&parent=20028"}],"wp:term":[{"taxonomy":"category","embeddable":true,"href":"https:\/\/construcaocivil.siriusmarketingedesign.com.br\/index.php?rest_route=%2Fwp%2Fv2%2Fcategories&post=20028"},{"taxonomy":"post_tag","embeddable":true,"href":"https:\/\/construcaocivil.siriusmarketingedesign.com.br\/index.php?rest_route=%2Fwp%2Fv2%2Ftags&post=20028"}],"curies":[{"name":"wp","href":"https:\/\/api.w.org\/{rel}","templated":true}]}}