{"id":20048,"date":"2022-09-14T17:35:26","date_gmt":"2022-09-14T20:35:26","guid":{"rendered":"https:\/\/www.jornaldaconstrucaocivil.com.br\/?p=20048"},"modified":"2022-09-14T17:35:26","modified_gmt":"2022-09-14T20:35:26","slug":"dinheiro-para-acelerar-economia-local-eu-e-alckmin-queremos-ser-uma-oportunidade-para-o-brasil-diz-lula","status":"publish","type":"post","link":"https:\/\/construcaocivil.siriusmarketingedesign.com.br\/?p=20048","title":{"rendered":"Dinheiro para acelerar economia local: \u201cEu e Alckmin queremos ser uma oportunidade para o Brasil\u201d, diz Lula"},"content":{"rendered":"<p>O ex-presidente Luiz In\u00e1cio Lula da Silva disse nesta quarta-feira (14\/09), durante encontro em S\u00e3o Paulo com\u00a0<a href=\"https:\/\/lula.com.br\/estado-deve-garantir-novas-formas-de-geracao-de-renda-aos-jovens-diz-lula\/\">cooperativistas\u00a0<\/a>e lideran\u00e7as da economia solid\u00e1ria, que ele e Geraldo Alckmin n\u00e3o querem apenas governar o Brasil, e sim ser uma oportunidade para o Brasil e os brasileiros voltarem a sorrir, gerando mais empregos e renda aos cidad\u00e3os.<\/p>\n<p>Lula afirmou aos trabalhadores cooperados que n\u00e3o espera deles apenas reivindica\u00e7\u00f5es, mas tamb\u00e9m colabora\u00e7\u00e3o para reconstruir o pa\u00eds, uma vez que o Estado vem sendo sistematicamente desmontado por Jair Bolsonaro.<\/p>\n<p>\u201cVoc\u00eas sabem que esse pa\u00eds hoje est\u00e1 pior do que estava em 2003, voc\u00eas sabem o que aconteceu. \u00c9 como se tivesse passado uma praga de gafanhoto e destru\u00eddo tudo que a gente tinha constru\u00eddo na \u00e1rea social. Significa que a gente vai ter que reconstruir tudo, inclusive estabelecer uma nova rela\u00e7\u00e3o entre as institui\u00e7\u00f5es brasileiras\u201d, explicou o ex-presidente.<\/p>\n<h2 id=\"h-e-preciso-recuperar-a-relacao-entre-estados\">\u00c9 preciso recuperar a rela\u00e7\u00e3o entre estados<\/h2>\n<p>O plano, garantiu Lula, \u00e9 recuperar a rela\u00e7\u00e3o entre os estados, munic\u00edpios e governo federal, \u201cporque foi tudo desmontado\u201d. O ex-presidente citou como exemplo o problema educacional de crian\u00e7as pobres, agravado pela pandemia e a fome, que voltou a assolar os lares de milh\u00f5es de brasileiros, e que s\u00f3 o Estado pode fazer o investimento necess\u00e1rio para inverter essa l\u00f3gica.<\/p>\n<p>\u201cPor isso, companheiros cooperados, da economia solid\u00e1ria, da economia criativa, que querem encontrar um outro jeito de trabalhar e de viver, estejam certos: eu e o Alckmin n\u00e3o seremos apenas governo, n\u00f3s queremos ser uma oportunidade para voc\u00eas ajudarem a gente a fazer as coisas diferentes, as coisas melhores e as coisas mais importantes para esse pa\u00eds\u201d, completou.<\/p>\n<p>Participaram da reuni\u00e3o diversas lideran\u00e7as locais e nacionais, entre elas o ex-governador Geraldo Alckmin, M\u00e1rcio Fran\u00e7a, que concorre ao Senado por S\u00e3o Paulo, e Gleisi Hoffmann, presidenta do Partido dos Trabalhadores.<\/p>\n","protected":false},"excerpt":{"rendered":"<p>O ex-presidente Luiz In\u00e1cio Lula da Silva disse nesta quarta-feira (14\/09), durante encontro em S\u00e3o Paulo com\u00a0cooperativistas\u00a0e lideran\u00e7as da economia solid\u00e1ria, que ele e Geraldo Alckmin n\u00e3o querem apenas governar o Brasil, e sim ser uma oportunidade para o Brasil e os brasileiros voltarem a sorrir, gerando mais empregos e renda aos cidad\u00e3os. Lula afirmou [&hellip;]<\/p>\n","protected":false},"author":1,"featured_media":20049,"comment_status":"open","ping_status":"open","sticky":false,"template":"","format":"standard","meta":{"_uag_custom_page_level_css":"","footnotes":""},"categories":[33],"tags":[],"class_list":["post-20048","post","type-post","status-publish","format-standard","has-post-thumbnail","hentry","category-mercado"],"blocksy_meta":[],"spectra_blocks_featured_image_url":{"thumbnail":{"url":"https:\/\/construcaocivil.siriusmarketingedesign.com.br\/wp-content\/uploads\/2022\/09\/LULA-COOPERATIVAS-150x150.jpeg","width":150,"height":150},"medium":{"url":"https:\/\/construcaocivil.siriusmarketingedesign.com.br\/wp-content\/uploads\/2022\/09\/LULA-COOPERATIVAS-300x192.jpeg","width":300,"height":192},"medium_large":{"url":"https:\/\/construcaocivil.siriusmarketingedesign.com.br\/wp-content\/uploads\/2022\/09\/LULA-COOPERATIVAS-768x491.jpeg","width":768,"height":491},"large":{"url":"https:\/\/construcaocivil.siriusmarketingedesign.com.br\/wp-content\/uploads\/2022\/09\/LULA-COOPERATIVAS.jpeg","width":1024,"height":654},"full":{"url":"https:\/\/construcaocivil.siriusmarketingedesign.com.br\/wp-content\/uploads\/2022\/09\/LULA-COOPERATIVAS.jpeg","width":1024,"height":654}},"spectra_blocks_author_info":{"display_name":"Jornal da Constru\u00e7\u00e3o Civil","avatar_url":"https:\/\/secure.gravatar.com\/avatar\/973c9774fd44ddaceb026973c4962faa70fc512bc4c9da68e8ebb40fecee6540?s=96&d=mm&r=g","author_link":"https:\/\/construcaocivil.siriusmarketingedesign.com.br\/?author=1","description":"Desde de 2013, levando muitas informa\u00e7\u00f5es, lan\u00e7amentos e produtos de qualidade para toda cadeia produtiva da constru\u00e7\u00e3o. O Futuro da constru\u00e7\u00e3o passa por aqui,"},"uagb_featured_image_src":{"full":["https:\/\/construcaocivil.siriusmarketingedesign.com.br\/wp-content\/uploads\/2022\/09\/LULA-COOPERATIVAS.jpeg",1024,654,false],"thumbnail":["https:\/\/construcaocivil.siriusmarketingedesign.com.br\/wp-content\/uploads\/2022\/09\/LULA-COOPERATIVAS-150x150.jpeg",150,150,true],"medium":["https:\/\/construcaocivil.siriusmarketingedesign.com.br\/wp-content\/uploads\/2022\/09\/LULA-COOPERATIVAS-300x192.jpeg",300,192,true],"medium_large":["https:\/\/construcaocivil.siriusmarketingedesign.com.br\/wp-content\/uploads\/2022\/09\/LULA-COOPERATIVAS-768x491.jpeg",768,491,true],"large":["https:\/\/construcaocivil.siriusmarketingedesign.com.br\/wp-content\/uploads\/2022\/09\/LULA-COOPERATIVAS.jpeg",1024,654,false],"1536x1536":["https:\/\/construcaocivil.siriusmarketingedesign.com.br\/wp-content\/uploads\/2022\/09\/LULA-COOPERATIVAS.jpeg",1024,654,false],"2048x2048":["https:\/\/construcaocivil.siriusmarketingedesign.com.br\/wp-content\/uploads\/2022\/09\/LULA-COOPERATIVAS.jpeg",1024,654,false]},"uagb_author_info":{"display_name":"Jornal da Constru\u00e7\u00e3o Civil","author_link":"https:\/\/construcaocivil.siriusmarketingedesign.com.br\/?author=1"},"uagb_comment_info":0,"uagb_excerpt":"O ex-presidente Luiz In\u00e1cio Lula da Silva disse nesta quarta-feira (14\/09), durante encontro em S\u00e3o Paulo com\u00a0cooperativistas\u00a0e lideran\u00e7as da economia solid\u00e1ria, que ele e Geraldo Alckmin n\u00e3o querem apenas governar o Brasil, e sim ser uma oportunidade para o Brasil e os brasileiros voltarem a sorrir, gerando mais empregos e renda aos cidad\u00e3os. Lula afirmou&hellip;","_links":{"self":[{"href":"https:\/\/construcaocivil.siriusmarketingedesign.com.br\/index.php?rest_route=\/wp\/v2\/posts\/20048","targetHints":{"allow":["GET"]}}],"collection":[{"href":"https:\/\/construcaocivil.siriusmarketingedesign.com.br\/index.php?rest_route=\/wp\/v2\/posts"}],"about":[{"href":"https:\/\/construcaocivil.siriusmarketingedesign.com.br\/index.php?rest_route=\/wp\/v2\/types\/post"}],"author":[{"embeddable":true,"href":"https:\/\/construcaocivil.siriusmarketingedesign.com.br\/index.php?rest_route=\/wp\/v2\/users\/1"}],"replies":[{"embeddable":true,"href":"https:\/\/construcaocivil.siriusmarketingedesign.com.br\/index.php?rest_route=%2Fwp%2Fv2%2Fcomments&post=20048"}],"version-history":[{"count":0,"href":"https:\/\/construcaocivil.siriusmarketingedesign.com.br\/index.php?rest_route=\/wp\/v2\/posts\/20048\/revisions"}],"wp:featuredmedia":[{"embeddable":true,"href":"https:\/\/construcaocivil.siriusmarketingedesign.com.br\/index.php?rest_route=\/wp\/v2\/media\/20049"}],"wp:attachment":[{"href":"https:\/\/construcaocivil.siriusmarketingedesign.com.br\/index.php?rest_route=%2Fwp%2Fv2%2Fmedia&parent=20048"}],"wp:term":[{"taxonomy":"category","embeddable":true,"href":"https:\/\/construcaocivil.siriusmarketingedesign.com.br\/index.php?rest_route=%2Fwp%2Fv2%2Fcategories&post=20048"},{"taxonomy":"post_tag","embeddable":true,"href":"https:\/\/construcaocivil.siriusmarketingedesign.com.br\/index.php?rest_route=%2Fwp%2Fv2%2Ftags&post=20048"}],"curies":[{"name":"wp","href":"https:\/\/api.w.org\/{rel}","templated":true}]}}