{"id":20057,"date":"2022-09-16T00:30:20","date_gmt":"2022-09-16T03:30:20","guid":{"rendered":"https:\/\/www.jornaldaconstrucaocivil.com.br\/?p=20057"},"modified":"2022-09-16T00:30:20","modified_gmt":"2022-09-16T03:30:20","slug":"esquadrias-no-mercado-14a-fesqua-e-porta-de-entrada-para-empresas-estrangeiras-que-desejam-atuar-no-brasil","status":"publish","type":"post","link":"https:\/\/construcaocivil.siriusmarketingedesign.com.br\/?p=20057","title":{"rendered":"Esquadrias no mercado: 14\u00aa Fesqua \u00e9 porta de entrada para empresas estrangeiras que desejam atuar no Brasil"},"content":{"rendered":"<p>Al\u00e9m de ser um polo de networking entre empresas do setor, a 14\u00aa Fesqua &#8212; Feira Internacional da Ind\u00fastria de Esquadrias tamb\u00e9m \u00e9 a porta de entrada para marcas estrangeiras que desejam atuar no Brasil. O evento come\u00e7ou na quarta-feira (14) e vai at\u00e9 s\u00e1bado (17) no S\u00e3o Paulo Expo, em S\u00e3o Paulo.<br \/>\nA Alukler, do Grupo Costa, \u00e9 de Villeta, no Paraguai, e est\u00e1 participando pela primeira vez do evento com o objetivo de entrar no mercado brasileiro. Hoje, a empresa oferece servi\u00e7os de extrus\u00e3o, anodiza\u00e7\u00e3o, lacagem e efeito madeira para alum\u00ednio em toda a Am\u00e9rica do Sul, e considera o Brasil um pa\u00eds estrat\u00e9gico para os neg\u00f3cios.<br \/>\n&#8220;Estamos em busca de parceiros para desenvolver uma carteira de clientes no Brasil. Nosso diferencial \u00e9 que contamos com cinco linhas pr\u00f3prias no padr\u00e3o europeu, mas tamb\u00e9m fazemos a extrus\u00e3o de linhas brasileiras ou de qualquer outra linha que o cliente precisar&#8221;, explicou Thiago Batista, gerente comercial do Grupo Costa.<\/p>\n<figure id=\"attachment_20059\" aria-describedby=\"caption-attachment-20059\" style=\"width: 300px\" class=\"wp-caption alignleft\"><img loading=\"lazy\" decoding=\"async\" class=\"size-medium wp-image-20059\" src=\"https:\/\/www.jornaldaconstrucaocivil.com.br\/wp-content\/uploads\/2022\/09\/IMG_5612_Easy-Resize.com_-1-300x199.jpg\" alt=\"\" width=\"300\" height=\"199\" srcset=\"https:\/\/construcaocivil.siriusmarketingedesign.com.br\/wp-content\/uploads\/2022\/09\/IMG_5612_Easy-Resize.com_-1-300x199.jpg 300w, https:\/\/construcaocivil.siriusmarketingedesign.com.br\/wp-content\/uploads\/2022\/09\/IMG_5612_Easy-Resize.com_-1-1024x681.jpg 1024w, https:\/\/construcaocivil.siriusmarketingedesign.com.br\/wp-content\/uploads\/2022\/09\/IMG_5612_Easy-Resize.com_-1-768x511.jpg 768w, https:\/\/construcaocivil.siriusmarketingedesign.com.br\/wp-content\/uploads\/2022\/09\/IMG_5612_Easy-Resize.com_-1.jpg 1280w\" sizes=\"auto, (max-width: 300px) 100vw, 300px\" \/><figcaption id=\"caption-attachment-20059\" class=\"wp-caption-text\">P\u00fablico lota espa\u00e7os das empresas na FESQUA 2022. Divulga\u00e7\u00e3o<\/figcaption><\/figure>\n<p>Na mesma linha, Jorge Ichikawa, diretor de Marketing e Comercial da Bugal e da Aluk aposta na Fesqua para a entrada das duas marcas no Brasil. &#8220;Identificamos a feira como sendo um espa\u00e7o para apresentar o in\u00edcio das opera\u00e7\u00f5es, tanto comercial como industrial, no pa\u00eds. Afinal, nosso foco s\u00e3o os fabricantes de esquadrias&#8221;.<br \/>\nIchikawa explica que a Bugal oferece uma linha de produtos para sistema de guarda corpo customizado conforme o projeto do cliente, criando novas solu\u00e7\u00f5es, de acordo com a demanda. &#8220;J\u00e1 a Aluk traz o que h\u00e1 de mais moderno em sistema de esquadrias de alt\u00edssimo padr\u00e3o&#8221;, afirma. &#8220;E a Fesqua \u00e9 um momento ideal para apresentarmos esses dois novos players ao mercado nacional&#8221;.<br \/>\nA Fesqua re\u00fane as principais inova\u00e7\u00f5es em produtos e servi\u00e7os no segmento de esquadrias. A feira conta com mais de 500 marcas expositoras e espera receber ao menos 40 mil visitantes ao longo dos quatro dias, para fomentar o networking entre profissionais do setor. Al\u00e9m disso, o evento tem uma programa\u00e7\u00e3o completa e gratuita sobre novidades e tend\u00eancias do segmento.<br \/>\n<strong>Expositores destacam import\u00e2ncia do networking durante a Fesqua e o Ebrats 2022<\/strong><br \/>\nNetworking \u00e9 uma das palavras de ordem da edi\u00e7\u00e3o de 2022 da Fesqua &#8212; Feira Internacional da Ind\u00fastria de Esquadrias e do Ebrats &#8212; Encontro e Exposi\u00e7\u00e3o Brasileira de Tratamentos de Superf\u00edcie. Tanto que as marcas expositoras est\u00e3o apostando nos eventos para melhorar o relacionamento com clientes de longa data enquanto prospectam novos parceiros.<br \/>\n&#8220;Este \u00e9 um evento muito importante para n\u00f3s, tanto que j\u00e1 participamos de todas as edi\u00e7\u00f5es. Estamos aqui para reencontrar clientes e parceiros ap\u00f3s um per\u00edodo de pandemia. Os \u00faltimos anos foram muito diferentes e est\u00e1 sendo muito legal poder retomar esse relacionamento&#8221;, afirmou Melissa Souza, gerente de assist\u00eancia t\u00e9cnica da Dileta, expositora do Ebrats.<br \/>\nSegundo Ilza Nagado, secret\u00e1ria da diretoria da MacDermid, marca presente no Ebrats, esta edi\u00e7\u00e3o \u00e9 uma oportunidade de negociar como novos e antigos parceiros, estreitando os la\u00e7os com profissionais do setor de tratamentos de superf\u00edcies. &#8220;\u00c9 o momento ideal para expor novas ideias e apresentarmos nossos diferenciais ao mercado.&#8221;<br \/>\nInclusive, refor\u00e7ar o nome da marca na ind\u00fastria de esquadrias \u00e9 um dos objetivos da Alumax na Fesqua 2022. &#8220;\u00c9 muito bacana estar revendo o pessoal, e j\u00e1 estamos fazendo muito networking. \u00c9 aqui que encontramos empresas e profissionais da constru\u00e7\u00e3o civil, um setor que \u00e9 muito importante para n\u00f3s&#8221;, assinalou Gabriel Auricchio, diretor da marca.<br \/>\nA 14\u00aa Fesqua e o 17\u00ba Ebrats v\u00e3o at\u00e9 o pr\u00f3ximo s\u00e1bado (17) no S\u00e3o Paulo Expo. Trata-se de uma edi\u00e7\u00e3o hist\u00f3rica, com mais de 500 marcas expositoras. A expectativa \u00e9 receber ao menos 40 mil visitantes nos quatro dias de evento.<br \/>\n<strong>Motor para automatiza\u00e7\u00e3o de persianas com comando via Alexa \u00e9 um dos lan\u00e7amentos na Fesqua 2022<\/strong><br \/>\nO segmento de esquadrias n\u00e3o para de se modernizar! De olho nas tecnologias que est\u00e3o em alta na casa dos brasileiros, as marcas est\u00e3o apresentando, durante da Fesqua &#8212; Feira Internacional da Ind\u00fastria de Esquadrias 2022, solu\u00e7\u00f5es para facilitar o dia a dia das pessoas.<br \/>\nEntre as novidades, est\u00e3o linhas de motores para automatiza\u00e7\u00e3o de persianas com comando de voz via Alexa, seguindo a tend\u00eancia de casa inteligente. A tecnologia foi apresentada pela Udinese Assa Abloy, que est\u00e1 lan\u00e7ando as linhas Bolt, voltada para automatiza\u00e7\u00e3o de persianas integradas, e Blind, para automatiza\u00e7\u00e3o de toldos, persianas rol\u00f4 e cortinas.<br \/>\n&#8220;Esta edi\u00e7\u00e3o da Fesqua \u00e9 uma oportunidade de reencontrar, ap\u00f3s dois anos de pandemia, clientes e representantes para apresentar nossas novidades e nos atualizarmos sobre o que o mercado est\u00e1 fazendo. Est\u00e1 tudo diferente e o mercado mudou, mas a energia neste momento \u00e9 \u00fanica&#8221;, observou Carolina Fonseca, analista de marketing da Udinese Assa Abloy.<br \/>\nOutras apostas da empresa durante a feira, que come\u00e7ou nesta quarta-feira (14) e termina no s\u00e1bado (17), no S\u00e3o Paulo Expo, \u00e9 a linha M\u00e1ssima, que inclui um pacote completo para sistemas de esquadrias com canal europeu, al\u00e9m da nova linha de cremonas, apresentadas com designs e robustez diferenciados.<\/p>\n<p>&nbsp;<\/p>\n<p><strong>Servi\u00e7o:<\/strong><\/p>\n<p><strong>14\u00aa FESQUA &#8211; Feira Internacional da Ind\u00fastria de Esquadrias<\/strong><\/p>\n<p><strong>17\u00ba EBRATS &#8211; Encontro e Exposi\u00e7\u00e3o Brasileira de Tratamentos de Superf\u00edcie<\/strong><\/p>\n<p><strong>Data &#8211; 14 a 17 de setembro<\/strong><\/p>\n<p><strong>Hor\u00e1rio<\/strong>\u00a0&#8211; 13h \u00e0s 20h | S\u00e1bado &#8211; 11h \u00e0s 18h<\/p>\n<p><strong>Local &#8212;\u00a0<\/strong>S\u00e3o Paulo Expo Exhibition &amp; Convention Center<\/p>\n<p><strong>Endere\u00e7o<\/strong>\u00a0&#8211; Rodovia dos Imigrantes, Km 1,5 &#8212; S\u00e3o Paulo\/SP<\/p>\n<p><strong>Mais informa\u00e7\u00f5es<\/strong>:\u00a0<a href=\"https:\/\/s2209.imxsnd06.com\/link.php?code=bDpodHRwcyUzQSUyRiUyRnd3dy5lYnJhdHMuY29tLmJyJTJGOjI3NTY2MTg1NjM6c2V2ZXJpYW5Aam9ybmFsZGFjb25zdHJ1Y2FvY2l2aWwuY29tLmJyOjk5NDA3YToyNA==\" target=\"_blank\" rel=\"noopener noreferrer\">EBRATS<\/a>\u00a0|\u00a0<a href=\"https:\/\/s2209.imxsnd06.com\/link.php?code=bDpodHRwcyUzQSUyRiUyRnd3dy5mZXNxdWEuY29tLmJyJTJGOjI3NTY2MTg1NjM6c2V2ZXJpYW5Aam9ybmFsZGFjb25zdHJ1Y2FvY2l2aWwuY29tLmJyOjgxODYyMDoyNA==\" target=\"_blank\" rel=\"noopener noreferrer\">FESQUA<\/a><\/p>\n","protected":false},"excerpt":{"rendered":"<p>Al\u00e9m de ser um polo de networking entre empresas do setor, a 14\u00aa Fesqua &#8212; Feira Internacional da Ind\u00fastria de Esquadrias tamb\u00e9m \u00e9 a porta de entrada para marcas estrangeiras que desejam atuar no Brasil. O evento come\u00e7ou na quarta-feira (14) e vai at\u00e9 s\u00e1bado (17) no S\u00e3o Paulo Expo, em S\u00e3o Paulo. A Alukler, [&hellip;]<\/p>\n","protected":false},"author":1,"featured_media":20058,"comment_status":"open","ping_status":"open","sticky":false,"template":"","format":"standard","meta":{"_uag_custom_page_level_css":"","footnotes":""},"categories":[33],"tags":[24306,1933,24307,13640,13170,10675,14963],"class_list":["post-20057","post","type-post","status-publish","format-standard","has-post-thumbnail","hentry","category-mercado","tag-14-fesqua","tag-casa-e-decoracao","tag-encontro-e-exposicao-brasileira-de-tratamentos-de-superficie","tag-esquadrias-de-aluminio","tag-revestimento-e-acabamento","tag-sao-paulo-expo","tag-servicos-de-obras"],"blocksy_meta":[],"spectra_blocks_featured_image_url":{"thumbnail":{"url":"https:\/\/construcaocivil.siriusmarketingedesign.com.br\/wp-content\/uploads\/2022\/09\/tekbond-saint-gobain-150x150.png","width":150,"height":150},"medium":{"url":"https:\/\/construcaocivil.siriusmarketingedesign.com.br\/wp-content\/uploads\/2022\/09\/tekbond-saint-gobain-300x200.png","width":300,"height":200},"medium_large":{"url":"https:\/\/construcaocivil.siriusmarketingedesign.com.br\/wp-content\/uploads\/2022\/09\/tekbond-saint-gobain-768x512.png","width":768,"height":512},"large":{"url":"https:\/\/construcaocivil.siriusmarketingedesign.com.br\/wp-content\/uploads\/2022\/09\/tekbond-saint-gobain.png","width":886,"height":591},"full":{"url":"https:\/\/construcaocivil.siriusmarketingedesign.com.br\/wp-content\/uploads\/2022\/09\/tekbond-saint-gobain.png","width":886,"height":591}},"spectra_blocks_author_info":{"display_name":"Jornal da Constru\u00e7\u00e3o Civil","avatar_url":"https:\/\/secure.gravatar.com\/avatar\/973c9774fd44ddaceb026973c4962faa70fc512bc4c9da68e8ebb40fecee6540?s=96&d=mm&r=g","author_link":"https:\/\/construcaocivil.siriusmarketingedesign.com.br\/?author=1","description":"Desde de 2013, levando muitas informa\u00e7\u00f5es, lan\u00e7amentos e produtos de qualidade para toda cadeia produtiva da constru\u00e7\u00e3o. O Futuro da constru\u00e7\u00e3o passa por aqui,"},"uagb_featured_image_src":{"full":["https:\/\/construcaocivil.siriusmarketingedesign.com.br\/wp-content\/uploads\/2022\/09\/tekbond-saint-gobain.png",886,591,false],"thumbnail":["https:\/\/construcaocivil.siriusmarketingedesign.com.br\/wp-content\/uploads\/2022\/09\/tekbond-saint-gobain-150x150.png",150,150,true],"medium":["https:\/\/construcaocivil.siriusmarketingedesign.com.br\/wp-content\/uploads\/2022\/09\/tekbond-saint-gobain-300x200.png",300,200,true],"medium_large":["https:\/\/construcaocivil.siriusmarketingedesign.com.br\/wp-content\/uploads\/2022\/09\/tekbond-saint-gobain-768x512.png",768,512,true],"large":["https:\/\/construcaocivil.siriusmarketingedesign.com.br\/wp-content\/uploads\/2022\/09\/tekbond-saint-gobain.png",886,591,false],"1536x1536":["https:\/\/construcaocivil.siriusmarketingedesign.com.br\/wp-content\/uploads\/2022\/09\/tekbond-saint-gobain.png",886,591,false],"2048x2048":["https:\/\/construcaocivil.siriusmarketingedesign.com.br\/wp-content\/uploads\/2022\/09\/tekbond-saint-gobain.png",886,591,false]},"uagb_author_info":{"display_name":"Jornal da Constru\u00e7\u00e3o Civil","author_link":"https:\/\/construcaocivil.siriusmarketingedesign.com.br\/?author=1"},"uagb_comment_info":0,"uagb_excerpt":"Al\u00e9m de ser um polo de networking entre empresas do setor, a 14\u00aa Fesqua &#8212; Feira Internacional da Ind\u00fastria de Esquadrias tamb\u00e9m \u00e9 a porta de entrada para marcas estrangeiras que desejam atuar no Brasil. O evento come\u00e7ou na quarta-feira (14) e vai at\u00e9 s\u00e1bado (17) no S\u00e3o Paulo Expo, em S\u00e3o Paulo. A Alukler,&hellip;","_links":{"self":[{"href":"https:\/\/construcaocivil.siriusmarketingedesign.com.br\/index.php?rest_route=\/wp\/v2\/posts\/20057","targetHints":{"allow":["GET"]}}],"collection":[{"href":"https:\/\/construcaocivil.siriusmarketingedesign.com.br\/index.php?rest_route=\/wp\/v2\/posts"}],"about":[{"href":"https:\/\/construcaocivil.siriusmarketingedesign.com.br\/index.php?rest_route=\/wp\/v2\/types\/post"}],"author":[{"embeddable":true,"href":"https:\/\/construcaocivil.siriusmarketingedesign.com.br\/index.php?rest_route=\/wp\/v2\/users\/1"}],"replies":[{"embeddable":true,"href":"https:\/\/construcaocivil.siriusmarketingedesign.com.br\/index.php?rest_route=%2Fwp%2Fv2%2Fcomments&post=20057"}],"version-history":[{"count":0,"href":"https:\/\/construcaocivil.siriusmarketingedesign.com.br\/index.php?rest_route=\/wp\/v2\/posts\/20057\/revisions"}],"wp:featuredmedia":[{"embeddable":true,"href":"https:\/\/construcaocivil.siriusmarketingedesign.com.br\/index.php?rest_route=\/wp\/v2\/media\/20058"}],"wp:attachment":[{"href":"https:\/\/construcaocivil.siriusmarketingedesign.com.br\/index.php?rest_route=%2Fwp%2Fv2%2Fmedia&parent=20057"}],"wp:term":[{"taxonomy":"category","embeddable":true,"href":"https:\/\/construcaocivil.siriusmarketingedesign.com.br\/index.php?rest_route=%2Fwp%2Fv2%2Fcategories&post=20057"},{"taxonomy":"post_tag","embeddable":true,"href":"https:\/\/construcaocivil.siriusmarketingedesign.com.br\/index.php?rest_route=%2Fwp%2Fv2%2Ftags&post=20057"}],"curies":[{"name":"wp","href":"https:\/\/api.w.org\/{rel}","templated":true}]}}