{"id":20069,"date":"2022-09-20T18:01:02","date_gmt":"2022-09-20T21:01:02","guid":{"rendered":"https:\/\/www.jornaldaconstrucaocivil.com.br\/?p=20069"},"modified":"2022-09-20T18:01:02","modified_gmt":"2022-09-20T21:01:02","slug":"volta-redonda-homenageia-presidente-do-crea-rj-por-sua-contribuicao-a-engenharia","status":"publish","type":"post","link":"https:\/\/construcaocivil.siriusmarketingedesign.com.br\/?p=20069","title":{"rendered":"Volta Redonda homenageia Presidente do Crea-RJ por sua contribui\u00e7\u00e3o \u00e0 Engenharia"},"content":{"rendered":"<p>O Presidente do Crea-RJ, Luiz Antonio Cosenza, foi homenageado na \u00faltima sexta-feira (16), em cerim\u00f4nia promovida pela Associa\u00e7\u00e3o de Engenheiros e Arquitetos de Volta Redonda (AEVR). Na ocasi\u00e3o, ele recebeu a Comenda Heitor Lopes Corr\u00eaa, que \u00e9 entregue \u00e0 pessoas que contribuem com a\u00e7\u00f5es relevantes em prol da Associa\u00e7\u00e3o e de toda a Regi\u00e3o Sul Fluminense na \u00e1rea de Engenharia.<\/p>\n<p>&nbsp;<\/p>\n<p>De acordo com a presidente da AEVR, a arquiteta Laura Jane Barbosa, a Comenda foi criada em 2020, durante a pandemia, com o intuito de valorizar e homenagear o trabalho, o empenho e a dedica\u00e7\u00e3o dos profissionais do setor.<\/p>\n<p>&#8220;O presidente Cosenza tem se empenhado pessoalmente no apoio a projetos da nossa Associa\u00e7\u00e3o e da Engenharia em geral, em toda a nossa regi\u00e3o. Para n\u00f3s, foi uma honra homenage\u00e1-lo nesta terceira edi\u00e7\u00e3o da Comenda&#8221;, comentou Laura Jane.<\/p>\n<p>&nbsp;<\/p>\n<p>A Associa\u00e7\u00e3o de Engenheiros e Arquitetos de Volta Redonda tem como miss\u00e3o reunir a classe de Engenheiros e Arquitetos da regi\u00e3o, promovendo o desenvolvimento cient\u00edfico e tecnol\u00f3gico, a \u00e9tica, e o aperfei\u00e7oamento profissional, social e cultural de seus associados.<\/p>\n","protected":false},"excerpt":{"rendered":"<p>O Presidente do Crea-RJ, Luiz Antonio Cosenza, foi homenageado na \u00faltima sexta-feira (16), em cerim\u00f4nia promovida pela Associa\u00e7\u00e3o de Engenheiros e Arquitetos de Volta Redonda (AEVR). Na ocasi\u00e3o, ele recebeu a Comenda Heitor Lopes Corr\u00eaa, que \u00e9 entregue \u00e0 pessoas que contribuem com a\u00e7\u00f5es relevantes em prol da Associa\u00e7\u00e3o e de toda a Regi\u00e3o Sul [&hellip;]<\/p>\n","protected":false},"author":1,"featured_media":20070,"comment_status":"open","ping_status":"open","sticky":false,"template":"","format":"standard","meta":{"_uag_custom_page_level_css":"","footnotes":""},"categories":[27],"tags":[3143,4339,12463],"class_list":["post-20069","post","type-post","status-publish","format-standard","has-post-thumbnail","hentry","category-acontece","tag-crea-rj","tag-engenharia","tag-volta-redonda"],"blocksy_meta":[],"spectra_blocks_featured_image_url":{"thumbnail":{"url":"https:\/\/construcaocivil.siriusmarketingedesign.com.br\/wp-content\/uploads\/2022\/09\/CREA-RJ-VR-AA-150x150.jpg","width":150,"height":150},"medium":{"url":"https:\/\/construcaocivil.siriusmarketingedesign.com.br\/wp-content\/uploads\/2022\/09\/CREA-RJ-VR-AA-300x169.jpg","width":300,"height":169},"medium_large":{"url":"https:\/\/construcaocivil.siriusmarketingedesign.com.br\/wp-content\/uploads\/2022\/09\/CREA-RJ-VR-AA.jpg","width":720,"height":405},"large":{"url":"https:\/\/construcaocivil.siriusmarketingedesign.com.br\/wp-content\/uploads\/2022\/09\/CREA-RJ-VR-AA.jpg","width":720,"height":405},"full":{"url":"https:\/\/construcaocivil.siriusmarketingedesign.com.br\/wp-content\/uploads\/2022\/09\/CREA-RJ-VR-AA.jpg","width":720,"height":405}},"spectra_blocks_author_info":{"display_name":"Jornal da Constru\u00e7\u00e3o Civil","avatar_url":"https:\/\/secure.gravatar.com\/avatar\/973c9774fd44ddaceb026973c4962faa70fc512bc4c9da68e8ebb40fecee6540?s=96&d=mm&r=g","author_link":"https:\/\/construcaocivil.siriusmarketingedesign.com.br\/?author=1","description":"Desde de 2013, levando muitas informa\u00e7\u00f5es, lan\u00e7amentos e produtos de qualidade para toda cadeia produtiva da constru\u00e7\u00e3o. O Futuro da constru\u00e7\u00e3o passa por aqui,"},"uagb_featured_image_src":{"full":["https:\/\/construcaocivil.siriusmarketingedesign.com.br\/wp-content\/uploads\/2022\/09\/CREA-RJ-VR-AA.jpg",720,405,false],"thumbnail":["https:\/\/construcaocivil.siriusmarketingedesign.com.br\/wp-content\/uploads\/2022\/09\/CREA-RJ-VR-AA-150x150.jpg",150,150,true],"medium":["https:\/\/construcaocivil.siriusmarketingedesign.com.br\/wp-content\/uploads\/2022\/09\/CREA-RJ-VR-AA-300x169.jpg",300,169,true],"medium_large":["https:\/\/construcaocivil.siriusmarketingedesign.com.br\/wp-content\/uploads\/2022\/09\/CREA-RJ-VR-AA.jpg",720,405,false],"large":["https:\/\/construcaocivil.siriusmarketingedesign.com.br\/wp-content\/uploads\/2022\/09\/CREA-RJ-VR-AA.jpg",720,405,false],"1536x1536":["https:\/\/construcaocivil.siriusmarketingedesign.com.br\/wp-content\/uploads\/2022\/09\/CREA-RJ-VR-AA.jpg",720,405,false],"2048x2048":["https:\/\/construcaocivil.siriusmarketingedesign.com.br\/wp-content\/uploads\/2022\/09\/CREA-RJ-VR-AA.jpg",720,405,false]},"uagb_author_info":{"display_name":"Jornal da Constru\u00e7\u00e3o Civil","author_link":"https:\/\/construcaocivil.siriusmarketingedesign.com.br\/?author=1"},"uagb_comment_info":0,"uagb_excerpt":"O Presidente do Crea-RJ, Luiz Antonio Cosenza, foi homenageado na \u00faltima sexta-feira (16), em cerim\u00f4nia promovida pela Associa\u00e7\u00e3o de Engenheiros e Arquitetos de Volta Redonda (AEVR). Na ocasi\u00e3o, ele recebeu a Comenda Heitor Lopes Corr\u00eaa, que \u00e9 entregue \u00e0 pessoas que contribuem com a\u00e7\u00f5es relevantes em prol da Associa\u00e7\u00e3o e de toda a Regi\u00e3o Sul&hellip;","_links":{"self":[{"href":"https:\/\/construcaocivil.siriusmarketingedesign.com.br\/index.php?rest_route=\/wp\/v2\/posts\/20069","targetHints":{"allow":["GET"]}}],"collection":[{"href":"https:\/\/construcaocivil.siriusmarketingedesign.com.br\/index.php?rest_route=\/wp\/v2\/posts"}],"about":[{"href":"https:\/\/construcaocivil.siriusmarketingedesign.com.br\/index.php?rest_route=\/wp\/v2\/types\/post"}],"author":[{"embeddable":true,"href":"https:\/\/construcaocivil.siriusmarketingedesign.com.br\/index.php?rest_route=\/wp\/v2\/users\/1"}],"replies":[{"embeddable":true,"href":"https:\/\/construcaocivil.siriusmarketingedesign.com.br\/index.php?rest_route=%2Fwp%2Fv2%2Fcomments&post=20069"}],"version-history":[{"count":0,"href":"https:\/\/construcaocivil.siriusmarketingedesign.com.br\/index.php?rest_route=\/wp\/v2\/posts\/20069\/revisions"}],"wp:featuredmedia":[{"embeddable":true,"href":"https:\/\/construcaocivil.siriusmarketingedesign.com.br\/index.php?rest_route=\/wp\/v2\/media\/20070"}],"wp:attachment":[{"href":"https:\/\/construcaocivil.siriusmarketingedesign.com.br\/index.php?rest_route=%2Fwp%2Fv2%2Fmedia&parent=20069"}],"wp:term":[{"taxonomy":"category","embeddable":true,"href":"https:\/\/construcaocivil.siriusmarketingedesign.com.br\/index.php?rest_route=%2Fwp%2Fv2%2Fcategories&post=20069"},{"taxonomy":"post_tag","embeddable":true,"href":"https:\/\/construcaocivil.siriusmarketingedesign.com.br\/index.php?rest_route=%2Fwp%2Fv2%2Ftags&post=20069"}],"curies":[{"name":"wp","href":"https:\/\/api.w.org\/{rel}","templated":true}]}}