{"id":20094,"date":"2022-09-27T13:29:22","date_gmt":"2022-09-27T16:29:22","guid":{"rendered":"https:\/\/www.jornaldaconstrucaocivil.com.br\/?p=20094"},"modified":"2022-09-27T13:29:22","modified_gmt":"2022-09-27T16:29:22","slug":"rio-oil-gas-2022-recebe-certificado-de-neutralizacao-para-as-emissoes-de-carbono-geradas-no-evento","status":"publish","type":"post","link":"https:\/\/construcaocivil.siriusmarketingedesign.com.br\/?p=20094","title":{"rendered":"Rio Oil &#038; Gas 2022 recebe certificado de neutraliza\u00e7\u00e3o para as emiss\u00f5es de carbono geradas no evento"},"content":{"rendered":"<p>A Rio Oil &amp; Gas recebeu nesta segunda-feira (26\/9) o certificado de neutraliza\u00e7\u00e3o para as emiss\u00f5es de carbono geradas no evento. Esta \u00e9 a primeira vez que a feira \u00e9 carbono zero. A diretora-executiva corporativa do Instituto Brasileiro de Petr\u00f3leo e G\u00e1s (IBP), Fernanda Delgado, recebeu o certificado de neutraliza\u00e7\u00e3o do diretor-executivo da plataforma BlockC, Carlos Mathias Martins, respons\u00e1vel por intermediar a aquisi\u00e7\u00e3o dos cr\u00e9ditos equivalentes a 170 toneladas da CO2, na abertura da Arena ESG. Esta \u00e9 a quantidade estimada de emiss\u00f5es, provenientes sobretudo dos geradores de eletricidade do evento.<\/p>\n<p>\u201cIsto mostra o comprometimento da ind\u00fastria de \u00f3leo e g\u00e1s. Mostra que a gente realmente abra\u00e7a a transi\u00e7\u00e3o energ\u00e9tica, a descarboniza\u00e7\u00e3o, que a ind\u00fastria tem esse compromisso e que a gente vai cumprir\u201d, disse Fernanda.<\/p>\n<p>Os cr\u00e9ditos adquiridos foram gerados pelo projeto Envira Amaz\u00f4nia, uma \u00e1rea florestal de mais de 39 mil hectares no Acre que desenvolve atividades agroflorestais em parceria com comunidades locais. A opera\u00e7\u00e3o de aquisi\u00e7\u00e3o foi realizada na bolsa global de cr\u00e9ditos de carbono ACX (Aircabon Exchange).<\/p>\n<p>\u201cEu acredito que o setor de \u00f3leo e g\u00e1s tem um papel fundamental para a redu\u00e7\u00e3o das emiss\u00f5es de gases do efeito estufa. Uma parte das solu\u00e7\u00f5es est\u00e1 aqui. Nada ser\u00e1 feito sem passar pelo setor\u201d, afirmou Carlos Mathias.<\/p>\n<p>&nbsp;<\/p>\n<h1>RENOVABIO<\/h1>\n<p>Apenas 13% das emiss\u00f5es do pa\u00eds tem como origem os combust\u00edveis l\u00edquidos. Apesar da baixa participa\u00e7\u00e3o geral na gera\u00e7\u00e3o de CO2, o setor de combust\u00edveis sabe que pode contribuir mais no processo de descarboniza\u00e7\u00e3o da matriz, ressaltou Valeria Lima, diretora executiva de downstream do IBP, durante painel \u201cRenovabio \u2013 as li\u00e7\u00f5es aprendidas do primeiro mercado de carbono do Brasil\u201d, que discutiu o programa, na Arena ESG.<\/p>\n<p>Lorena Mendes, coordenadora do Renovabio, programa do Minist\u00e9rio de Minas e Energia para ampliar a oferta de biocombust\u00edveis, destacou que \u201cdescarbonizar \u00e9 uma quest\u00e3o de sobreviv\u00eancia, competitividade e tamb\u00e9m de oportunidades para o Brasil no cen\u00e1rio global\u201d. Entre as a\u00e7\u00f5es est\u00e1 a constru\u00e7\u00e3o de um mercado de carbono, com a<\/p>\n<p>comercializa\u00e7\u00e3o dos CBIOs, cr\u00e9ditos de descarboniza\u00e7\u00e3o que neste ano j\u00e1 movimentou R$ 3 bilh\u00f5es em negocia\u00e7\u00f5es na B3.<\/p>\n<p>&nbsp;<\/p>\n<h1>BAIXO CARBONO NO LONGO PRAZO<\/h1>\n<p>Outro tema discutido na Arena ESG foi o que precisa ser feito para o setor de \u00f3leo e g\u00e1s atingir a neutralidade de carbono at\u00e9 2050. Os projetos do setor colocaram em evid\u00eancia o desmatamento como uma das maiores amea\u00e7as para a transi\u00e7\u00e3o para economia de baixo carbono no Brasil. Agnes da Costa, chefe da Assessoria Especial em Assuntos Regulat\u00f3rios do Minist\u00e9rio de Minas e Energia, refor\u00e7ou o papel de estudos guiarem os projetos desta tem\u00e1tica. \u201cOs estudos mostram que, se n\u00e3o controlarmos o desmatamento, vamos ter muita dificuldade de cumprir as metas de neutralidade de carbono at\u00e9 2050\u201d, afirmou Agnes, durante o painel \u201cOs projetos do setor de \u00f3leo e g\u00e1s para trajet\u00f3ria brasileira de neutralidade clim\u00e1tica em 2050\u201d.<\/p>\n<p>Um levantamento do Programa de Planejamento Energ\u00e9tico, da Coppe\/UFRJ, apresentado pelo professor adjunto Pedro Rochedo, baseado em ferramentas matem\u00e1ticas de modelagem, concluiu que o controle do desmatamento \u00e9 uma medida essencial para o Brasil, se quiser manter seu papel de relev\u00e2ncia em uma economia de baixo carbono no futuro.<\/p>\n<p>\u201c\u00c9 fundamental termos uma estrat\u00e9gia de desenvolvimento de baixo carbono de longo prazo, pois o desafio para a neutralidade at\u00e9 2050 \u00e9 enorme. Um dos melhores cen\u00e1rios do nosso estudo aponta que com leil\u00f5es das permiss\u00f5es de emiss\u00f5es, devolvendo para a economia e mantendo a carga tribut\u00e1ria neutra, os setores que receber\u00e3o mais benef\u00edcios ser\u00e3o os que geram mais empregos. Vamos usar receitas de carbono favorecendo a transi\u00e7\u00e3o econ\u00f4mica rumo a uma transi\u00e7\u00e3o de baixo carbono\u201d, afirmou William Wills, CEO da EOS Estrat\u00e9gia e Sustentabilidade.<\/p>\n<p>Outro passo importante \u00e9 definir qual o tamanho das emiss\u00f5es de cada segmento do setor, iniciativa que j\u00e1 come\u00e7ou a ser feita por meio de uma parceria entre o IBP e a consultoria WayCarbon. \u201cEm nosso primeiro escopo, feito com 40 associadas do IBP, identificamos os quatro segmentos que mais emitem dentro do setor de O&amp;G: downstream, com 44%; upstream, com 35%; t\u00e9rmicas, com 16%; e midstream, com 5%. Esse mapeamento vai servir para a avalia\u00e7\u00e3o das medidas custo-efetivas para a descarboniza\u00e7\u00e3o\u201d, finalizou Julia Rymer, gerente de Mitiga\u00e7\u00e3o da WayCarbon e uma das palestrantes.<\/p>\n<p>Servi\u00e7o:<\/p>\n<p><strong><span style=\"color: #0000ff;\"><a style=\"color: #0000ff;\" href=\"https:\/\/www.riooilgas.com.br\/sobre-evento\/\">Rio Oil &amp; Gas 2022<\/a><\/span><\/strong><\/p>\n<p>Data: de 26 a 29 de setembro<\/p>\n<p>Hor\u00e1rios: das 8h \u00e0s 18h (Congresso) e das 12h \u00e0s 20h (Exposi\u00e7\u00e3o e Eventos Paralelos) Local: Boulevard Ol\u00edmpico (Armaz\u00e9ns 1, 3, 4, 5, Utopia, Armaz\u00e9m IBP (Mural \u201cEtnias\u201d) e Espa\u00e7o Kreimer)<\/p>\n<p>Site:<span style=\"color: #0000ff;\"> https:\/\/<a style=\"color: #0000ff;\" href=\"http:\/\/www.riooilgas.com.br\/\">www.riooilgas.com.br\/<\/a> <\/span><\/p>\n","protected":false},"excerpt":{"rendered":"<p>A Rio Oil &amp; Gas recebeu nesta segunda-feira (26\/9) o certificado de neutraliza\u00e7\u00e3o para as emiss\u00f5es de carbono geradas no evento. Esta \u00e9 a primeira vez que a feira \u00e9 carbono zero. A diretora-executiva corporativa do Instituto Brasileiro de Petr\u00f3leo e G\u00e1s (IBP), Fernanda Delgado, recebeu o certificado de neutraliza\u00e7\u00e3o do diretor-executivo da plataforma BlockC, [&hellip;]<\/p>\n","protected":false},"author":1,"featured_media":20095,"comment_status":"open","ping_status":"open","sticky":false,"template":"","format":"standard","meta":{"_uag_custom_page_level_css":"","footnotes":""},"categories":[33],"tags":[24325,15500,9149,10393],"class_list":["post-20094","post","type-post","status-publish","format-standard","has-post-thumbnail","hentry","category-mercado","tag-baixo-carbono-oleo-gas","tag-investimentos-e-empregos","tag-porto-maravilha","tag-rio-oil-gas"],"blocksy_meta":[],"spectra_blocks_featured_image_url":{"thumbnail":{"url":"https:\/\/construcaocivil.siriusmarketingedesign.com.br\/wp-content\/uploads\/2022\/09\/IBP-150x150.jpg","width":150,"height":150},"medium":{"url":"https:\/\/construcaocivil.siriusmarketingedesign.com.br\/wp-content\/uploads\/2022\/09\/IBP-300x200.jpg","width":300,"height":200},"medium_large":{"url":"https:\/\/construcaocivil.siriusmarketingedesign.com.br\/wp-content\/uploads\/2022\/09\/IBP-768x512.jpg","width":768,"height":512},"large":{"url":"https:\/\/construcaocivil.siriusmarketingedesign.com.br\/wp-content\/uploads\/2022\/09\/IBP.jpg","width":1024,"height":683},"full":{"url":"https:\/\/construcaocivil.siriusmarketingedesign.com.br\/wp-content\/uploads\/2022\/09\/IBP.jpg","width":1024,"height":683}},"spectra_blocks_author_info":{"display_name":"Jornal da Constru\u00e7\u00e3o Civil","avatar_url":"https:\/\/secure.gravatar.com\/avatar\/973c9774fd44ddaceb026973c4962faa70fc512bc4c9da68e8ebb40fecee6540?s=96&d=mm&r=g","author_link":"https:\/\/construcaocivil.siriusmarketingedesign.com.br\/?author=1","description":"Desde de 2013, levando muitas informa\u00e7\u00f5es, lan\u00e7amentos e produtos de qualidade para toda cadeia produtiva da constru\u00e7\u00e3o. O Futuro da constru\u00e7\u00e3o passa por aqui,"},"uagb_featured_image_src":{"full":["https:\/\/construcaocivil.siriusmarketingedesign.com.br\/wp-content\/uploads\/2022\/09\/IBP.jpg",1024,683,false],"thumbnail":["https:\/\/construcaocivil.siriusmarketingedesign.com.br\/wp-content\/uploads\/2022\/09\/IBP-150x150.jpg",150,150,true],"medium":["https:\/\/construcaocivil.siriusmarketingedesign.com.br\/wp-content\/uploads\/2022\/09\/IBP-300x200.jpg",300,200,true],"medium_large":["https:\/\/construcaocivil.siriusmarketingedesign.com.br\/wp-content\/uploads\/2022\/09\/IBP-768x512.jpg",768,512,true],"large":["https:\/\/construcaocivil.siriusmarketingedesign.com.br\/wp-content\/uploads\/2022\/09\/IBP.jpg",1024,683,false],"1536x1536":["https:\/\/construcaocivil.siriusmarketingedesign.com.br\/wp-content\/uploads\/2022\/09\/IBP.jpg",1024,683,false],"2048x2048":["https:\/\/construcaocivil.siriusmarketingedesign.com.br\/wp-content\/uploads\/2022\/09\/IBP.jpg",1024,683,false]},"uagb_author_info":{"display_name":"Jornal da Constru\u00e7\u00e3o Civil","author_link":"https:\/\/construcaocivil.siriusmarketingedesign.com.br\/?author=1"},"uagb_comment_info":0,"uagb_excerpt":"A Rio Oil &amp; Gas recebeu nesta segunda-feira (26\/9) o certificado de neutraliza\u00e7\u00e3o para as emiss\u00f5es de carbono geradas no evento. Esta \u00e9 a primeira vez que a feira \u00e9 carbono zero. A diretora-executiva corporativa do Instituto Brasileiro de Petr\u00f3leo e G\u00e1s (IBP), Fernanda Delgado, recebeu o certificado de neutraliza\u00e7\u00e3o do diretor-executivo da plataforma BlockC,&hellip;","_links":{"self":[{"href":"https:\/\/construcaocivil.siriusmarketingedesign.com.br\/index.php?rest_route=\/wp\/v2\/posts\/20094","targetHints":{"allow":["GET"]}}],"collection":[{"href":"https:\/\/construcaocivil.siriusmarketingedesign.com.br\/index.php?rest_route=\/wp\/v2\/posts"}],"about":[{"href":"https:\/\/construcaocivil.siriusmarketingedesign.com.br\/index.php?rest_route=\/wp\/v2\/types\/post"}],"author":[{"embeddable":true,"href":"https:\/\/construcaocivil.siriusmarketingedesign.com.br\/index.php?rest_route=\/wp\/v2\/users\/1"}],"replies":[{"embeddable":true,"href":"https:\/\/construcaocivil.siriusmarketingedesign.com.br\/index.php?rest_route=%2Fwp%2Fv2%2Fcomments&post=20094"}],"version-history":[{"count":0,"href":"https:\/\/construcaocivil.siriusmarketingedesign.com.br\/index.php?rest_route=\/wp\/v2\/posts\/20094\/revisions"}],"wp:featuredmedia":[{"embeddable":true,"href":"https:\/\/construcaocivil.siriusmarketingedesign.com.br\/index.php?rest_route=\/wp\/v2\/media\/20095"}],"wp:attachment":[{"href":"https:\/\/construcaocivil.siriusmarketingedesign.com.br\/index.php?rest_route=%2Fwp%2Fv2%2Fmedia&parent=20094"}],"wp:term":[{"taxonomy":"category","embeddable":true,"href":"https:\/\/construcaocivil.siriusmarketingedesign.com.br\/index.php?rest_route=%2Fwp%2Fv2%2Fcategories&post=20094"},{"taxonomy":"post_tag","embeddable":true,"href":"https:\/\/construcaocivil.siriusmarketingedesign.com.br\/index.php?rest_route=%2Fwp%2Fv2%2Ftags&post=20094"}],"curies":[{"name":"wp","href":"https:\/\/api.w.org\/{rel}","templated":true}]}}