{"id":20097,"date":"2022-09-27T13:52:34","date_gmt":"2022-09-27T16:52:34","guid":{"rendered":"https:\/\/www.jornaldaconstrucaocivil.com.br\/?p=20097"},"modified":"2022-09-27T13:55:19","modified_gmt":"2022-09-27T16:55:19","slug":"sinduscon-mg-e-cbic-promovem-primeira-edicao-do-construa-minas","status":"publish","type":"post","link":"https:\/\/construcaocivil.siriusmarketingedesign.com.br\/?p=20097","title":{"rendered":"Sinduscon-MG e CBIC promovem primeira edi\u00e7\u00e3o do Construa Minas"},"content":{"rendered":"<div dir=\"ltr\">\n<div>\n<p>Grandes nomes do mercado imobili\u00e1rio mineiro e nacional v\u00e3o se reunir, de 17 a 21 de outubro, na primeira edi\u00e7\u00e3o do\u00a0Construa Minas, iniciativa do Sindicato da Ind\u00fastria da Constru\u00e7\u00e3o Civil do Estado de Minas Gerais (Sinduscon-MG) e da C\u00e2mara Brasileira da Ind\u00fastria da Constru\u00e7\u00e3o (CBIC). O evento, que integra o &#8220;Construa \u2013 Onde a Constru\u00e7\u00e3o do Brasil se encontra&#8221;, ter\u00e1 formato h\u00edbrido com encontros presenciais em Belo Horizonte e ser\u00e1 realizado em parceria com mais de 20 entidades da cadeia produtiva do setor no estado.<\/p>\n<p>A realiza\u00e7\u00e3o desse encontro s\u00f3 foi viabilizada em fun\u00e7\u00e3o do apoio do Servi\u00e7o Brasileiro de Apoio \u00e0s Micro e Pequenas Empresas (Sebrae) ao setor construtor. A CBIC e o Sinduscon-MG destacam a import\u00e2ncia dessa parceria nacional, pois ela demonstra que o Sebrae permanece atento \u00e0s quest\u00f5es estrat\u00e9gicas para o desenvolvimento do pa\u00eds.<\/p>\n<p>Segundo o presidente do Sinduscon-MG, Renato Michel, a iniciativa evidencia a import\u00e2ncia da constru\u00e7\u00e3o civil para o Brasil. &#8220;Ao unir a cadeia produtiva em torno do debate de temas relevantes como inova\u00e7\u00e3o, tecnologia, sustentabilidade, cen\u00e1rio econ\u00f4mico e produtividade, a constru\u00e7\u00e3o mostra que est\u00e1 preparada para fortalecer a sua contribui\u00e7\u00e3o ao desenvolvimento nacional&#8221;, declara. O evento pretende se consolidar como um dos maiores da cadeia produtiva da constru\u00e7\u00e3o de Minas Gerais.<\/p>\n<p>Durante cinco dias, os participantes ter\u00e3o acesso a uma vasta programa\u00e7\u00e3o que contempla temas variados, como: tend\u00eancias da constru\u00e7\u00e3o civil e do mercado imobili\u00e1rio, cen\u00e1rio econ\u00f4mico, sustentabilidade e meio ambiente, inova\u00e7\u00e3o, entre outros.<\/p>\n<p>&#8220;Depois de um per\u00edodo de retra\u00e7\u00e3o, a constru\u00e7\u00e3o civil vem, nos \u00faltimos dois anos, recuperando o seu vigor e mostrando, mais uma vez, o quanto \u00e9 necess\u00e1ria para o Pa\u00eds evoluir n\u00e3o somente no campo econ\u00f4mico, mas, tamb\u00e9m, no aspecto social. Por esse motivo, a realiza\u00e7\u00e3o de um evento com esse porte e com a discuss\u00e3o de temas t\u00e3o representativos para o setor ganha ainda mais import\u00e2ncia&#8221;, avalia o ex-presidente do Sinduscon-MG, Teodomiro Diniz Camargos.<\/p>\n<p><strong>&#8220;Construa \u2013 Onde a Constru\u00e7\u00e3o do Brasil se encontra&#8221;<\/strong><\/p>\n<p>O evento integra o &#8220;Construa \u2013 Onde a Constru\u00e7\u00e3o do Brasil se encontra&#8221;, programa\u00e7\u00e3o anual que pretende percorrer todos os estados e o Distrito Federal para discutir com especialistas da ind\u00fastria da constru\u00e7\u00e3o temas estrat\u00e9gicos do setor e do mercado imobili\u00e1rio em n\u00edvel nacional e estadual. &#8220;O Construa \u00e9 a CBIC chegando aos estados para fortalecer a ind\u00fastria da constru\u00e7\u00e3o nacional, com debates sobre a agenda nacional&#8221;, salienta o presidente da entidade, Jos\u00e9 Carlos Martins.<\/p>\n<p>O objetivo do Construa \u00e9 unir localmente o maior n\u00famero poss\u00edvel de agentes regionais da cadeia de produ\u00e7\u00e3o de habita\u00e7\u00f5es, creches, hospitais, escolas, pr\u00e9dios, pontes, viadutos, t\u00faneis, rodovias, ferrovias e barragens para ampliar o debate sobre temas de grande relev\u00e2ncia para o setor da constru\u00e7\u00e3o e fortalecer as entidades locais associadas \u00e0 CBIC.<\/p>\n<p>A expectativa \u00e9 reunir mais de 3 mil especialistas, empres\u00e1rios e profissionais do setor da constru\u00e7\u00e3o, al\u00e9m de dirigentes e representantes das entidades associadas ao Sinduscon-MG e \u00e0 CBIC, em busca de conhecimento, oportunidades de neg\u00f3cios, parcerias e networking. O evento vai contar com uma extensa programa\u00e7\u00e3o de palestras e congressos, j\u00e1 consagrados pela cadeia produtiva do setor no Estado, como o &#8220;4\u00b0 Congresso do Mercado Imobili\u00e1rio&#8221; e o &#8220;21\u00ba Congresso de Materiais, Tecnologia e Sustentabilidade&#8221;, ambos organizados pelo Sinduscon-MG.<\/p>\n<\/div>\n<\/div>\n","protected":false},"excerpt":{"rendered":"<p>Grandes nomes do mercado imobili\u00e1rio mineiro e nacional v\u00e3o se reunir, de 17 a 21 de outubro, na primeira edi\u00e7\u00e3o do\u00a0Construa Minas, iniciativa do Sindicato da Ind\u00fastria da Constru\u00e7\u00e3o Civil do Estado de Minas Gerais (Sinduscon-MG) e da C\u00e2mara Brasileira da Ind\u00fastria da Constru\u00e7\u00e3o (CBIC). O evento, que integra o &#8220;Construa \u2013 Onde a Constru\u00e7\u00e3o [&hellip;]<\/p>\n","protected":false},"author":1,"featured_media":20098,"comment_status":"open","ping_status":"open","sticky":false,"template":"","format":"standard","meta":{"_uag_custom_page_level_css":"","footnotes":""},"categories":[27],"tags":[2029,24326,2826,7210,11157],"class_list":["post-20097","post","type-post","status-publish","format-standard","has-post-thumbnail","hentry","category-acontece","tag-cbic","tag-construa-minas-2022","tag-construcao-civil","tag-maquinas-e-equipamentos","tag-sinduscon-mg"],"blocksy_meta":[],"spectra_blocks_featured_image_url":{"thumbnail":{"url":"https:\/\/construcaocivil.siriusmarketingedesign.com.br\/wp-content\/uploads\/2022\/09\/renato-michel-presidente-sinduscon-mg-150x150.jpeg","width":150,"height":150},"medium":{"url":"https:\/\/construcaocivil.siriusmarketingedesign.com.br\/wp-content\/uploads\/2022\/09\/renato-michel-presidente-sinduscon-mg-300x201.jpeg","width":300,"height":201},"medium_large":{"url":"https:\/\/construcaocivil.siriusmarketingedesign.com.br\/wp-content\/uploads\/2022\/09\/renato-michel-presidente-sinduscon-mg-768x516.jpeg","width":768,"height":516},"large":{"url":"https:\/\/construcaocivil.siriusmarketingedesign.com.br\/wp-content\/uploads\/2022\/09\/renato-michel-presidente-sinduscon-mg-1024x688.jpeg","width":1024,"height":688},"full":{"url":"https:\/\/construcaocivil.siriusmarketingedesign.com.br\/wp-content\/uploads\/2022\/09\/renato-michel-presidente-sinduscon-mg.jpeg","width":1075,"height":722}},"spectra_blocks_author_info":{"display_name":"Jornal da Constru\u00e7\u00e3o Civil","avatar_url":"https:\/\/secure.gravatar.com\/avatar\/973c9774fd44ddaceb026973c4962faa70fc512bc4c9da68e8ebb40fecee6540?s=96&d=mm&r=g","author_link":"https:\/\/construcaocivil.siriusmarketingedesign.com.br\/?author=1","description":"Desde de 2013, levando muitas informa\u00e7\u00f5es, lan\u00e7amentos e produtos de qualidade para toda cadeia produtiva da constru\u00e7\u00e3o. O Futuro da constru\u00e7\u00e3o passa por aqui,"},"uagb_featured_image_src":{"full":["https:\/\/construcaocivil.siriusmarketingedesign.com.br\/wp-content\/uploads\/2022\/09\/renato-michel-presidente-sinduscon-mg.jpeg",1075,722,false],"thumbnail":["https:\/\/construcaocivil.siriusmarketingedesign.com.br\/wp-content\/uploads\/2022\/09\/renato-michel-presidente-sinduscon-mg-150x150.jpeg",150,150,true],"medium":["https:\/\/construcaocivil.siriusmarketingedesign.com.br\/wp-content\/uploads\/2022\/09\/renato-michel-presidente-sinduscon-mg-300x201.jpeg",300,201,true],"medium_large":["https:\/\/construcaocivil.siriusmarketingedesign.com.br\/wp-content\/uploads\/2022\/09\/renato-michel-presidente-sinduscon-mg-768x516.jpeg",768,516,true],"large":["https:\/\/construcaocivil.siriusmarketingedesign.com.br\/wp-content\/uploads\/2022\/09\/renato-michel-presidente-sinduscon-mg-1024x688.jpeg",1024,688,true],"1536x1536":["https:\/\/construcaocivil.siriusmarketingedesign.com.br\/wp-content\/uploads\/2022\/09\/renato-michel-presidente-sinduscon-mg.jpeg",1075,722,false],"2048x2048":["https:\/\/construcaocivil.siriusmarketingedesign.com.br\/wp-content\/uploads\/2022\/09\/renato-michel-presidente-sinduscon-mg.jpeg",1075,722,false]},"uagb_author_info":{"display_name":"Jornal da Constru\u00e7\u00e3o Civil","author_link":"https:\/\/construcaocivil.siriusmarketingedesign.com.br\/?author=1"},"uagb_comment_info":0,"uagb_excerpt":"Grandes nomes do mercado imobili\u00e1rio mineiro e nacional v\u00e3o se reunir, de 17 a 21 de outubro, na primeira edi\u00e7\u00e3o do\u00a0Construa Minas, iniciativa do Sindicato da Ind\u00fastria da Constru\u00e7\u00e3o Civil do Estado de Minas Gerais (Sinduscon-MG) e da C\u00e2mara Brasileira da Ind\u00fastria da Constru\u00e7\u00e3o (CBIC). O evento, que integra o &#8220;Construa \u2013 Onde a Constru\u00e7\u00e3o&hellip;","_links":{"self":[{"href":"https:\/\/construcaocivil.siriusmarketingedesign.com.br\/index.php?rest_route=\/wp\/v2\/posts\/20097","targetHints":{"allow":["GET"]}}],"collection":[{"href":"https:\/\/construcaocivil.siriusmarketingedesign.com.br\/index.php?rest_route=\/wp\/v2\/posts"}],"about":[{"href":"https:\/\/construcaocivil.siriusmarketingedesign.com.br\/index.php?rest_route=\/wp\/v2\/types\/post"}],"author":[{"embeddable":true,"href":"https:\/\/construcaocivil.siriusmarketingedesign.com.br\/index.php?rest_route=\/wp\/v2\/users\/1"}],"replies":[{"embeddable":true,"href":"https:\/\/construcaocivil.siriusmarketingedesign.com.br\/index.php?rest_route=%2Fwp%2Fv2%2Fcomments&post=20097"}],"version-history":[{"count":0,"href":"https:\/\/construcaocivil.siriusmarketingedesign.com.br\/index.php?rest_route=\/wp\/v2\/posts\/20097\/revisions"}],"wp:featuredmedia":[{"embeddable":true,"href":"https:\/\/construcaocivil.siriusmarketingedesign.com.br\/index.php?rest_route=\/wp\/v2\/media\/20098"}],"wp:attachment":[{"href":"https:\/\/construcaocivil.siriusmarketingedesign.com.br\/index.php?rest_route=%2Fwp%2Fv2%2Fmedia&parent=20097"}],"wp:term":[{"taxonomy":"category","embeddable":true,"href":"https:\/\/construcaocivil.siriusmarketingedesign.com.br\/index.php?rest_route=%2Fwp%2Fv2%2Fcategories&post=20097"},{"taxonomy":"post_tag","embeddable":true,"href":"https:\/\/construcaocivil.siriusmarketingedesign.com.br\/index.php?rest_route=%2Fwp%2Fv2%2Ftags&post=20097"}],"curies":[{"name":"wp","href":"https:\/\/api.w.org\/{rel}","templated":true}]}}