{"id":20112,"date":"2022-09-30T14:57:25","date_gmt":"2022-09-30T17:57:25","guid":{"rendered":"https:\/\/www.jornaldaconstrucaocivil.com.br\/?p=20112"},"modified":"2022-09-30T15:02:23","modified_gmt":"2022-09-30T18:02:23","slug":"lula-o-rio-de-janeiro-era-um-canteiro-de-obras-em-qualquer-obra-nos-morros-e-favelas-a-maioria-dos-contratados-eram-moradores-das-comunidades-disse-lula","status":"publish","type":"post","link":"https:\/\/construcaocivil.siriusmarketingedesign.com.br\/?p=20112","title":{"rendered":"#LULA: &#8220;O Rio de Janeiro era um canteiro de obras, em qualquer obra, nos Morros e Favelas, a maioria dos contratados eram moradores das comunidades, disse LULA."},"content":{"rendered":"<p>O ex-presidente Luiz In\u00e1cio Lula da Silva afirmou na manh\u00e3 desta sexta-feira (30\/09) que o Rio de Janeiro precisa retomar a\u00a0<a href=\"https:\/\/lula.com.br\/lula-defende-a-recuperacao-da-industria-naval-e-de-oleo-e-gas-no-rj\/\"><span style=\"color: #0000ff;\">import\u00e2ncia<\/span> <span style=\"color: #0000ff;\">econ\u00f4mica<\/span><\/a>\u00a0e voltar a ser visto como estado gerador de emprego e oportunidade.<\/p>\n<p>Em entrevista coletiva na capital, antes de embarcar para caminhada em Salvador (BA), o ex-presidente defendeu retomada das ind\u00fastrias naval e de \u00f3leo e g\u00e1s e a realiza\u00e7\u00e3o de obras de habita\u00e7\u00e3o popula\u00e7\u00e3o, saneamento e urbaniza\u00e7\u00e3o das favelas. Ele tamb\u00e9m sugeriu a discuss\u00e3o de um outro tipo de desenvolvimento, baseado em pequenas e m\u00e9dias empresas.<\/p>\n<p>\u201cO Rio de Janeiro precisa voltar a ser visto pela imprensa brasileira como um estado gerador de oportunidades e emprego. E que voc\u00ea pode estabelecer outro padr\u00e3o de desenvolvimento na base de pequenos e m\u00e9dios empreendedores individuais, na base de pequenas e m\u00e9dias empresas\u201d, disse ele, acrescentando que ser\u00e1 preciso fazer valer a Lei Geral da Pequena e M\u00e9dia Empresa, o Simples e estimular forte investimento na \u00e1rea de saneamento b\u00e1sico e habita\u00e7\u00e3o popular.<\/p>\n<figure id=\"attachment_9713\" aria-describedby=\"caption-attachment-9713\" style=\"width: 300px\" class=\"wp-caption alignleft\"><img loading=\"lazy\" decoding=\"async\" class=\"size-medium wp-image-9713\" src=\"https:\/\/www.jornaldaconstrucaocivil.com.br\/wp-content\/uploads\/2018\/05\/Desemprego-300x225.jpg\" alt=\"\" width=\"300\" height=\"225\" srcset=\"https:\/\/construcaocivil.siriusmarketingedesign.com.br\/wp-content\/uploads\/2018\/05\/Desemprego-300x225.jpg 300w, https:\/\/construcaocivil.siriusmarketingedesign.com.br\/wp-content\/uploads\/2018\/05\/Desemprego.jpg 768w, https:\/\/construcaocivil.siriusmarketingedesign.com.br\/wp-content\/uploads\/2018\/05\/Desemprego-86x64.jpg 86w\" sizes=\"auto, (max-width: 300px) 100vw, 300px\" \/><figcaption id=\"caption-attachment-9713\" class=\"wp-caption-text\">Rio precisa ser um estado gerador de emprego e oportunidade, diz Lula. Foto: Arquivo\/JCC<\/figcaption><\/figure>\n<p>Lula lembrou que quando deixou o governo, no fim de 2010, o estado do Rio era como um grande canteiro de obras, que empregava os moradores das comunidades. Hoje, lamentou, o estado enfrenta situa\u00e7\u00e3o grave econ\u00f4mica e social.<\/p>\n<h2 id=\"h-compromisso-com-causas-sociais\">Compromisso com causas sociais<\/h2>\n<p>O ex-presidente defendeu a\u00a0<a href=\"https:\/\/www.brasil247.com\/regionais\/sudeste\/o-rio-precisa-dar-uma-chance-ao-proprio-rio-e-imprescindivel-a-vitoria-do-freixo-diz-lula\" target=\"_blank\" rel=\"noopener\">elei\u00e7\u00e3o de Marcelo Freixo<\/a>\u00a0(PSB) para governar o estado e de Andr\u00e9 Ceciliano para o Senado e disse ser importante para o Rio ter um dirigente de esquerda comprometido com as causas sociais. \u201cCom a vit\u00f3ria do Freixo, a gente pode fazer algo que funcione, como uma verdadeira orquestra regida por um maestro que quer fazer a coisa funcionar. Essa \u00e9 a minha disposi\u00e7\u00e3o\u201d.<\/p>\n<p>Lula disse que vai se dedicar \u00e0 campanha do candidato do PSB no segundo turno das elei\u00e7\u00f5es e destacou ser muito importante, se eleito presidente, ter governadores aliados nos tr\u00eas principais estados do pa\u00eds. \u201cSe ganhar elei\u00e7\u00f5es em tr\u00eas estados importantes, Minas, S\u00e3o Paulo e Rio de Janeiro, como est\u00e1 previsto pelas pesquisas \u00e9 um trunfo extremamente importante para construir a alian\u00e7a pol\u00edtica necess\u00e1ria para governar o Brasil. \u00c9 muito importante a gente estar no mesmo palanque, no mesmo discurso e com a mesma disposi\u00e7\u00e3o de reconstru\u00e7\u00e3o do projeto Brasil\u201d.<\/p>\n<p>Fonte: Imprensa #lula2022<\/p>\n<figure class=\"wp-block-embed is-type-video is-provider-youtube wp-block-embed-youtube wp-embed-aspect-16-9 wp-has-aspect-ratio\"><\/figure>\n<p>&nbsp;<\/p>\n","protected":false},"excerpt":{"rendered":"<p>O ex-presidente Luiz In\u00e1cio Lula da Silva afirmou na manh\u00e3 desta sexta-feira (30\/09) que o Rio de Janeiro precisa retomar a\u00a0import\u00e2ncia econ\u00f4mica\u00a0e voltar a ser visto como estado gerador de emprego e oportunidade. Em entrevista coletiva na capital, antes de embarcar para caminhada em Salvador (BA), o ex-presidente defendeu retomada das ind\u00fastrias naval e de [&hellip;]<\/p>\n","protected":false},"author":1,"featured_media":20114,"comment_status":"open","ping_status":"open","sticky":false,"template":"","format":"standard","meta":{"_uag_custom_page_level_css":"","footnotes":""},"categories":[27],"tags":[24335,20912,17249,24334,8424,8859],"class_list":["post-20112","post","type-post","status-publish","format-standard","has-post-thumbnail","hentry","category-acontece","tag-freixo50","tag-lula2022","tag-crise-no-rio-de-janeiro","tag-obras-e-empregos","tag-oleo-e-gas","tag-petrobras"],"blocksy_meta":[],"spectra_blocks_featured_image_url":{"thumbnail":{"url":"https:\/\/construcaocivil.siriusmarketingedesign.com.br\/wp-content\/uploads\/2022\/09\/LULA-E-FREIXO-150x150.jpeg","width":150,"height":150},"medium":{"url":"https:\/\/construcaocivil.siriusmarketingedesign.com.br\/wp-content\/uploads\/2022\/09\/LULA-E-FREIXO-300x169.jpeg","width":300,"height":169},"medium_large":{"url":"https:\/\/construcaocivil.siriusmarketingedesign.com.br\/wp-content\/uploads\/2022\/09\/LULA-E-FREIXO-768x432.jpeg","width":768,"height":432},"large":{"url":"https:\/\/construcaocivil.siriusmarketingedesign.com.br\/wp-content\/uploads\/2022\/09\/LULA-E-FREIXO.jpeg","width":1024,"height":576},"full":{"url":"https:\/\/construcaocivil.siriusmarketingedesign.com.br\/wp-content\/uploads\/2022\/09\/LULA-E-FREIXO.jpeg","width":1024,"height":576}},"spectra_blocks_author_info":{"display_name":"Jornal da Constru\u00e7\u00e3o Civil","avatar_url":"https:\/\/secure.gravatar.com\/avatar\/973c9774fd44ddaceb026973c4962faa70fc512bc4c9da68e8ebb40fecee6540?s=96&d=mm&r=g","author_link":"https:\/\/construcaocivil.siriusmarketingedesign.com.br\/?author=1","description":"Desde de 2013, levando muitas informa\u00e7\u00f5es, lan\u00e7amentos e produtos de qualidade para toda cadeia produtiva da constru\u00e7\u00e3o. O Futuro da constru\u00e7\u00e3o passa por aqui,"},"uagb_featured_image_src":{"full":["https:\/\/construcaocivil.siriusmarketingedesign.com.br\/wp-content\/uploads\/2022\/09\/LULA-E-FREIXO.jpeg",1024,576,false],"thumbnail":["https:\/\/construcaocivil.siriusmarketingedesign.com.br\/wp-content\/uploads\/2022\/09\/LULA-E-FREIXO-150x150.jpeg",150,150,true],"medium":["https:\/\/construcaocivil.siriusmarketingedesign.com.br\/wp-content\/uploads\/2022\/09\/LULA-E-FREIXO-300x169.jpeg",300,169,true],"medium_large":["https:\/\/construcaocivil.siriusmarketingedesign.com.br\/wp-content\/uploads\/2022\/09\/LULA-E-FREIXO-768x432.jpeg",768,432,true],"large":["https:\/\/construcaocivil.siriusmarketingedesign.com.br\/wp-content\/uploads\/2022\/09\/LULA-E-FREIXO.jpeg",1024,576,false],"1536x1536":["https:\/\/construcaocivil.siriusmarketingedesign.com.br\/wp-content\/uploads\/2022\/09\/LULA-E-FREIXO.jpeg",1024,576,false],"2048x2048":["https:\/\/construcaocivil.siriusmarketingedesign.com.br\/wp-content\/uploads\/2022\/09\/LULA-E-FREIXO.jpeg",1024,576,false]},"uagb_author_info":{"display_name":"Jornal da Constru\u00e7\u00e3o Civil","author_link":"https:\/\/construcaocivil.siriusmarketingedesign.com.br\/?author=1"},"uagb_comment_info":0,"uagb_excerpt":"O ex-presidente Luiz In\u00e1cio Lula da Silva afirmou na manh\u00e3 desta sexta-feira (30\/09) que o Rio de Janeiro precisa retomar a\u00a0import\u00e2ncia econ\u00f4mica\u00a0e voltar a ser visto como estado gerador de emprego e oportunidade. Em entrevista coletiva na capital, antes de embarcar para caminhada em Salvador (BA), o ex-presidente defendeu retomada das ind\u00fastrias naval e de&hellip;","_links":{"self":[{"href":"https:\/\/construcaocivil.siriusmarketingedesign.com.br\/index.php?rest_route=\/wp\/v2\/posts\/20112","targetHints":{"allow":["GET"]}}],"collection":[{"href":"https:\/\/construcaocivil.siriusmarketingedesign.com.br\/index.php?rest_route=\/wp\/v2\/posts"}],"about":[{"href":"https:\/\/construcaocivil.siriusmarketingedesign.com.br\/index.php?rest_route=\/wp\/v2\/types\/post"}],"author":[{"embeddable":true,"href":"https:\/\/construcaocivil.siriusmarketingedesign.com.br\/index.php?rest_route=\/wp\/v2\/users\/1"}],"replies":[{"embeddable":true,"href":"https:\/\/construcaocivil.siriusmarketingedesign.com.br\/index.php?rest_route=%2Fwp%2Fv2%2Fcomments&post=20112"}],"version-history":[{"count":0,"href":"https:\/\/construcaocivil.siriusmarketingedesign.com.br\/index.php?rest_route=\/wp\/v2\/posts\/20112\/revisions"}],"wp:featuredmedia":[{"embeddable":true,"href":"https:\/\/construcaocivil.siriusmarketingedesign.com.br\/index.php?rest_route=\/wp\/v2\/media\/20114"}],"wp:attachment":[{"href":"https:\/\/construcaocivil.siriusmarketingedesign.com.br\/index.php?rest_route=%2Fwp%2Fv2%2Fmedia&parent=20112"}],"wp:term":[{"taxonomy":"category","embeddable":true,"href":"https:\/\/construcaocivil.siriusmarketingedesign.com.br\/index.php?rest_route=%2Fwp%2Fv2%2Fcategories&post=20112"},{"taxonomy":"post_tag","embeddable":true,"href":"https:\/\/construcaocivil.siriusmarketingedesign.com.br\/index.php?rest_route=%2Fwp%2Fv2%2Ftags&post=20112"}],"curies":[{"name":"wp","href":"https:\/\/api.w.org\/{rel}","templated":true}]}}