{"id":20134,"date":"2022-10-04T00:38:13","date_gmt":"2022-10-04T03:38:13","guid":{"rendered":"https:\/\/www.jornaldaconstrucaocivil.com.br\/?p=20134"},"modified":"2022-10-04T00:38:13","modified_gmt":"2022-10-04T03:38:13","slug":"leilao-de-energia-custaria-r-20-bilhoes-a-menos-aos-consumidores-se-nao-fosse-jabuti-da-eletrobras-lamenta-absolar","status":"publish","type":"post","link":"https:\/\/construcaocivil.siriusmarketingedesign.com.br\/?p=20134","title":{"rendered":"Leil\u00e3o de energia custaria R$ 20 bilh\u00f5es a menos aos consumidores se n\u00e3o fosse \u201cjabuti da Eletrobras\u201d, lamenta ABSOLAR"},"content":{"rendered":"<p><strong>Outubro de 2022\u00a0\u2013\u00a0<\/strong>O Leil\u00e3o de Reserva de Capacidade, que contratou, no dia 30 de setembro deste ano, 743 megawatts (MW) de energia de termel\u00e9tricas f\u00f3sseis tornar\u00e1 a conta de luz ainda mais onerosa aos consumidores. A contrata\u00e7\u00e3o \u00e9 fruto do \u201cjabuti\u201d inserido na Lei 14.182\/2021, a chamada lei da capitaliza\u00e7\u00e3o Eletrobras. Segundo an\u00e1lise da Associa\u00e7\u00e3o Brasileira de Energia Solar Fotovoltaica (ABSOLAR), os brasileiros pagariam R$ 20 bilh\u00f5es a menos num per\u00edodo de 15 anos, caso a energia contratada fosse proveniente de fontes limpas e renov\u00e1veis, como solar e e\u00f3lica.<\/p>\n<p>Se o volume de energia contratada pelo leil\u00e3o, de 670 MW m\u00e9dios, fosse atendido por novas usinas solares, seriam adicionados 2,7 mil MW de pot\u00eancia na matriz el\u00e9trica brasileira, atraindo R$ 10 bilh\u00f5es, volume R$ 5,8 bilh\u00f5es superior do que os aportes gerados pelas termel\u00e9tricas.<\/p>\n<p>Para Rodrigo Sauaia, presidente executivo da ABSOLAR, a contata\u00e7\u00e3o de energia termel\u00e9trica f\u00f3ssil e poluente, a pre\u00e7os duas vezes maiores do que as renov\u00e1veis, \u00e9 um contrassenso e um retrocesso para o Brasil. \u201cTrata-se de uma oportunidade perdida que onera o consumidor brasileiro e deixa de gerar at\u00e9 81 mil novos empregos que o setor solar poderia trazer aos Pa\u00eds\u201d, comenta.<\/p>\n<p>Carlos Dornellas, diretor t\u00e9cnico-regulat\u00f3rio da ABSOLAR, ressalta ainda que os empreendimentos fotovoltaicos possuem pre\u00e7os altamente competitivos, que ajudam a reduzir a conta de luz dos brasileiros. \u201cTamb\u00e9m n\u00e3o utilizam \u00e1gua e evitam as emiss\u00f5es de poluentes e gases de efeito estufa, al\u00e9m de serem \u00e1geis e vers\u00e1teis para entrar em opera\u00e7\u00f5es, precisando de menos de 18 meses desde o leil\u00e3o at\u00e9 o in\u00edcio da gera\u00e7\u00e3o de energia el\u00e9trica\u201d, conclui.<\/p>\n","protected":false},"excerpt":{"rendered":"<p>Outubro de 2022\u00a0\u2013\u00a0O Leil\u00e3o de Reserva de Capacidade, que contratou, no dia 30 de setembro deste ano, 743 megawatts (MW) de energia de termel\u00e9tricas f\u00f3sseis tornar\u00e1 a conta de luz ainda mais onerosa aos consumidores. A contrata\u00e7\u00e3o \u00e9 fruto do \u201cjabuti\u201d inserido na Lei 14.182\/2021, a chamada lei da capitaliza\u00e7\u00e3o Eletrobras. Segundo an\u00e1lise da Associa\u00e7\u00e3o [&hellip;]<\/p>\n","protected":false},"author":1,"featured_media":20135,"comment_status":"open","ping_status":"open","sticky":false,"template":"","format":"standard","meta":{"_uag_custom_page_level_css":"","footnotes":""},"categories":[29],"tags":[345,24341,24342,24343],"class_list":["post-20134","post","type-post","status-publish","format-standard","has-post-thumbnail","hentry","category-energia","tag-absolar","tag-eletrobras-leilao-jabuticaba","tag-prejuizos-para-consumidores","tag-tarifa-de-luz-cara"],"blocksy_meta":[],"spectra_blocks_featured_image_url":{"thumbnail":{"url":"https:\/\/construcaocivil.siriusmarketingedesign.com.br\/wp-content\/uploads\/2022\/10\/SOLAR-SOL-BB-150x150.png","width":150,"height":150},"medium":{"url":"https:\/\/construcaocivil.siriusmarketingedesign.com.br\/wp-content\/uploads\/2022\/10\/SOLAR-SOL-BB-300x180.png","width":300,"height":180},"medium_large":{"url":"https:\/\/construcaocivil.siriusmarketingedesign.com.br\/wp-content\/uploads\/2022\/10\/SOLAR-SOL-BB.png","width":768,"height":460},"large":{"url":"https:\/\/construcaocivil.siriusmarketingedesign.com.br\/wp-content\/uploads\/2022\/10\/SOLAR-SOL-BB.png","width":768,"height":460},"full":{"url":"https:\/\/construcaocivil.siriusmarketingedesign.com.br\/wp-content\/uploads\/2022\/10\/SOLAR-SOL-BB.png","width":768,"height":460}},"spectra_blocks_author_info":{"display_name":"Jornal da Constru\u00e7\u00e3o Civil","avatar_url":"https:\/\/secure.gravatar.com\/avatar\/973c9774fd44ddaceb026973c4962faa70fc512bc4c9da68e8ebb40fecee6540?s=96&d=mm&r=g","author_link":"https:\/\/construcaocivil.siriusmarketingedesign.com.br\/?author=1","description":"Desde de 2013, levando muitas informa\u00e7\u00f5es, lan\u00e7amentos e produtos de qualidade para toda cadeia produtiva da constru\u00e7\u00e3o. O Futuro da constru\u00e7\u00e3o passa por aqui,"},"uagb_featured_image_src":{"full":["https:\/\/construcaocivil.siriusmarketingedesign.com.br\/wp-content\/uploads\/2022\/10\/SOLAR-SOL-BB.png",768,460,false],"thumbnail":["https:\/\/construcaocivil.siriusmarketingedesign.com.br\/wp-content\/uploads\/2022\/10\/SOLAR-SOL-BB-150x150.png",150,150,true],"medium":["https:\/\/construcaocivil.siriusmarketingedesign.com.br\/wp-content\/uploads\/2022\/10\/SOLAR-SOL-BB-300x180.png",300,180,true],"medium_large":["https:\/\/construcaocivil.siriusmarketingedesign.com.br\/wp-content\/uploads\/2022\/10\/SOLAR-SOL-BB.png",768,460,false],"large":["https:\/\/construcaocivil.siriusmarketingedesign.com.br\/wp-content\/uploads\/2022\/10\/SOLAR-SOL-BB.png",768,460,false],"1536x1536":["https:\/\/construcaocivil.siriusmarketingedesign.com.br\/wp-content\/uploads\/2022\/10\/SOLAR-SOL-BB.png",768,460,false],"2048x2048":["https:\/\/construcaocivil.siriusmarketingedesign.com.br\/wp-content\/uploads\/2022\/10\/SOLAR-SOL-BB.png",768,460,false]},"uagb_author_info":{"display_name":"Jornal da Constru\u00e7\u00e3o Civil","author_link":"https:\/\/construcaocivil.siriusmarketingedesign.com.br\/?author=1"},"uagb_comment_info":0,"uagb_excerpt":"Outubro de 2022\u00a0\u2013\u00a0O Leil\u00e3o de Reserva de Capacidade, que contratou, no dia 30 de setembro deste ano, 743 megawatts (MW) de energia de termel\u00e9tricas f\u00f3sseis tornar\u00e1 a conta de luz ainda mais onerosa aos consumidores. A contrata\u00e7\u00e3o \u00e9 fruto do \u201cjabuti\u201d inserido na Lei 14.182\/2021, a chamada lei da capitaliza\u00e7\u00e3o Eletrobras. Segundo an\u00e1lise da Associa\u00e7\u00e3o&hellip;","_links":{"self":[{"href":"https:\/\/construcaocivil.siriusmarketingedesign.com.br\/index.php?rest_route=\/wp\/v2\/posts\/20134","targetHints":{"allow":["GET"]}}],"collection":[{"href":"https:\/\/construcaocivil.siriusmarketingedesign.com.br\/index.php?rest_route=\/wp\/v2\/posts"}],"about":[{"href":"https:\/\/construcaocivil.siriusmarketingedesign.com.br\/index.php?rest_route=\/wp\/v2\/types\/post"}],"author":[{"embeddable":true,"href":"https:\/\/construcaocivil.siriusmarketingedesign.com.br\/index.php?rest_route=\/wp\/v2\/users\/1"}],"replies":[{"embeddable":true,"href":"https:\/\/construcaocivil.siriusmarketingedesign.com.br\/index.php?rest_route=%2Fwp%2Fv2%2Fcomments&post=20134"}],"version-history":[{"count":0,"href":"https:\/\/construcaocivil.siriusmarketingedesign.com.br\/index.php?rest_route=\/wp\/v2\/posts\/20134\/revisions"}],"wp:featuredmedia":[{"embeddable":true,"href":"https:\/\/construcaocivil.siriusmarketingedesign.com.br\/index.php?rest_route=\/wp\/v2\/media\/20135"}],"wp:attachment":[{"href":"https:\/\/construcaocivil.siriusmarketingedesign.com.br\/index.php?rest_route=%2Fwp%2Fv2%2Fmedia&parent=20134"}],"wp:term":[{"taxonomy":"category","embeddable":true,"href":"https:\/\/construcaocivil.siriusmarketingedesign.com.br\/index.php?rest_route=%2Fwp%2Fv2%2Fcategories&post=20134"},{"taxonomy":"post_tag","embeddable":true,"href":"https:\/\/construcaocivil.siriusmarketingedesign.com.br\/index.php?rest_route=%2Fwp%2Fv2%2Ftags&post=20134"}],"curies":[{"name":"wp","href":"https:\/\/api.w.org\/{rel}","templated":true}]}}