{"id":2019,"date":"2016-06-08T16:07:03","date_gmt":"2016-06-08T16:07:03","guid":{"rendered":"http:\/\/www.jornaldaconstrucaocivil.com.br\/?p=2019"},"modified":"2016-06-08T16:07:03","modified_gmt":"2016-06-08T16:07:03","slug":"agencia-internacional-de-energia-divulga-relatorio-anual-de-aquecimento-solar","status":"publish","type":"post","link":"https:\/\/construcaocivil.siriusmarketingedesign.com.br\/?p=2019","title":{"rendered":"Ag\u00eancia Internacional de Energia divulga relat\u00f3rio anual de aquecimento solar"},"content":{"rendered":"<p><span style=\"color: #0000ff;\"><strong>Brasil, mais uma vez, ocupa posi\u00e7\u00e3o de destaque; cen\u00e1rio mundial apresenta retra\u00e7\u00e3o pela primeira vez<\/strong><\/span><\/p>\n<p><span style=\"color: #000000;\">A Ag\u00eancia Internacional de Energia (IEA) divulgou na \u00faltima quarta-feira (01\/06) seu relat\u00f3rio anual Solar Heat WorldWide, edi\u00e7\u00e3o de 2016 (base 2014), que re\u00fane informa\u00e7\u00f5es de m\u00b2 de coletores solares t\u00e9rmicos instalados por tipo, energia produzida, contribui\u00e7\u00f5es ao meio ambiente de emiss\u00f5es evitadas, dentre outros dados do desempenho do setor de 61 pa\u00edses. O Brasil, mais uma vez, foi refer\u00eancia no estudo, ocupando a 3\u00aa posi\u00e7\u00e3o em capacidade instalada adicionada no ano com novos1.009 MWth (Mega Watts T\u00e9rmicos), e a 5\u00aa no ranking mundial com 2.712 MWth, dado que considera os coletores solares t\u00e9rmicos em opera\u00e7\u00e3o nos \u00faltimos 25 anos. A contribui\u00e7\u00e3o do setor brasileiro ao meio ambiente em 2014 foi de 2,5 milh\u00f5es de toneladas de emiss\u00f5es evitadas de CO2.<\/span><\/p>\n<p><a href=\"http:\/\/www.jornaldaconstrucaocivil.com.br\/wp-content\/uploads\/2016\/06\/ENERGIA.jpg\"><img loading=\"lazy\" decoding=\"async\" class=\"size-medium wp-image-2020 alignleft\" src=\"http:\/\/www.jornaldaconstrucaocivil.com.br\/wp-content\/uploads\/2016\/06\/ENERGIA-300x212.jpg\" alt=\"ENERGIA\" width=\"300\" height=\"212\" \/><\/a><\/p>\n<p><span style=\"color: #000000;\">Os 61 pa\u00edses inclu\u00eddos no relat\u00f3rio representam 4,5 bilh\u00f5es de pessoas, cerca de 63% da popula\u00e7\u00e3o mundial. A capacidade instalada nesses pa\u00edses \u00e9 estimada em 95% do total do mercado de aquecimento solar global.<\/span><\/p>\n<p><span style=\"color: #000000;\">A Am\u00e9rica Latina, capitaneada pelo Brasil, mostra ser hoje o Pa\u00eds mais constante e din\u00e2mico de todas as regi\u00f5es econ\u00f4micas apuradas. O mercado brasileiro \u00e9 dominante, mas tamb\u00e9m os mercados mexicano e chileno est\u00e3o sendo respons\u00e1veis por n\u00fameros positivos em um crescimento consider\u00e1vel nos \u00faltimos\u00a0 6 anos consecutivos. Em 2014, estes mercados juntos somaram um crescimento de 8,1%. \u201cEstes n\u00fameros mostram o potencial do nosso mercado e a relev\u00e2ncia da produ\u00e7\u00e3o brasileira no cen\u00e1rio mundial\u201d, comenta Amaur\u00edcio Gomes L\u00facio, presidente do DASOL \u2013 Departamento Nacional de Energia Solar T\u00e9rmica da ABRAVA \u2013 Associa\u00e7\u00e3o Brasileira de Refrigera\u00e7\u00e3o, Ar Condicionado, Ventila\u00e7\u00e3o e Aquecimento.<\/span><\/p>\n<p><span style=\"color: #000000;\">Dos dez maiores mercados de 2014, o Brasil (+4,5%), a \u00cdndia (+7,0%), os Estados Unidos (+0.9%), o M\u00e9xico (+18,2%) e a Gr\u00e9cia (+19,1%) apresentaram crescimento. J\u00e1 a China (\u201317,6%), a Turquia (\u20130,8%), a Alemanha (\u20139,8%), a Austr\u00e1lia (\u201321,1%) e Israel (\u201313,4%) sofreram retra\u00e7\u00e3o.<\/span><\/p>\n<p><a href=\"http:\/\/www.jornaldaconstrucaocivil.com.br\/wp-content\/uploads\/2016\/06\/SOLAR-I.jpg\"><img loading=\"lazy\" decoding=\"async\" class=\"size-medium wp-image-2021 alignright\" src=\"http:\/\/www.jornaldaconstrucaocivil.com.br\/wp-content\/uploads\/2016\/06\/SOLAR-I-300x173.jpg\" alt=\"SOLAR I\" width=\"300\" height=\"173\" \/><\/a><\/p>\n<p><span style=\"color: #000000;\">De acordo com o relat\u00f3rio, no fim de 2014, o segmento acumulava uma capacidade de 410,2 GWth (Giga Watts T\u00e9rmicos) de energia, em 586 milh\u00f5es de metros quadrados de \u00e1rea instalada de coletores solares em opera\u00e7\u00e3o. A vasta maioria concentra-se na China (289.5 GWth) e Europa (47,5 GWth), que juntas representam 82,1% do total da capacidade instalada.<\/span><\/p>\n<p><span style=\"color: #000000;\">O restante da capacidade \u00e9 distribu\u00edda entre Estados Unidos e Canad\u00e1 (18,0 GWth), \u00c1sia &#8211; \u00e0 exce\u00e7\u00e3o da China (10,7 GWth), Am\u00e9rica Latina (10,0 GWth), Oriente M\u00e9dio (6,6 GWth), Austr\u00e1lia e Nova Zel\u00e2ndia (6,2 GWth) e \u00c1frica Subsaariana (1,3 GWth). Entre os tipos de coletores instalados em 2014, os fechados somam 22,1% (geralmente aplica\u00e7\u00f5es sanit\u00e1rias &#8211; banho), a v\u00e1cuo 71,1% (geralmente aplica\u00e7\u00f5es industriais e altas temperaturas) e os abertos 6,3% (destinados \u00e0 piscinas).<\/span><\/p>\n<p><span style=\"color: #000000;\">A pesquisa revela ainda que no ano de 2014 foi adicionado ao parque instalado a capacidade total de 46,7 GWth, correspondentes a 66,7 milh\u00f5es de coletores solares, n\u00famero que representa um decr\u00e9scimo nas instala\u00e7\u00f5es de 15,2% comparado ao ano anterior. \u00c9 a primeira vez que este decl\u00ednio \u00e9 observado de acordo com os dados dispon\u00edveis sobre o ano de 2015. \u201cAcreditamos que este decr\u00e9scimo se deve principalmente \u00e0 desacelera\u00e7\u00e3o do mercado chin\u00eas, que representa um grande percentual da tecnologia no cen\u00e1rio mundial. Mas de maneira geral, este nosso segmento tem muito potencial por se tratar de energia limpa e vinda de uma fonte abundante que \u00e9 o sol, especialmente nos pa\u00edses tropicais, que t\u00eam uma insola\u00e7\u00e3o forte e que tem muito espa\u00e7o de mercado\u201d, diz L\u00facio.<\/span><\/p>\n<p><span style=\"color: #000000;\">A produ\u00e7\u00e3o de energia de todos os sistemas de aquecimento solar instalados nos 61 pa\u00edses em 2014 foi de 335 TWh (Tera Watt hora). Isso corresponde a uma economia de 36,1 milh\u00f5es de toneladas de petr\u00f3leo e 116,4 milh\u00f5es de toneladas de emiss\u00f5es evitadas de CO2, com enorme contribui\u00e7\u00e3o ao meio ambiente.<\/span><\/p>\n<p><span style=\"color: #000000;\">A capacidade total estimada em coletores instalados para o final de 2015 est\u00e1 estimada em 435 GWth ou 622 milh\u00f5es de metros quadrados. Isso corresponde a um rendimento de 357 TWh anuais, o que \u00e9 equivalente a 38,4 milh\u00f5es de toneladas de petr\u00f3leo e 123,8 milh\u00f5es de toneladas de emiss\u00f5es evitadas de CO2.<\/span><\/p>\n<p><span style=\"color: #000000;\">As novas instala\u00e7\u00f5es de 2014 foram divididas em coletores planos com 8.6 GWth (12.3 milh\u00f5es de metros quadrados), tubos a v\u00e1cuo 36.3 GWth (51.9 milh\u00f5es de metros quadrados), coletores abertos 1.6 GWth (2.3 milh\u00f5es de metros quadrados) e combinados (abertos e fechados) 0,08 GWth (0.11 milh\u00f5es de metros quadrados).<\/span><\/p>\n<p><strong><span style=\"color: #000000;\">Sobre o DASOL<\/span><\/strong><\/p>\n<p><span style=\"color: #000000;\"><strong>O DASOL<\/strong> \u2013<span style=\"color: #0000ff;\"> Departamento Nacional de Energia Solar T\u00e9rmica da ABRAVA<\/span> representa oficialmente, em todo o Brasil, o setor de aquecimento solar de \u00e1gua com o objetivo de promover, divulgar e desenvolver a ado\u00e7\u00e3o da energia solar t\u00e9rmica.<\/span><\/p>\n<p><span style=\"color: #000000;\">Desde 1992, apoia a forma\u00e7\u00e3o de uma rede de atua\u00e7\u00e3o composta por empresas (fabricantes, revendas, instaladoras, consultorias e projetistas), institui\u00e7\u00f5es, universidades, \u00f3rg\u00e3os do governo, ONGs e cidad\u00e3os em busca do desenvolvimento sustent\u00e1vel do Brasil atrav\u00e9s da aplica\u00e7\u00e3o e utiliza\u00e7\u00e3o respons\u00e1vel de energia solar t\u00e9rmica. Os programas e atividades da entidade t\u00eam abrang\u00eancia em todo o Brasil, alguns deles desenvolvidos junto \u00e0 Eletrobras\/Procel e ao Inmetro, e est\u00e3o acess\u00edveis a todos que de alguma maneira utilizam a energia solar t\u00e9rmica de forma eficiente e como solu\u00e7\u00e3o para gera\u00e7\u00e3o de energia.<\/span><\/p>\n<p><span style=\"color: #000000;\">Em 2014, 94% da energia produzida por sistemas de aquecimento solar no mundo foi destinada especialmente ao uso dom\u00e9stico, sistemas de pequena escala unifamiliares (68%) e aplica\u00e7\u00f5es maiores para condom\u00ednios, hot\u00e9is, escolas (27%). O aquecimento solar de piscinas representou 4% do total.<\/span><\/p>\n<p><span style=\"color: #000000;\">O n\u00famero de empregos gerados pelo setor em 2014, incluindo produ\u00e7\u00e3o instala\u00e7\u00e3o e manuten\u00e7\u00e3o, alcan\u00e7ou os 730.000 postos.<\/span><\/p>\n<p><span style=\"color: #000000;\">No per\u00edodo de 2000 a 2015 a capacidade t\u00e9rmica global dos coletores abertos e fechados em opera\u00e7\u00e3o cresceu de 62 GWth (89 milh\u00f5es de metros quadrados) em 2000 para 435 GWth (622 milh\u00f5es de metros quadrados) em 2015. A produ\u00e7\u00e3o energ\u00e9tica saltou de 51 TWh em 2000 para 357 TWh em 2014.<\/span><\/p>\n","protected":false},"excerpt":{"rendered":"<p>Brasil, mais uma vez, ocupa posi\u00e7\u00e3o de destaque; cen\u00e1rio mundial apresenta retra\u00e7\u00e3o pela primeira vez A Ag\u00eancia Internacional de Energia (IEA) divulgou na \u00faltima quarta-feira (01\/06) seu relat\u00f3rio anual Solar Heat WorldWide, edi\u00e7\u00e3o de 2016 (base 2014), que re\u00fane informa\u00e7\u00f5es de m\u00b2 de coletores solares t\u00e9rmicos instalados por tipo, energia produzida, contribui\u00e7\u00f5es ao meio ambiente [&hellip;]<\/p>\n","protected":false},"author":1,"featured_media":2020,"comment_status":"open","ping_status":"open","sticky":false,"template":"","format":"standard","meta":{"_uag_custom_page_level_css":"","footnotes":""},"categories":[29],"tags":[500,650,837,1011,2213,2376,3363,4315,4674,5996,11296,12340],"class_list":["post-2019","post","type-post","status-publish","format-standard","has-post-thumbnail","hentry","category-energia","tag-agencia-internacional-de-energia-iea","tag-amauricio-gomes-lucio-presidente-do-dasol","tag-ar-condicionado","tag-associacao-brasileira-de-refrigeracao","tag-china","tag-co2","tag-dasol","tag-energia-solar","tag-eua","tag-india","tag-solar-heat-worldwide","tag-ventilacao-e-aquecimento"],"blocksy_meta":[],"spectra_blocks_featured_image_url":[],"spectra_blocks_author_info":{"display_name":"Jornal da Constru\u00e7\u00e3o Civil","avatar_url":"https:\/\/secure.gravatar.com\/avatar\/973c9774fd44ddaceb026973c4962faa70fc512bc4c9da68e8ebb40fecee6540?s=96&d=mm&r=g","author_link":"https:\/\/construcaocivil.siriusmarketingedesign.com.br\/?author=1","description":"Desde de 2013, levando muitas informa\u00e7\u00f5es, lan\u00e7amentos e produtos de qualidade para toda cadeia produtiva da constru\u00e7\u00e3o. O Futuro da constru\u00e7\u00e3o passa por aqui,"},"uagb_featured_image_src":{"full":false,"thumbnail":false,"medium":false,"medium_large":false,"large":false,"1536x1536":false,"2048x2048":false},"uagb_author_info":{"display_name":"Jornal da Constru\u00e7\u00e3o Civil","author_link":"https:\/\/construcaocivil.siriusmarketingedesign.com.br\/?author=1"},"uagb_comment_info":0,"uagb_excerpt":"Brasil, mais uma vez, ocupa posi\u00e7\u00e3o de destaque; cen\u00e1rio mundial apresenta retra\u00e7\u00e3o pela primeira vez A Ag\u00eancia Internacional de Energia (IEA) divulgou na \u00faltima quarta-feira (01\/06) seu relat\u00f3rio anual Solar Heat WorldWide, edi\u00e7\u00e3o de 2016 (base 2014), que re\u00fane informa\u00e7\u00f5es de m\u00b2 de coletores solares t\u00e9rmicos instalados por tipo, energia produzida, contribui\u00e7\u00f5es ao meio ambiente&hellip;","_links":{"self":[{"href":"https:\/\/construcaocivil.siriusmarketingedesign.com.br\/index.php?rest_route=\/wp\/v2\/posts\/2019","targetHints":{"allow":["GET"]}}],"collection":[{"href":"https:\/\/construcaocivil.siriusmarketingedesign.com.br\/index.php?rest_route=\/wp\/v2\/posts"}],"about":[{"href":"https:\/\/construcaocivil.siriusmarketingedesign.com.br\/index.php?rest_route=\/wp\/v2\/types\/post"}],"author":[{"embeddable":true,"href":"https:\/\/construcaocivil.siriusmarketingedesign.com.br\/index.php?rest_route=\/wp\/v2\/users\/1"}],"replies":[{"embeddable":true,"href":"https:\/\/construcaocivil.siriusmarketingedesign.com.br\/index.php?rest_route=%2Fwp%2Fv2%2Fcomments&post=2019"}],"version-history":[{"count":0,"href":"https:\/\/construcaocivil.siriusmarketingedesign.com.br\/index.php?rest_route=\/wp\/v2\/posts\/2019\/revisions"}],"wp:attachment":[{"href":"https:\/\/construcaocivil.siriusmarketingedesign.com.br\/index.php?rest_route=%2Fwp%2Fv2%2Fmedia&parent=2019"}],"wp:term":[{"taxonomy":"category","embeddable":true,"href":"https:\/\/construcaocivil.siriusmarketingedesign.com.br\/index.php?rest_route=%2Fwp%2Fv2%2Fcategories&post=2019"},{"taxonomy":"post_tag","embeddable":true,"href":"https:\/\/construcaocivil.siriusmarketingedesign.com.br\/index.php?rest_route=%2Fwp%2Fv2%2Ftags&post=2019"}],"curies":[{"name":"wp","href":"https:\/\/api.w.org\/{rel}","templated":true}]}}