{"id":20191,"date":"2022-10-10T11:31:43","date_gmt":"2022-10-10T14:31:43","guid":{"rendered":"https:\/\/www.jornaldaconstrucaocivil.com.br\/?p=20191"},"modified":"2022-10-10T11:31:43","modified_gmt":"2022-10-10T14:31:43","slug":"eleicoes-2022-lula-anuncia-internet-para-todos-e-aumento-real-do-salario-minimo","status":"publish","type":"post","link":"https:\/\/construcaocivil.siriusmarketingedesign.com.br\/?p=20191","title":{"rendered":"Elei\u00e7\u00f5es 2022: Lula anuncia internet para todos e aumento real do sal\u00e1rio m\u00ednimo"},"content":{"rendered":"<article>O ex-presidente Luiz In\u00e1cio Lula da Silva garantiu neste domingo (09\/10), durante entrevista coletiva na capital mineira, que em uma vit\u00f3ria dele e do ex-governador de S\u00e3o Paulo Geraldo Alckmin, todos os brasileiros ter\u00e3o acesso \u00e0 internet e que haver\u00e1 aumento real do sal\u00e1rio m\u00ednimo todos os anos.<\/p>\n<p>\u201cO sal\u00e1rio m\u00ednimo receber\u00e1 aumento real todo ano, de acordo com crescimento do PIB. Vamos acabar com a fila do INSS, vamos voltar a ser um pa\u00eds civilizado, moderno, e com internet nos 8,5 milh\u00f5es de metros quadrados\u201d, disse aos jornalistas.<\/p>\n<p>Tema central na vida dos brasileiros, o sal\u00e1rio m\u00ednimo n\u00e3o teve aumento real ao longo do mandato de Jair Bolsonaro. O valor vem sendo reajustado apenas considerando o \u00cdndice de pre\u00e7os no consumidor (INPC), que calcula o custo de vida das fam\u00edlias com renda mensal de um a 5 sal\u00e1rios m\u00ednimos.<\/p>\n<p>Ou seja, a proposta de Lula inverte a l\u00f3gica e devolve o poder de compra da popula\u00e7\u00e3o, aquecendo a economia, que por sua vez gerar\u00e1 mais emprego e renda para o povo.<\/p>\n<\/article>\n<div class=\"compartilhe\"><\/div>\n","protected":false},"excerpt":{"rendered":"<p>O ex-presidente Luiz In\u00e1cio Lula da Silva garantiu neste domingo (09\/10), durante entrevista coletiva na capital mineira, que em uma vit\u00f3ria dele e do ex-governador de S\u00e3o Paulo Geraldo Alckmin, todos os brasileiros ter\u00e3o acesso \u00e0 internet e que haver\u00e1 aumento real do sal\u00e1rio m\u00ednimo todos os anos. \u201cO sal\u00e1rio m\u00ednimo receber\u00e1 aumento real todo [&hellip;]<\/p>\n","protected":false},"author":1,"featured_media":10456,"comment_status":"open","ping_status":"open","sticky":false,"template":"","format":"standard","meta":{"_uag_custom_page_level_css":"","footnotes":""},"categories":[27],"tags":[24364,24363,5391,24365],"class_list":["post-20191","post","type-post","status-publish","format-standard","has-post-thumbnail","hentry","category-acontece","tag-bndes-para-gerar-empregos","tag-construcao-obras-de-infraestrutura","tag-geracao-de-emprego-e-renda","tag-salario-minimo-e-internet"],"blocksy_meta":[],"spectra_blocks_featured_image_url":{"thumbnail":{"url":"https:\/\/construcaocivil.siriusmarketingedesign.com.br\/wp-content\/uploads\/2018\/10\/Desemprego-150x150.jpg","width":150,"height":150},"medium":{"url":"https:\/\/construcaocivil.siriusmarketingedesign.com.br\/wp-content\/uploads\/2018\/10\/Desemprego-300x225.jpg","width":300,"height":225},"medium_large":{"url":"https:\/\/construcaocivil.siriusmarketingedesign.com.br\/wp-content\/uploads\/2018\/10\/Desemprego-768x576.jpg","width":768,"height":576},"large":{"url":"https:\/\/construcaocivil.siriusmarketingedesign.com.br\/wp-content\/uploads\/2018\/10\/Desemprego.jpg","width":768,"height":576},"full":{"url":"https:\/\/construcaocivil.siriusmarketingedesign.com.br\/wp-content\/uploads\/2018\/10\/Desemprego.jpg","width":768,"height":576}},"spectra_blocks_author_info":{"display_name":"Jornal da Constru\u00e7\u00e3o Civil","avatar_url":"https:\/\/secure.gravatar.com\/avatar\/973c9774fd44ddaceb026973c4962faa70fc512bc4c9da68e8ebb40fecee6540?s=96&d=mm&r=g","author_link":"https:\/\/construcaocivil.siriusmarketingedesign.com.br\/?author=1","description":"Desde de 2013, levando muitas informa\u00e7\u00f5es, lan\u00e7amentos e produtos de qualidade para toda cadeia produtiva da constru\u00e7\u00e3o. O Futuro da constru\u00e7\u00e3o passa por aqui,"},"uagb_featured_image_src":{"full":["https:\/\/construcaocivil.siriusmarketingedesign.com.br\/wp-content\/uploads\/2018\/10\/Desemprego.jpg",768,576,false],"thumbnail":["https:\/\/construcaocivil.siriusmarketingedesign.com.br\/wp-content\/uploads\/2018\/10\/Desemprego-150x150.jpg",150,150,true],"medium":["https:\/\/construcaocivil.siriusmarketingedesign.com.br\/wp-content\/uploads\/2018\/10\/Desemprego-300x225.jpg",300,225,true],"medium_large":["https:\/\/construcaocivil.siriusmarketingedesign.com.br\/wp-content\/uploads\/2018\/10\/Desemprego-768x576.jpg",768,576,true],"large":["https:\/\/construcaocivil.siriusmarketingedesign.com.br\/wp-content\/uploads\/2018\/10\/Desemprego.jpg",768,576,false],"1536x1536":["https:\/\/construcaocivil.siriusmarketingedesign.com.br\/wp-content\/uploads\/2018\/10\/Desemprego.jpg",768,576,false],"2048x2048":["https:\/\/construcaocivil.siriusmarketingedesign.com.br\/wp-content\/uploads\/2018\/10\/Desemprego.jpg",768,576,false]},"uagb_author_info":{"display_name":"Jornal da Constru\u00e7\u00e3o Civil","author_link":"https:\/\/construcaocivil.siriusmarketingedesign.com.br\/?author=1"},"uagb_comment_info":0,"uagb_excerpt":"O ex-presidente Luiz In\u00e1cio Lula da Silva garantiu neste domingo (09\/10), durante entrevista coletiva na capital mineira, que em uma vit\u00f3ria dele e do ex-governador de S\u00e3o Paulo Geraldo Alckmin, todos os brasileiros ter\u00e3o acesso \u00e0 internet e que haver\u00e1 aumento real do sal\u00e1rio m\u00ednimo todos os anos. \u201cO sal\u00e1rio m\u00ednimo receber\u00e1 aumento real todo&hellip;","_links":{"self":[{"href":"https:\/\/construcaocivil.siriusmarketingedesign.com.br\/index.php?rest_route=\/wp\/v2\/posts\/20191","targetHints":{"allow":["GET"]}}],"collection":[{"href":"https:\/\/construcaocivil.siriusmarketingedesign.com.br\/index.php?rest_route=\/wp\/v2\/posts"}],"about":[{"href":"https:\/\/construcaocivil.siriusmarketingedesign.com.br\/index.php?rest_route=\/wp\/v2\/types\/post"}],"author":[{"embeddable":true,"href":"https:\/\/construcaocivil.siriusmarketingedesign.com.br\/index.php?rest_route=\/wp\/v2\/users\/1"}],"replies":[{"embeddable":true,"href":"https:\/\/construcaocivil.siriusmarketingedesign.com.br\/index.php?rest_route=%2Fwp%2Fv2%2Fcomments&post=20191"}],"version-history":[{"count":0,"href":"https:\/\/construcaocivil.siriusmarketingedesign.com.br\/index.php?rest_route=\/wp\/v2\/posts\/20191\/revisions"}],"wp:featuredmedia":[{"embeddable":true,"href":"https:\/\/construcaocivil.siriusmarketingedesign.com.br\/index.php?rest_route=\/wp\/v2\/media\/10456"}],"wp:attachment":[{"href":"https:\/\/construcaocivil.siriusmarketingedesign.com.br\/index.php?rest_route=%2Fwp%2Fv2%2Fmedia&parent=20191"}],"wp:term":[{"taxonomy":"category","embeddable":true,"href":"https:\/\/construcaocivil.siriusmarketingedesign.com.br\/index.php?rest_route=%2Fwp%2Fv2%2Fcategories&post=20191"},{"taxonomy":"post_tag","embeddable":true,"href":"https:\/\/construcaocivil.siriusmarketingedesign.com.br\/index.php?rest_route=%2Fwp%2Fv2%2Ftags&post=20191"}],"curies":[{"name":"wp","href":"https:\/\/api.w.org\/{rel}","templated":true}]}}