{"id":20200,"date":"2022-10-13T09:35:33","date_gmt":"2022-10-13T12:35:33","guid":{"rendered":"https:\/\/www.jornaldaconstrucaocivil.com.br\/?p=20200"},"modified":"2022-10-13T09:40:42","modified_gmt":"2022-10-13T12:40:42","slug":"saude-do-trabalhador-crises-de-ansiedade-aumentaram-no-cenario-pos-pandemia-de-covid-19","status":"publish","type":"post","link":"https:\/\/construcaocivil.siriusmarketingedesign.com.br\/?p=20200","title":{"rendered":"Sa\u00fade do Trabalhador: Crises de ansiedade aumentaram no cen\u00e1rio p\u00f3s-pandemia de Covid-19"},"content":{"rendered":"<p class=\"v1MsoNormal\"><b>S\u00e3o Paulo, outubro de 2022<\/b>\u00a0\u2013 Dados da Organiza\u00e7\u00e3o Mundial da Sa\u00fade (OMS) apontam que o Brasil \u00e9 o pa\u00eds com maior percentual de casos de ansiedade do mundo e um dos l\u00edderes em casos de depress\u00e3o. Esse cen\u00e1rio s\u00f3 se agravou com a pandemia de Covid-19, como afirma a psic\u00f3loga do\u00a0<a href=\"https:\/\/www.seconci-sp.org.br\/\" target=\"_blank\" rel=\"noopener noreferrer\"><span style=\"color: #0000ff;\">Seconci<\/span>&#8211;<span style=\"color: #0000ff;\">SP<\/span><\/a>\u00a0(Servi\u00e7o Social da Constru\u00e7\u00e3o), Thaynna dos Santos.<\/p>\n<p class=\"v1MsoNormal\">O Dia Mundial da Sa\u00fade Mental (10 de outubro) foi celebrado pela primeira vez em 1992, por iniciativa da Federa\u00e7\u00e3o Mundial para Sa\u00fade Mental, organiza\u00e7\u00e3o global de sa\u00fade mental com membros e contatos em mais de 150 pa\u00edses, como o Brasil. Entre os objetivos desse dia est\u00e1 a educa\u00e7\u00e3o, conscientiza\u00e7\u00e3o e defesa da sa\u00fade mental global contra o estigma social. &#8220;Ainda persiste o estigma de que psic\u00f3logo e psiquiatra \u00e9 m\u00e9dico de louco e que s\u00f3 pessoas fracas precisam desse tipo de atendimento. Nada mais distante da realidade. A quest\u00e3o \u00e9 que essas ideias distorcidas muitas vezes impedem a pessoa de buscar ajuda, ela acaba sofrendo sozinha e o problema pode se agravar&#8221;, avalia Thaynna.<\/p>\n<p class=\"v1MsoNormal\">A psic\u00f3loga destaca o impacto da pandemia da Covid-19, algo sem precedentes na hist\u00f3ria mundial recente, uma prova clara de que n\u00e3o temos controle das coisas. &#8220;A pandemia trouxe sentimentos de medo, inseguran\u00e7a, ang\u00fastia, sem contar que muitos perderam familiares e amigos, ficaram desempregados e ainda foram muito afetados pelo distanciamento social, a impossibilidade de contato f\u00edsico. Como consequ\u00eancia do p\u00f3s-pandemia, houve um aumento significativo das crises de ansiedade, muitos at\u00e9 desenvolveram fobia social e TOC, o transtorno obsessivo compulsivo, como por exemplo a compuls\u00e3o pela higieniza\u00e7\u00e3o excessiva das m\u00e3os&#8221;.<\/p>\n<p class=\"v1MsoNormal\">Vale lembrar que a ansiedade faz parte da vida, principalmente durante a experi\u00eancia de algo novo ou de mudan\u00e7as na rotina. Por\u00e9m h\u00e1 alguns sinais de alerta, rea\u00e7\u00f5es emocionais exageradas para o momento, e sintomas f\u00edsicos como falta de ar, tremores, cora\u00e7\u00e3o acelerado, choro frequente, entre outros.<\/p>\n<p class=\"v1MsoNormal\">&#8220;\u00c9 fundamental que a pessoa fa\u00e7a uma auto-an\u00e1lise, identificando se esses sentimentos s\u00e3o pontuais ou recorrentes e se est\u00e3o interferindo na sua rotina e qualidade de vida. Se a conclus\u00e3o \u00e9 que est\u00e3o havendo impactos negativos, o ideal \u00e9 buscar ajuda especializada, seja com psic\u00f3logo ou psiquiatra&#8221;, orienta Thaynna.<\/p>\n<p class=\"v1MsoNormal\">A especialista ressalta que temos de entender e saber lidar com as limita\u00e7\u00f5es, evitar compara\u00e7\u00f5es com outras pessoas, ser menos rigorosos com as cobran\u00e7as e praticar o autocuidado. &#8220;Frustra\u00e7\u00f5es fazem parte da vida e n\u00e3o temos de nos sentir fracos, por ter perdido o controle. Mas \u00e9 importante saber o momento de buscar ajuda e tamb\u00e9m se empoderar do tratamento, como por exemplo se informar sobre os poss\u00edveis efeitos colaterais e como agir\u00e3o em seu organismo caso sejam prescritas medica\u00e7\u00f5es e, al\u00e9m disso, n\u00e3o parar de tom\u00e1-las por conta pr\u00f3pria, dando continuidade ao tratamento&#8221;.<\/p>\n<p class=\"v1MsoNormal\"><b><span lang=\"PT\">\u00a0<\/span><\/b><\/p>\n","protected":false},"excerpt":{"rendered":"<p>S\u00e3o Paulo, outubro de 2022\u00a0\u2013 Dados da Organiza\u00e7\u00e3o Mundial da Sa\u00fade (OMS) apontam que o Brasil \u00e9 o pa\u00eds com maior percentual de casos de ansiedade do mundo e um dos l\u00edderes em casos de depress\u00e3o. Esse cen\u00e1rio s\u00f3 se agravou com a pandemia de Covid-19, como afirma a psic\u00f3loga do\u00a0Seconci&#8211;SP\u00a0(Servi\u00e7o Social da Constru\u00e7\u00e3o), Thaynna [&hellip;]<\/p>\n","protected":false},"author":1,"featured_media":20201,"comment_status":"open","ping_status":"open","sticky":false,"template":"","format":"standard","meta":{"_uag_custom_page_level_css":"","footnotes":""},"categories":[27],"tags":[24367,10699,10734],"class_list":["post-20200","post","type-post","status-publish","format-standard","has-post-thumbnail","hentry","category-acontece","tag-crise-de-ansiedade","tag-saude-e-bem-estar","tag-seconci-sp"],"blocksy_meta":[],"spectra_blocks_featured_image_url":{"thumbnail":{"url":"https:\/\/construcaocivil.siriusmarketingedesign.com.br\/wp-content\/uploads\/2022\/10\/Copop-Site-Crise-de-Ansiedade-150x150.png","width":150,"height":150},"medium":{"url":"https:\/\/construcaocivil.siriusmarketingedesign.com.br\/wp-content\/uploads\/2022\/10\/Copop-Site-Crise-de-Ansiedade-300x201.png","width":300,"height":201},"medium_large":{"url":"https:\/\/construcaocivil.siriusmarketingedesign.com.br\/wp-content\/uploads\/2022\/10\/Copop-Site-Crise-de-Ansiedade-768x514.png","width":768,"height":514},"large":{"url":"https:\/\/construcaocivil.siriusmarketingedesign.com.br\/wp-content\/uploads\/2022\/10\/Copop-Site-Crise-de-Ansiedade-1024x686.png","width":1024,"height":686},"full":{"url":"https:\/\/construcaocivil.siriusmarketingedesign.com.br\/wp-content\/uploads\/2022\/10\/Copop-Site-Crise-de-Ansiedade.png","width":2000,"height":1339}},"spectra_blocks_author_info":{"display_name":"Jornal da Constru\u00e7\u00e3o Civil","avatar_url":"https:\/\/secure.gravatar.com\/avatar\/973c9774fd44ddaceb026973c4962faa70fc512bc4c9da68e8ebb40fecee6540?s=96&d=mm&r=g","author_link":"https:\/\/construcaocivil.siriusmarketingedesign.com.br\/?author=1","description":"Desde de 2013, levando muitas informa\u00e7\u00f5es, lan\u00e7amentos e produtos de qualidade para toda cadeia produtiva da constru\u00e7\u00e3o. O Futuro da constru\u00e7\u00e3o passa por aqui,"},"uagb_featured_image_src":{"full":["https:\/\/construcaocivil.siriusmarketingedesign.com.br\/wp-content\/uploads\/2022\/10\/Copop-Site-Crise-de-Ansiedade.png",2000,1339,false],"thumbnail":["https:\/\/construcaocivil.siriusmarketingedesign.com.br\/wp-content\/uploads\/2022\/10\/Copop-Site-Crise-de-Ansiedade-150x150.png",150,150,true],"medium":["https:\/\/construcaocivil.siriusmarketingedesign.com.br\/wp-content\/uploads\/2022\/10\/Copop-Site-Crise-de-Ansiedade-300x201.png",300,201,true],"medium_large":["https:\/\/construcaocivil.siriusmarketingedesign.com.br\/wp-content\/uploads\/2022\/10\/Copop-Site-Crise-de-Ansiedade-768x514.png",768,514,true],"large":["https:\/\/construcaocivil.siriusmarketingedesign.com.br\/wp-content\/uploads\/2022\/10\/Copop-Site-Crise-de-Ansiedade-1024x686.png",1024,686,true],"1536x1536":["https:\/\/construcaocivil.siriusmarketingedesign.com.br\/wp-content\/uploads\/2022\/10\/Copop-Site-Crise-de-Ansiedade-1536x1028.png",1536,1028,true],"2048x2048":["https:\/\/construcaocivil.siriusmarketingedesign.com.br\/wp-content\/uploads\/2022\/10\/Copop-Site-Crise-de-Ansiedade.png",2000,1339,false]},"uagb_author_info":{"display_name":"Jornal da Constru\u00e7\u00e3o Civil","author_link":"https:\/\/construcaocivil.siriusmarketingedesign.com.br\/?author=1"},"uagb_comment_info":0,"uagb_excerpt":"S\u00e3o Paulo, outubro de 2022\u00a0\u2013 Dados da Organiza\u00e7\u00e3o Mundial da Sa\u00fade (OMS) apontam que o Brasil \u00e9 o pa\u00eds com maior percentual de casos de ansiedade do mundo e um dos l\u00edderes em casos de depress\u00e3o. Esse cen\u00e1rio s\u00f3 se agravou com a pandemia de Covid-19, como afirma a psic\u00f3loga do\u00a0Seconci&#8211;SP\u00a0(Servi\u00e7o Social da Constru\u00e7\u00e3o), Thaynna&hellip;","_links":{"self":[{"href":"https:\/\/construcaocivil.siriusmarketingedesign.com.br\/index.php?rest_route=\/wp\/v2\/posts\/20200","targetHints":{"allow":["GET"]}}],"collection":[{"href":"https:\/\/construcaocivil.siriusmarketingedesign.com.br\/index.php?rest_route=\/wp\/v2\/posts"}],"about":[{"href":"https:\/\/construcaocivil.siriusmarketingedesign.com.br\/index.php?rest_route=\/wp\/v2\/types\/post"}],"author":[{"embeddable":true,"href":"https:\/\/construcaocivil.siriusmarketingedesign.com.br\/index.php?rest_route=\/wp\/v2\/users\/1"}],"replies":[{"embeddable":true,"href":"https:\/\/construcaocivil.siriusmarketingedesign.com.br\/index.php?rest_route=%2Fwp%2Fv2%2Fcomments&post=20200"}],"version-history":[{"count":0,"href":"https:\/\/construcaocivil.siriusmarketingedesign.com.br\/index.php?rest_route=\/wp\/v2\/posts\/20200\/revisions"}],"wp:featuredmedia":[{"embeddable":true,"href":"https:\/\/construcaocivil.siriusmarketingedesign.com.br\/index.php?rest_route=\/wp\/v2\/media\/20201"}],"wp:attachment":[{"href":"https:\/\/construcaocivil.siriusmarketingedesign.com.br\/index.php?rest_route=%2Fwp%2Fv2%2Fmedia&parent=20200"}],"wp:term":[{"taxonomy":"category","embeddable":true,"href":"https:\/\/construcaocivil.siriusmarketingedesign.com.br\/index.php?rest_route=%2Fwp%2Fv2%2Fcategories&post=20200"},{"taxonomy":"post_tag","embeddable":true,"href":"https:\/\/construcaocivil.siriusmarketingedesign.com.br\/index.php?rest_route=%2Fwp%2Fv2%2Ftags&post=20200"}],"curies":[{"name":"wp","href":"https:\/\/api.w.org\/{rel}","templated":true}]}}