{"id":20217,"date":"2022-10-14T08:54:16","date_gmt":"2022-10-14T11:54:16","guid":{"rendered":"https:\/\/www.jornaldaconstrucaocivil.com.br\/?p=20217"},"modified":"2022-10-14T08:54:16","modified_gmt":"2022-10-14T11:54:16","slug":"nota-a-criminosa-e-a-vale-nao-os-atingidos","status":"publish","type":"post","link":"https:\/\/construcaocivil.siriusmarketingedesign.com.br\/?p=20217","title":{"rendered":"NOTA: A Criminosa \u00e9 a VALE, n\u00e3o os ATINGIDOS"},"content":{"rendered":"<div id=\"single-the-content\">\n<p><span style=\"color: #0000ff;\">por\u00a0<a style=\"color: #0000ff;\" href=\"https:\/\/mab.org.br\/autor\/movimento-dos-atingidos-por-barragens\/\">Movimento dos Atingidos por Barragens<\/a><\/span><\/p>\n<p>No \u00faltimo m\u00eas de junho, os atingidos conquistaram na Justi\u00e7a o direito \u00e0 reativa\u00e7\u00e3o do pagamento do Aux\u00edlio Financeiro Emergencial (AFE) para todos os pescadores e produtores que atuam com agricultura de subsist\u00eancia na Bacia do Rio Doce. Desde ent\u00e3o, os moradores t\u00eam participado de diferentes manifesta\u00e7\u00f5es para que esse direito seja efetivado e expandido tamb\u00e9m a outras categorias afetadas pelo rompimento da barragem do Fund\u00e3o em 2015.<\/p>\n<p>Al\u00e9m de desrespeitar direitos j\u00e1 garantidos dos atingidos, as empresas Vale, Samarco e BHP Billiton tamb\u00e9m t\u00eam perseguido duramente as lideran\u00e7as de comunidades que est\u00e3o envolvidas nessas manifesta\u00e7\u00f5es. Os atos dos atingidos t\u00eam como objetivo exigir das empresas criminosas e da Justi\u00e7a Federal (em especial da desembargadora Daniele Maranh\u00e3o) o cumprimento da decis\u00e3o judicial relacionada ao AFE, que garante a sobreviv\u00eancia dos atingidos que perderam seu meio de trabalho por conta do crime.<\/p>\n<p>Nos dias 29 e 30 de agosto, a Vale identificou lideran\u00e7as dos atingidos da Comunidade de Mascarenhas, no munic\u00edpio de Baixo Guandu (MG), que est\u00e3o sendo amea\u00e7adas de receberem multas de 10 mil reais caso se aproximem da linha f\u00e9rrea da empresa (atrav\u00e9s de um mecanismo processual chamado de Interdito Proibit\u00f3rio).<\/p>\n<p>Al\u00e9m disso, a empresa espalha cal\u00fanias na regi\u00e3o sobre essas lideran\u00e7as com o objetivo de desestimular a luta dos atingidos pelo acesso \u00e0 justi\u00e7a e \u00e0 garantia de seus direitos.<\/p>\n<p>Em Aracruz (ES), a Vale conseguiu uma liminar da Justi\u00e7a para impedir que os ind\u00edgenas tupiniquins das aldeias de Comboios e C\u00f3rrego realizem manifesta\u00e7\u00f5es na linha f\u00e9rrea da Vale que corta o seu territ\u00f3rio. Desde o dia 1\u00b0 de setembro, os atingidos paralisaram o trilho para tentar for\u00e7ar um di\u00e1logo com a empresa Vale, por\u00e9m est\u00e3o sendo amea\u00e7ados de receberem multa de 5 mil reais por dia, por cada pessoa que esteja ocupando os trilhos. Os atingidos seguem sem conseguir abrir qualquer negocia\u00e7\u00e3o com a empresa criminosa sobre o pagamento do AFE que segue suspenso.<\/p>\n<p>As ocupa\u00e7\u00f5es da linha f\u00e9rrea \u2013 assim como diversas outras formas de manifesta\u00e7\u00e3o que pescadores e ribeirinhos atingidos t\u00eam articulado pelas redes sociais \u2013 s\u00e3o formas extremas, mas leg\u00edtimas de chamar a aten\u00e7\u00e3o para as flagrantes viola\u00e7\u00f5es de direitos cometidas pela Vale e pela Funda\u00e7\u00e3o Renova contra os atingidos do maior crime ambiental da hist\u00f3ria do Brasil.<\/p>\n<p>As empresas Vale\/Samarco\/BHP Billiton, al\u00e9m de n\u00e3o cumprirem a medida judicial na sua integralidade e de terem rompido a mesa de negocia\u00e7\u00e3o da repactua\u00e7\u00e3o que se arrastava h\u00e1 quase dois anos, ainda se valem do recurso da persegui\u00e7\u00e3o e criminaliza\u00e7\u00e3o daqueles que se levantam contra as injusti\u00e7as cometidas no contexto da repara\u00e7\u00e3o do crime das mineradoras no Rio Doce.<\/p>\n<p>Nessa briga de Davi contra Golias, infelizmente, o sistema jur\u00eddico tem garantido muito mais seguran\u00e7a jur\u00eddica \u00e0 criminosa do que \u00e0s verdadeiras v\u00edtimas deste crime movido pela gan\u00e2ncia dos acionistas. Enquanto a Vale bate recorde de centenas de bilh\u00f5es de reais de lucro anual, as fam\u00edlias atingidas seguem \u00e0 m\u00edngua sem poder atuar com suas atividades tradicionais, j\u00e1 que a terra e a \u00e1gua est\u00e3o contaminados. S\u00e3o, assim, empurradas para o desespero a partir da suspens\u00e3o do AFE que garantia a sua subsist\u00eancia.<\/p>\n<p>O Movimento de Atingidos por Barragens \u2013 MAB sempre ir\u00e1 se colocar ao lado dos que lutam por justi\u00e7a social e contra os desmandos e arbitrariedades das grandes mineradoras e da Justi\u00e7a. Defenderemos sempre o direito \u00e0 livre manifesta\u00e7\u00e3o como via principal para a conquista de direitos.<\/p>\n<h5><em>\u201cDO RIO QUE TUDO ARRASTA SE DIZ QUE \u00c9 VIOLENTO, MAS NINGU\u00c9M DIZ VIOLENTAS AS MARGENS QUE O COMPRIMEM \u201d<\/em><\/h5>\n<h3><strong>Assinam<\/strong>:<\/h3>\n<p>ADUFES \u2013 Associa\u00e7\u00e3o de Docentes da UFES<\/p>\n<p>AHABITAES \u2013 Associa\u00e7\u00e3o Habitacional Comunit\u00e1ria do estado do Espirito Santo<\/p>\n<p>ASIARFA \u2013 Associa\u00e7\u00e3o Intermunicipal Ambiental em Defesa do Rio Formate e seus Afluentes<\/p>\n<p>CEBI-ES \u2013 \u00a0Centro de Estudos B\u00edblicos<\/p>\n<p>CDDH \u2013 Serra \u2013 Centro de Defesa dos Direitos Humanos<\/p>\n<p>Cnasi \u2013 sess\u00e3o regional ES<\/p>\n<p>CMP \u2013 Central dos Movimentos Populares<\/p>\n<p>Coletivo M\u00e3es Eficientes Somos N\u00f3s<\/p>\n<p>CUCA \u2013 Associa\u00e7\u00e3o Cultura Capixaba<\/p>\n<p>CUT ES \u2013 Central \u00danica dos Trabalhadores<\/p>\n<p>Consulta Popular<\/p>\n<p>FAMOPES \u2013 Federa\u00e7\u00e3o das Associa\u00e7\u00f5es de Moradores e Movimentos Populares do Esp\u00edrito Santo<\/p>\n<p>FAMOPOVI<\/p>\n<p>F\u00f3rum Igrejas e Sociedade em A\u00e7\u00e3o<\/p>\n<p>MAB \u2013 Movimento de Atingidos por Barragens<\/p>\n<p>MNDH \u2013 Movimento Nacional de Direitos Humanos<\/p>\n<p>MPA \u2013 Movimento dos Pequenos Agricultores<\/p>\n<p>Pastoral Oper\u00e1ria ES<\/p>\n<p>PSOL \u2013 Partido Socialismo e Liberdade<\/p>\n<p>Sindaema \u2013 Sindicato dos Trabalhadores em \u00c1gua, Esgoto e Meio Ambiente do Esp\u00edrito Santo<\/p>\n<p>Sindicato dos Petroleiros do Esp\u00edrito Santo<\/p>\n<p>Unidade Negra Capixaba \u2013 ES<\/p>\n<p>Observat\u00f3rio Rio Doce<\/p>\n<\/div>\n<div class=\"post-content--tags\"><\/div>\n","protected":false},"excerpt":{"rendered":"<p>por\u00a0Movimento dos Atingidos por Barragens No \u00faltimo m\u00eas de junho, os atingidos conquistaram na Justi\u00e7a o direito \u00e0 reativa\u00e7\u00e3o do pagamento do Aux\u00edlio Financeiro Emergencial (AFE) para todos os pescadores e produtores que atuam com agricultura de subsist\u00eancia na Bacia do Rio Doce. Desde ent\u00e3o, os moradores t\u00eam participado de diferentes manifesta\u00e7\u00f5es para que esse [&hellip;]<\/p>\n","protected":false},"author":1,"featured_media":20218,"comment_status":"open","ping_status":"open","sticky":false,"template":"","format":"standard","meta":{"_uag_custom_page_level_css":"","footnotes":""},"categories":[37],"tags":[22161,24371,24372,24373],"class_list":["post-20217","post","type-post","status-publish","format-standard","has-post-thumbnail","hentry","category-sustentabilidade","tag-bacia-do-rio-doce","tag-mineracao-destruicao","tag-movimento-dos-atingidos-por-barragens","tag-vale-sa"],"blocksy_meta":[],"spectra_blocks_featured_image_url":{"thumbnail":{"url":"https:\/\/construcaocivil.siriusmarketingedesign.com.br\/wp-content\/uploads\/2022\/10\/6fd8689f-41e5-4506-838f-5bbdb0ffdfff-1024x682-1-150x150.jpg","width":150,"height":150},"medium":{"url":"https:\/\/construcaocivil.siriusmarketingedesign.com.br\/wp-content\/uploads\/2022\/10\/6fd8689f-41e5-4506-838f-5bbdb0ffdfff-1024x682-1-300x200.jpg","width":300,"height":200},"medium_large":{"url":"https:\/\/construcaocivil.siriusmarketingedesign.com.br\/wp-content\/uploads\/2022\/10\/6fd8689f-41e5-4506-838f-5bbdb0ffdfff-1024x682-1-768x512.jpg","width":768,"height":512},"large":{"url":"https:\/\/construcaocivil.siriusmarketingedesign.com.br\/wp-content\/uploads\/2022\/10\/6fd8689f-41e5-4506-838f-5bbdb0ffdfff-1024x682-1.jpg","width":1024,"height":682},"full":{"url":"https:\/\/construcaocivil.siriusmarketingedesign.com.br\/wp-content\/uploads\/2022\/10\/6fd8689f-41e5-4506-838f-5bbdb0ffdfff-1024x682-1.jpg","width":1024,"height":682}},"spectra_blocks_author_info":{"display_name":"Jornal da Constru\u00e7\u00e3o Civil","avatar_url":"https:\/\/secure.gravatar.com\/avatar\/973c9774fd44ddaceb026973c4962faa70fc512bc4c9da68e8ebb40fecee6540?s=96&d=mm&r=g","author_link":"https:\/\/construcaocivil.siriusmarketingedesign.com.br\/?author=1","description":"Desde de 2013, levando muitas informa\u00e7\u00f5es, lan\u00e7amentos e produtos de qualidade para toda cadeia produtiva da constru\u00e7\u00e3o. O Futuro da constru\u00e7\u00e3o passa por aqui,"},"uagb_featured_image_src":{"full":["https:\/\/construcaocivil.siriusmarketingedesign.com.br\/wp-content\/uploads\/2022\/10\/6fd8689f-41e5-4506-838f-5bbdb0ffdfff-1024x682-1.jpg",1024,682,false],"thumbnail":["https:\/\/construcaocivil.siriusmarketingedesign.com.br\/wp-content\/uploads\/2022\/10\/6fd8689f-41e5-4506-838f-5bbdb0ffdfff-1024x682-1-150x150.jpg",150,150,true],"medium":["https:\/\/construcaocivil.siriusmarketingedesign.com.br\/wp-content\/uploads\/2022\/10\/6fd8689f-41e5-4506-838f-5bbdb0ffdfff-1024x682-1-300x200.jpg",300,200,true],"medium_large":["https:\/\/construcaocivil.siriusmarketingedesign.com.br\/wp-content\/uploads\/2022\/10\/6fd8689f-41e5-4506-838f-5bbdb0ffdfff-1024x682-1-768x512.jpg",768,512,true],"large":["https:\/\/construcaocivil.siriusmarketingedesign.com.br\/wp-content\/uploads\/2022\/10\/6fd8689f-41e5-4506-838f-5bbdb0ffdfff-1024x682-1.jpg",1024,682,false],"1536x1536":["https:\/\/construcaocivil.siriusmarketingedesign.com.br\/wp-content\/uploads\/2022\/10\/6fd8689f-41e5-4506-838f-5bbdb0ffdfff-1024x682-1.jpg",1024,682,false],"2048x2048":["https:\/\/construcaocivil.siriusmarketingedesign.com.br\/wp-content\/uploads\/2022\/10\/6fd8689f-41e5-4506-838f-5bbdb0ffdfff-1024x682-1.jpg",1024,682,false]},"uagb_author_info":{"display_name":"Jornal da Constru\u00e7\u00e3o Civil","author_link":"https:\/\/construcaocivil.siriusmarketingedesign.com.br\/?author=1"},"uagb_comment_info":0,"uagb_excerpt":"por\u00a0Movimento dos Atingidos por Barragens No \u00faltimo m\u00eas de junho, os atingidos conquistaram na Justi\u00e7a o direito \u00e0 reativa\u00e7\u00e3o do pagamento do Aux\u00edlio Financeiro Emergencial (AFE) para todos os pescadores e produtores que atuam com agricultura de subsist\u00eancia na Bacia do Rio Doce. Desde ent\u00e3o, os moradores t\u00eam participado de diferentes manifesta\u00e7\u00f5es para que esse&hellip;","_links":{"self":[{"href":"https:\/\/construcaocivil.siriusmarketingedesign.com.br\/index.php?rest_route=\/wp\/v2\/posts\/20217","targetHints":{"allow":["GET"]}}],"collection":[{"href":"https:\/\/construcaocivil.siriusmarketingedesign.com.br\/index.php?rest_route=\/wp\/v2\/posts"}],"about":[{"href":"https:\/\/construcaocivil.siriusmarketingedesign.com.br\/index.php?rest_route=\/wp\/v2\/types\/post"}],"author":[{"embeddable":true,"href":"https:\/\/construcaocivil.siriusmarketingedesign.com.br\/index.php?rest_route=\/wp\/v2\/users\/1"}],"replies":[{"embeddable":true,"href":"https:\/\/construcaocivil.siriusmarketingedesign.com.br\/index.php?rest_route=%2Fwp%2Fv2%2Fcomments&post=20217"}],"version-history":[{"count":0,"href":"https:\/\/construcaocivil.siriusmarketingedesign.com.br\/index.php?rest_route=\/wp\/v2\/posts\/20217\/revisions"}],"wp:featuredmedia":[{"embeddable":true,"href":"https:\/\/construcaocivil.siriusmarketingedesign.com.br\/index.php?rest_route=\/wp\/v2\/media\/20218"}],"wp:attachment":[{"href":"https:\/\/construcaocivil.siriusmarketingedesign.com.br\/index.php?rest_route=%2Fwp%2Fv2%2Fmedia&parent=20217"}],"wp:term":[{"taxonomy":"category","embeddable":true,"href":"https:\/\/construcaocivil.siriusmarketingedesign.com.br\/index.php?rest_route=%2Fwp%2Fv2%2Fcategories&post=20217"},{"taxonomy":"post_tag","embeddable":true,"href":"https:\/\/construcaocivil.siriusmarketingedesign.com.br\/index.php?rest_route=%2Fwp%2Fv2%2Ftags&post=20217"}],"curies":[{"name":"wp","href":"https:\/\/api.w.org\/{rel}","templated":true}]}}