{"id":20220,"date":"2022-10-14T09:15:31","date_gmt":"2022-10-14T12:15:31","guid":{"rendered":"https:\/\/www.jornaldaconstrucaocivil.com.br\/?p=20220"},"modified":"2022-10-14T09:15:31","modified_gmt":"2022-10-14T12:15:31","slug":"destaque-na-construcao-embraed-nomeia-sonia-hess-para-conselho-de-administracao","status":"publish","type":"post","link":"https:\/\/construcaocivil.siriusmarketingedesign.com.br\/?p=20220","title":{"rendered":"Destaque na constru\u00e7\u00e3o: Embraed nomeia S\u00f4nia Hess para Conselho de Administra\u00e7\u00e3o"},"content":{"rendered":"<p class=\"v1MsoNormal\" style=\"text-align: justify;\"><span lang=\"PT-BR\">A empres\u00e1ria S\u00f4nia Hess, que durante anos comandou a expans\u00e3o e a consolida\u00e7\u00e3o da Dudalina, acaba de ser eleita como membro do Conselho de Administra\u00e7\u00e3o da Embraed, incorporadora e construtora catarinense considerada refer\u00eancia<\/span><span lang=\"PT-BR\">\u00a0em empreendimentos de\u00a0<\/span><span lang=\"PT-BR\">luxo. &#8220;\u00c9 uma satisfa\u00e7\u00e3o integrar\u00a0<\/span><span lang=\"PT-BR\">o\u00a0<\/span><span lang=\"PT-BR\">conselho da\u00a0<\/span><span lang=\"PT-BR\">Embraed, empresa que teve papel decisivo\u00a0<\/span><span lang=\"PT-BR\">no desenvolvimento<\/span><span lang=\"PT-BR\">\u00a0do mercado imobili\u00e1rio de Balne\u00e1rio Cambori\u00fa&#8221;, diz S\u00f4nia Hess.<\/span><\/p>\n<p class=\"v1MsoNormal\" style=\"text-align: justify;\"><span lang=\"PT-BR\">\u00a0<\/span><\/p>\n<p class=\"v1MsoNormal\" style=\"text-align: justify;\"><span lang=\"PT-BR\">A nova conselheira\u00a0<\/span><span lang=\"PT-BR\">leva<\/span><span lang=\"PT-BR\">\u00a0para a Embraed\u00a0<\/span><span lang=\"PT-BR\">amplo repert\u00f3rio de gest\u00e3o corporativa, de experi\u00eancia acumulada durante os<\/span><span lang=\"PT-BR\">\u00a035 anos\u00a0<\/span><span lang=\"PT-BR\">de dedica\u00e7\u00e3o<\/span><span lang=\"PT-BR\">\u00a0\u00e0 Dudalina,\u00a0<\/span><span lang=\"PT-BR\">ind\u00fastria de vestu\u00e1rio fundada por sua fam\u00edlia e<\/span><span lang=\"PT-BR\">\u00a0que, sob seu comando, transformou a empresa na maior exportadora\u00a0<\/span><span lang=\"PT-BR\">brasileira\u00a0<\/span><span lang=\"PT-BR\">de camisas<\/span><span lang=\"PT-BR\">. A Dudalina, assim como a Embraed, foi fundada em Santa Catarina.<\/span><span lang=\"PT-BR\">\u00a0Em 2013, a revista\u00a0<i>Forbes<\/i>\u00a0<\/span><span lang=\"PT-BR\">colocou S\u00f4nia Hess na lista<\/span><span lang=\"PT-BR\">\u00a0das mulheres mais poderosas do pa\u00eds.<\/span><\/p>\n<p class=\"v1MsoNormal\" style=\"text-align: justify;\"><span lang=\"PT-BR\">\u00a0<\/span><\/p>\n<p class=\"v1MsoNormal\" style=\"text-align: justify;\"><span lang=\"PT-BR\">&#8220;S\u00f4nia Hess tem uma vis\u00e3o\u00a0<\/span><span lang=\"PT-BR\">estrat\u00e9gica<\/span><span lang=\"PT-BR\">\u00a0privilegiada e profundo conhecimento empresarial<\/span><span lang=\"PT-BR\">. Por isso, ela tem muito a contribuir conosco no<\/span><span lang=\"PT-BR\">\u00a0atual momento da Embraed<\/span><span lang=\"PT-BR\">, marcado por<\/span><span lang=\"PT-BR\">\u00a0expans\u00e3o\u00a0<\/span><span lang=\"PT-BR\">de<\/span><span lang=\"PT-BR\">\u00a0neg\u00f3cios,\u00a0<\/span><span lang=\"PT-BR\">consolida\u00e7\u00e3o<\/span><span lang=\"PT-BR\">\u00a0de um projeto\u00a0<\/span><span lang=\"PT-BR\">robusto\u00a0<\/span><span lang=\"PT-BR\">de governan\u00e7a corporativa, profissionaliza\u00e7\u00e3o do ciclo construtivo\u00a0<\/span><span lang=\"PT-BR\">e<\/span><span lang=\"PT-BR\">\u00a0responsabilidade social e ambiental&#8221;,\u00a0<\/span><span lang=\"PT-BR\">destaca<\/span><span lang=\"PT-BR\">\u00a0Tatiana Rosa Cequinel, CEO da construtora, \u00e0 frente dos neg\u00f3cios desde 2013 na sucess\u00e3o do seu pai e fundador, Rog\u00e9rio Rosa.<\/span><\/p>\n<p class=\"v1MsoNormal\" style=\"text-align: justify;\"><span lang=\"PT-BR\">\u00a0<\/span><\/p>\n<p class=\"v1MsoNormal\" style=\"text-align: justify;\"><span lang=\"PT-BR\">A chegada de um nome de peso como S\u00f4nia Hess refor\u00e7a o Conselho de Administra\u00e7\u00e3o da Embraed, atualmente composto por outros quatro integrantes. S\u00e3o eles: Lu\u00eds Roberto Wenzel Ferreira, s\u00f3cio da Smart Pods e \u00c2mbar, com ampla experi\u00eancia no segmento de constru\u00e7\u00e3o, tanto na posi\u00e7\u00e3o de executivo, com carreira desenvolvida na Tigre no Brasil e nos Estados Unidos, quanto como integrante de conselhos de administra\u00e7\u00e3o em entidade do setor (Associa\u00e7\u00e3o Brasileira de Materiais de Constru\u00e7\u00e3o &#8211; Abramat) e em empresas de S\u00e3o Paulo e Santa Catarina; Luiz Gustavo de Castro Santos, profissional com especializa\u00e7\u00e3o em gest\u00e3o estrat\u00e9gica e de neg\u00f3cios, al\u00e9m de empreendimentos e projetos, que j\u00e1 atuou como vice-presidente e no board member do Athi\u00ea Wohnrath e hoje integra a equipe da consultoria Falconi como S\u00eanior Advisor Aquitetura, Engenharia e Constru\u00e7\u00e3o e tamb\u00e9m o conselho de Administra\u00e7\u00e3o da Drogaria Venancio; Reymi Domingos Savaris Junior, advogado especializado em Direito Civil, Processual Civil e Empresarial com atua\u00e7\u00e3o em empresas de diferentes setores, como constru\u00e7\u00e3o civil, concreto, telefonia, entre outros; e Tatiana Cequinel, presidente do Conselho.<\/span><\/p>\n<p class=\"v1MsoNormal\" style=\"text-align: justify;\"><span lang=\"PT-BR\">\u00a0<\/span><\/p>\n<p class=\"v1MsoNormal\" style=\"text-align: justify;\"><b><span lang=\"PT-BR\">Gest\u00e3o e Governan\u00e7a<\/span><\/b><\/p>\n<p class=\"v1MsoNormal\" style=\"text-align: justify;\"><span lang=\"PT-BR\">\u00a0<\/span><\/p>\n<p class=\"v1MsoNormal\" style=\"text-align: justify;\"><span lang=\"PT-BR\">A estrutura\u00e7\u00e3o do Conselho de Administra\u00e7\u00e3o est\u00e1 alinhada a uma s\u00e9rie de iniciativas da Embraed para fortalecer as boas pr\u00e1ticas de governan\u00e7a corporativa. Al\u00e9m do Conselho ser formado por profissionais recrutados do mercado, a empresa estruturou um comit\u00ea para planejar iniciativas ESG (sigla em ingl\u00eas para pr\u00e1ticas voltadas ao meio ambiente, sociais e governan\u00e7a).<\/span><\/p>\n<p class=\"v1MsoNormal\" style=\"text-align: justify;\"><span lang=\"PT-BR\">\u00a0<\/span><\/p>\n<p class=\"v1MsoNormal\" style=\"text-align: justify;\"><span lang=\"PT-BR\">Sob a gest\u00e3o da Tatiana Cequinel, a Embraed tamb\u00e9m implementou estrutura de board e contratou uma das Big Four, que re\u00fane as maiores empresas de auditoria do mundo. &#8220;Com essas a\u00e7\u00f5es, a construtora segue o que existe de mais avan\u00e7ado nessa agenda, como as pol\u00edticas adotadas por companhias listadas em bolsa. Esse processo ajuda a chancelar a opera\u00e7\u00e3o da Embraed no mercado de capitais&#8221;, diz a CEO.<\/span><\/p>\n<p class=\"v1MsoNormal\" style=\"text-align: justify;\"><span lang=\"PT-BR\">\u00a0<\/span><\/p>\n<p class=\"v1MsoNormal\" style=\"text-align: justify;\"><span lang=\"PT-BR\">A contrata\u00e7\u00e3o de S\u00f4nia Hess tamb\u00e9m refor\u00e7a a representatividade das lideran\u00e7as femininas na Embraed. Atualmente, 17% dos cerca de 760 colaboradores s\u00e3o mulheres, percentual significativo quando comparado \u00e0 participa\u00e7\u00e3o feminina inferior \u00e0 10% dentre os profissionais da constru\u00e7\u00e3o civil em todo o Brasil, segundo dados do Minist\u00e9rio do Trabalho e Emprego.<\/span><\/p>\n<p class=\"v1MsoNormal\" style=\"text-align: justify;\"><span lang=\"PT-BR\">\u00a0<\/span><\/p>\n<p class=\"v1MsoNormal\" style=\"text-align: justify;\"><span lang=\"PT-BR\">Atualmente, S\u00f4nia Hess \u00e9 vice-presidente do Grupo Mulheres do Brasil, formado por mulheres de diferentes segmentos e que tem como\u00a0<\/span><span lang=\"PT-BR\">intuito<\/span><span lang=\"PT-BR\">\u00a0engajar e estimular a participa\u00e7\u00e3o feminina na constru\u00e7\u00e3o de uma sociedade melhor. A executiva tamb\u00e9m \u00e9 mentora do programa Winning Women Brasil, da EY<\/span><span lang=\"PT-BR\">;<\/span><span lang=\"PT-BR\">\u00a0e conselheira da Sequ\u00f3ia Log\u00edstica, do Museu de Arte de S\u00e3o Paulo (MASP) e da Sociedade Brasileira de Varejo e Consumo (SBVC).<\/span><\/p>\n<p class=\"v1MsoNormal\" style=\"text-align: justify;\"><span lang=\"PT-BR\">\u00a0<\/span><\/p>\n<p class=\"v1MsoNormal\" style=\"text-align: justify;\"><span lang=\"PT-BR\">S\u00f4nia Hess tamb\u00e9m tem atua\u00e7\u00e3o abrangente como conselheira em organiza\u00e7\u00f5es do terceiro setor, como o Amigos do Bem, um dos maiores projetos sociais do pa\u00eds, que atende regularmente a mais de 150 mil pessoas em iniciativas continuas de educa\u00e7\u00e3o, gera\u00e7\u00e3o de renda e acesso a \u00e1gua, moradia e sa\u00fade no sert\u00e3o de Pernambuco, Alagoas e Cear\u00e1, o Instituto Ayrton Senna, Verdescola e a Rede Mulheres Empreendedoras (RME). Empenhada na proposi\u00e7\u00e3o de pol\u00edticas p\u00fablicas para mulheres, S\u00f4nia Hess tamb\u00e9m idealizou, em plena pandemia, o Fundo Dona de Mim, uma linha de cr\u00e9dito circular, que tem o objetivo de impulsionar o empreendedorismo feminino para mulheres em situa\u00e7\u00e3o de vulnerabilidade.<u><\/u><\/span><\/p>\n","protected":false},"excerpt":{"rendered":"<p>A empres\u00e1ria S\u00f4nia Hess, que durante anos comandou a expans\u00e3o e a consolida\u00e7\u00e3o da Dudalina, acaba de ser eleita como membro do Conselho de Administra\u00e7\u00e3o da Embraed, incorporadora e construtora catarinense considerada refer\u00eancia\u00a0em empreendimentos de\u00a0luxo. &#8220;\u00c9 uma satisfa\u00e7\u00e3o integrar\u00a0o\u00a0conselho da\u00a0Embraed, empresa que teve papel decisivo\u00a0no desenvolvimento\u00a0do mercado imobili\u00e1rio de Balne\u00e1rio Cambori\u00fa&#8221;, diz S\u00f4nia Hess. \u00a0 [&hellip;]<\/p>\n","protected":false},"author":1,"featured_media":20221,"comment_status":"open","ping_status":"open","sticky":false,"template":"","format":"standard","meta":{"_uag_custom_page_level_css":"","footnotes":""},"categories":[33],"tags":[24374,7563,20257,10939],"class_list":["post-20220","post","type-post","status-publish","format-standard","has-post-thumbnail","hentry","category-mercado","tag-embraed","tag-mercado-imobiliario","tag-mulheres-na-construcao","tag-servicos-de-engenharia"],"blocksy_meta":[],"spectra_blocks_featured_image_url":{"thumbnail":{"url":"https:\/\/construcaocivil.siriusmarketingedesign.com.br\/wp-content\/uploads\/2022\/10\/SONIA_HESS_DIVULGACAO-150x150.jpeg","width":150,"height":150},"medium":{"url":"https:\/\/construcaocivil.siriusmarketingedesign.com.br\/wp-content\/uploads\/2022\/10\/SONIA_HESS_DIVULGACAO-300x200.jpeg","width":300,"height":200},"medium_large":{"url":"https:\/\/construcaocivil.siriusmarketingedesign.com.br\/wp-content\/uploads\/2022\/10\/SONIA_HESS_DIVULGACAO-768x512.jpeg","width":768,"height":512},"large":{"url":"https:\/\/construcaocivil.siriusmarketingedesign.com.br\/wp-content\/uploads\/2022\/10\/SONIA_HESS_DIVULGACAO.jpeg","width":1024,"height":682},"full":{"url":"https:\/\/construcaocivil.siriusmarketingedesign.com.br\/wp-content\/uploads\/2022\/10\/SONIA_HESS_DIVULGACAO.jpeg","width":1024,"height":682}},"spectra_blocks_author_info":{"display_name":"Jornal da Constru\u00e7\u00e3o Civil","avatar_url":"https:\/\/secure.gravatar.com\/avatar\/973c9774fd44ddaceb026973c4962faa70fc512bc4c9da68e8ebb40fecee6540?s=96&d=mm&r=g","author_link":"https:\/\/construcaocivil.siriusmarketingedesign.com.br\/?author=1","description":"Desde de 2013, levando muitas informa\u00e7\u00f5es, lan\u00e7amentos e produtos de qualidade para toda cadeia produtiva da constru\u00e7\u00e3o. O Futuro da constru\u00e7\u00e3o passa por aqui,"},"uagb_featured_image_src":{"full":["https:\/\/construcaocivil.siriusmarketingedesign.com.br\/wp-content\/uploads\/2022\/10\/SONIA_HESS_DIVULGACAO.jpeg",1024,682,false],"thumbnail":["https:\/\/construcaocivil.siriusmarketingedesign.com.br\/wp-content\/uploads\/2022\/10\/SONIA_HESS_DIVULGACAO-150x150.jpeg",150,150,true],"medium":["https:\/\/construcaocivil.siriusmarketingedesign.com.br\/wp-content\/uploads\/2022\/10\/SONIA_HESS_DIVULGACAO-300x200.jpeg",300,200,true],"medium_large":["https:\/\/construcaocivil.siriusmarketingedesign.com.br\/wp-content\/uploads\/2022\/10\/SONIA_HESS_DIVULGACAO-768x512.jpeg",768,512,true],"large":["https:\/\/construcaocivil.siriusmarketingedesign.com.br\/wp-content\/uploads\/2022\/10\/SONIA_HESS_DIVULGACAO.jpeg",1024,682,false],"1536x1536":["https:\/\/construcaocivil.siriusmarketingedesign.com.br\/wp-content\/uploads\/2022\/10\/SONIA_HESS_DIVULGACAO.jpeg",1024,682,false],"2048x2048":["https:\/\/construcaocivil.siriusmarketingedesign.com.br\/wp-content\/uploads\/2022\/10\/SONIA_HESS_DIVULGACAO.jpeg",1024,682,false]},"uagb_author_info":{"display_name":"Jornal da Constru\u00e7\u00e3o Civil","author_link":"https:\/\/construcaocivil.siriusmarketingedesign.com.br\/?author=1"},"uagb_comment_info":0,"uagb_excerpt":"A empres\u00e1ria S\u00f4nia Hess, que durante anos comandou a expans\u00e3o e a consolida\u00e7\u00e3o da Dudalina, acaba de ser eleita como membro do Conselho de Administra\u00e7\u00e3o da Embraed, incorporadora e construtora catarinense considerada refer\u00eancia\u00a0em empreendimentos de\u00a0luxo. &#8220;\u00c9 uma satisfa\u00e7\u00e3o integrar\u00a0o\u00a0conselho da\u00a0Embraed, empresa que teve papel decisivo\u00a0no desenvolvimento\u00a0do mercado imobili\u00e1rio de Balne\u00e1rio Cambori\u00fa&#8221;, diz S\u00f4nia Hess. \u00a0&hellip;","_links":{"self":[{"href":"https:\/\/construcaocivil.siriusmarketingedesign.com.br\/index.php?rest_route=\/wp\/v2\/posts\/20220","targetHints":{"allow":["GET"]}}],"collection":[{"href":"https:\/\/construcaocivil.siriusmarketingedesign.com.br\/index.php?rest_route=\/wp\/v2\/posts"}],"about":[{"href":"https:\/\/construcaocivil.siriusmarketingedesign.com.br\/index.php?rest_route=\/wp\/v2\/types\/post"}],"author":[{"embeddable":true,"href":"https:\/\/construcaocivil.siriusmarketingedesign.com.br\/index.php?rest_route=\/wp\/v2\/users\/1"}],"replies":[{"embeddable":true,"href":"https:\/\/construcaocivil.siriusmarketingedesign.com.br\/index.php?rest_route=%2Fwp%2Fv2%2Fcomments&post=20220"}],"version-history":[{"count":0,"href":"https:\/\/construcaocivil.siriusmarketingedesign.com.br\/index.php?rest_route=\/wp\/v2\/posts\/20220\/revisions"}],"wp:featuredmedia":[{"embeddable":true,"href":"https:\/\/construcaocivil.siriusmarketingedesign.com.br\/index.php?rest_route=\/wp\/v2\/media\/20221"}],"wp:attachment":[{"href":"https:\/\/construcaocivil.siriusmarketingedesign.com.br\/index.php?rest_route=%2Fwp%2Fv2%2Fmedia&parent=20220"}],"wp:term":[{"taxonomy":"category","embeddable":true,"href":"https:\/\/construcaocivil.siriusmarketingedesign.com.br\/index.php?rest_route=%2Fwp%2Fv2%2Fcategories&post=20220"},{"taxonomy":"post_tag","embeddable":true,"href":"https:\/\/construcaocivil.siriusmarketingedesign.com.br\/index.php?rest_route=%2Fwp%2Fv2%2Ftags&post=20220"}],"curies":[{"name":"wp","href":"https:\/\/api.w.org\/{rel}","templated":true}]}}