{"id":2023,"date":"2016-06-08T16:16:37","date_gmt":"2016-06-08T16:16:37","guid":{"rendered":"http:\/\/www.jornaldaconstrucaocivil.com.br\/?p=2023"},"modified":"2016-06-08T16:16:37","modified_gmt":"2016-06-08T16:16:37","slug":"preservacao-da-natureza-traz-beneficios-para-a-industria","status":"publish","type":"post","link":"https:\/\/construcaocivil.siriusmarketingedesign.com.br\/?p=2023","title":{"rendered":"Preserva\u00e7\u00e3o da natureza traz benef\u00edcios para a ind\u00fastria"},"content":{"rendered":"<p><span style=\"color: #0000ff;\"><strong>Na Semana do Meio Ambiente, confira medidas necess\u00e1rias \u00e0 preserva\u00e7\u00e3o do meio ambiente e com as quais se promove a inova\u00e7\u00e3o<\/strong><\/span><\/p>\n<p><span style=\"color: #000000;\">A preocupa\u00e7\u00e3o com a preserva\u00e7\u00e3o da natureza, lembrada no Dia Mundial do Meio Ambiente, em 5 de junho, e com o cumprimento da legisla\u00e7\u00e3o ambiental est\u00e1 cada vez mais amadurecida nas ind\u00fastrias. A adequa\u00e7\u00e3o com normas mostra que, al\u00e9m de fazer sua parte na conserva\u00e7\u00e3o do meio ambiente, a ind\u00fastria pode tamb\u00e9m obter ganhos no processo produtivo, segundo o coordenador de servi\u00e7os tecnol\u00f3gicos e de inova\u00e7\u00e3o do Instituto Senai de Tecnologia em Meio Ambiente e Qu\u00edmica, Marcos Pupo Thiesen.<\/span><\/p>\n<p><span style=\"color: #000000;\">Ele afirma que, de modo geral, a ind\u00fastria come\u00e7a a entender que seus problemas ambientais s\u00e3o decorrentes de fatores como as falhas de processo, desperd\u00edcios, tecnologias inadequadas ou ultrapassadas ou a falta de capacita\u00e7\u00e3o t\u00e9cnica de seus funcion\u00e1rios.<\/span><\/p>\n<p><span style=\"color: #000000;\"><em>\u201cSe corretamente trabalhadas, [essas situa\u00e7\u00f5es] podem reverter em ganhos em seu processo produtivo, ganhos de mercado por atender \u00e0s imposi\u00e7\u00f5es de clientes e fornecedores pelas quest\u00f5es ambientais, assim como ganhos por multas evitadas\u201d<\/em>, explica. O instituto, por meio de seus consultores e sua rede de laborat\u00f3rios ambientais, recebe demandas de empresas que buscam se adequar \u00e0 legisla\u00e7\u00e3o e \u00e0 necessidade de preserva\u00e7\u00e3o ambiental. Thiesen apontou como est\u00e1 a pauta da ind\u00fastria na preserva\u00e7\u00e3o ambiental e quais as solicita\u00e7\u00f5es feitas ao instituto para que as empresas se adequem \u00e0s leis.<\/span><\/p>\n<p><span style=\"color: #000000;\"><strong>Energia &#8211; <\/strong>a efici\u00eancia energ\u00e9tica e projetos de energia renov\u00e1vel s\u00e3o temas recorrentes nessa \u00e1rea. Com a implanta\u00e7\u00e3o de projetos de efici\u00eancia energ\u00e9tica \u00e9 poss\u00edvel reduzir o consumo de energia nas ind\u00fastrias, aliviando o sistema el\u00e9trico brasileiro e consequentemente reduzindo a gera\u00e7\u00e3o de energia el\u00e9trica, contribuindo para a sustentabilidade. Outra demanda \u00e9 decorrente do desenvolvimento de projetos de energia renov\u00e1vel podendo ser de energia solar, e\u00f3lica ou gera\u00e7\u00e3o de energia por utiliza\u00e7\u00e3o do biog\u00e1s gerado pela decomposi\u00e7\u00e3o de compostos org\u00e2nicos em biodigestores.<\/span><\/p>\n<p><span style=\"color: #000000;\"><strong>Preserva\u00e7\u00e3o de rios \u2013<\/strong> diminuir a polui\u00e7\u00e3o nos cursos de \u00e1gua das cidades \u00e9 outra necessidade e a ind\u00fastria busca formas de reduzir esses impactos ambientais. Uma das alternativas \u00e9 atender \u00e0 autodepura\u00e7\u00e3o dos corpos h\u00eddricos, ou seja, a capacidade da \u00e1gua de se recuperar ap\u00f3s o lan\u00e7amento de materiais biodegrad\u00e1veis nos rios. Para isso, \u00e9 bastante requisitada pelas ind\u00fastrias a implanta\u00e7\u00e3o de sistemas de tratamento de \u00e1guas e efluentes.\u00a0 Outras medidas s\u00e3o: economia de \u00e1gua por meio do balan\u00e7o h\u00eddrico e reuso de \u00e1guas e efluentes, reposi\u00e7\u00e3o da mata ciliar com esp\u00e9cies nativas diminuindo o n\u00edvel de assoreamento, casos de enchentes e melhorando a qualidade das \u00e1guas; aplica\u00e7\u00e3o dos planos de gerenciamento de res\u00edduos s\u00f3lidos pela separa\u00e7\u00e3o dos recicl\u00e1veis e da destina\u00e7\u00e3o adequada dos res\u00edduos, evitando seu arraste aos corpos h\u00eddricos e, como consequ\u00eancia, sua polui\u00e7\u00e3o.<\/span><\/p>\n<p><span style=\"color: #000000;\"><strong>Res\u00edduos s\u00f3lidos, reciclagem e reutiliza\u00e7\u00e3o &#8211; <\/strong>A legisla\u00e7\u00e3o ambiental no pa\u00eds e no Paran\u00e1 contribuem para o investimento em inova\u00e7\u00f5es tecnol\u00f3gicas para o reaproveitamento de materiais. Um exemplo \u00e9 a &#8220;madeira ecol\u00f3gica&#8221;, que seria um substituto sustent\u00e1vel da madeira extrativa, que utilizando na sua fabrica\u00e7\u00e3o res\u00edduos pl\u00e1sticos e res\u00edduos de madeira da ind\u00fastria da constru\u00e7\u00e3o civil, evita a extra\u00e7\u00e3o significativa de recursos naturais. Isso soluciona parte do problema da destina\u00e7\u00e3o inadequada de res\u00edduos de dois diferentes setores e cria um produto inovador 100% reciclado e 100% recicl\u00e1vel de f\u00e1cil manuten\u00e7\u00e3o e com grande valor econ\u00f4mico agregado.<\/span><\/p>\n<p><span style=\"color: #000000;\"><strong>Emiss\u00e3o de gases na atmosfera \u2013<\/strong> a emiss\u00e3o de poluentes est\u00e1 relacionada com os processos produtivos e processos que usam combust\u00edveis. Muitas das emiss\u00f5es est\u00e3o relacionadas com pouca efici\u00eancia destes processos. Novas tecnologias e novos m\u00e9todos de trabalho contribuem com redu\u00e7\u00e3o das emiss\u00f5es e tamb\u00e9m com menor consumo de mat\u00e9rias primas, insumos e combust\u00edveis n\u00e3o renov\u00e1veis.<\/span><\/p>\n<p><span style=\"color: #000000;\">Fonte: Assessoria de Imprensa FIEP-PR<\/span><\/p>\n","protected":false},"excerpt":{"rendered":"<p>Na Semana do Meio Ambiente, confira medidas necess\u00e1rias \u00e0 preserva\u00e7\u00e3o do meio ambiente e com as quais se promove a inova\u00e7\u00e3o A preocupa\u00e7\u00e3o com a preserva\u00e7\u00e3o da natureza, lembrada no Dia Mundial do Meio Ambiente, em 5 de junho, e com o cumprimento da legisla\u00e7\u00e3o ambiental est\u00e1 cada vez mais amadurecida nas ind\u00fastrias. A adequa\u00e7\u00e3o [&hellip;]<\/p>\n","protected":false},"author":1,"featured_media":0,"comment_status":"open","ping_status":"open","sticky":false,"template":"","format":"quote","meta":{"_uag_custom_page_level_css":"","footnotes":""},"categories":[37],"tags":[4102,4904,6252,7438,9937,10255],"class_list":["post-2023","post","type-post","status-publish","format-quote","hentry","category-sustentabilidade","tag-emissao-de-gases","tag-federacao-das-industrias-do-estado-do-paranafiep","tag-instituto-senai-de-tecnologia-em-meio-ambiente-e-quimica","tag-meio-ambiente","tag-reciclagem","tag-residuos-solidos","post_format-post-format-quote"],"blocksy_meta":[],"spectra_blocks_featured_image_url":null,"spectra_blocks_author_info":{"display_name":"Jornal da Constru\u00e7\u00e3o Civil","avatar_url":"https:\/\/secure.gravatar.com\/avatar\/973c9774fd44ddaceb026973c4962faa70fc512bc4c9da68e8ebb40fecee6540?s=96&d=mm&r=g","author_link":"https:\/\/construcaocivil.siriusmarketingedesign.com.br\/?author=1","description":"Desde de 2013, levando muitas informa\u00e7\u00f5es, lan\u00e7amentos e produtos de qualidade para toda cadeia produtiva da constru\u00e7\u00e3o. O Futuro da constru\u00e7\u00e3o passa por aqui,"},"uagb_featured_image_src":{"full":false,"thumbnail":false,"medium":false,"medium_large":false,"large":false,"1536x1536":false,"2048x2048":false},"uagb_author_info":{"display_name":"Jornal da Constru\u00e7\u00e3o Civil","author_link":"https:\/\/construcaocivil.siriusmarketingedesign.com.br\/?author=1"},"uagb_comment_info":0,"uagb_excerpt":"Na Semana do Meio Ambiente, confira medidas necess\u00e1rias \u00e0 preserva\u00e7\u00e3o do meio ambiente e com as quais se promove a inova\u00e7\u00e3o A preocupa\u00e7\u00e3o com a preserva\u00e7\u00e3o da natureza, lembrada no Dia Mundial do Meio Ambiente, em 5 de junho, e com o cumprimento da legisla\u00e7\u00e3o ambiental est\u00e1 cada vez mais amadurecida nas ind\u00fastrias. A adequa\u00e7\u00e3o&hellip;","_links":{"self":[{"href":"https:\/\/construcaocivil.siriusmarketingedesign.com.br\/index.php?rest_route=\/wp\/v2\/posts\/2023","targetHints":{"allow":["GET"]}}],"collection":[{"href":"https:\/\/construcaocivil.siriusmarketingedesign.com.br\/index.php?rest_route=\/wp\/v2\/posts"}],"about":[{"href":"https:\/\/construcaocivil.siriusmarketingedesign.com.br\/index.php?rest_route=\/wp\/v2\/types\/post"}],"author":[{"embeddable":true,"href":"https:\/\/construcaocivil.siriusmarketingedesign.com.br\/index.php?rest_route=\/wp\/v2\/users\/1"}],"replies":[{"embeddable":true,"href":"https:\/\/construcaocivil.siriusmarketingedesign.com.br\/index.php?rest_route=%2Fwp%2Fv2%2Fcomments&post=2023"}],"version-history":[{"count":0,"href":"https:\/\/construcaocivil.siriusmarketingedesign.com.br\/index.php?rest_route=\/wp\/v2\/posts\/2023\/revisions"}],"wp:attachment":[{"href":"https:\/\/construcaocivil.siriusmarketingedesign.com.br\/index.php?rest_route=%2Fwp%2Fv2%2Fmedia&parent=2023"}],"wp:term":[{"taxonomy":"category","embeddable":true,"href":"https:\/\/construcaocivil.siriusmarketingedesign.com.br\/index.php?rest_route=%2Fwp%2Fv2%2Fcategories&post=2023"},{"taxonomy":"post_tag","embeddable":true,"href":"https:\/\/construcaocivil.siriusmarketingedesign.com.br\/index.php?rest_route=%2Fwp%2Fv2%2Ftags&post=2023"}],"curies":[{"name":"wp","href":"https:\/\/api.w.org\/{rel}","templated":true}]}}