{"id":20230,"date":"2022-10-16T22:08:56","date_gmt":"2022-10-17T01:08:56","guid":{"rendered":"https:\/\/www.jornaldaconstrucaocivil.com.br\/?p=20230"},"modified":"2022-10-16T22:08:56","modified_gmt":"2022-10-17T01:08:56","slug":"eleicoes-2022-povo-da-favela-e-extraordinario-e-trabalhador-diz-lula-no-debate","status":"publish","type":"post","link":"https:\/\/construcaocivil.siriusmarketingedesign.com.br\/?p=20230","title":{"rendered":"Elei\u00e7\u00f5es 2022: &#8220;Povo da favela \u00e9 extraordin\u00e1rio e trabalhador&#8221;, diz Lula no debate"},"content":{"rendered":"<article>Em confronto direto com o advers\u00e1rio Jair Bolsonaro, em debate na TV Bandeirantes, na noite deste domingo (16\/10), o ex-presidente Luiz In\u00e1cio Lula da Silva disse que visita favelas, como recentemente foi ao Complexo do Alem\u00e3o, no Rio de Janeiro (RJ), porque l\u00e1 vive um povo extraordin\u00e1rio e trabalhador.<\/p>\n<p>\u201cSou o \u00fanico candidato a presidente da Rep\u00fablica que tenho coragem de entrar numa favela, sem colete de seguran\u00e7a. E j\u00e1 n\u00e3o \u00e9 agora, quando eu era presidente eu entrava. E as pessoas falavam \u2018vai com cuidado, porque o Bolsonaro \u00e9 amigo dos milicianos. Voc\u00ea vai com cuidado\u2019. E eu ia, eu ia, sabe por que? Eu acredito no povo\u201d, disse.<\/p>\n<p>O ex-presidente afirmou que fez uma caminhada exuberante no Complexo do Alem\u00e3o, um dos maiores complexos de favelas do Brasil e l\u00e1 n\u00e3o tinha bandidos, mas homens e mulheres que acordavam \u00e0s 5h da manh\u00e3 para trabalhar.<\/p>\n<p>\u201cOs bandidos o senhor sabe onde est\u00e3o. Um vizinho seu tinha 100 armas dentro de casa, o senhor sabe. Esse n\u00e3o era da favela do Complexo do Alem\u00e3o, esse, quem sabe, morava num apartamento numa avenida Copacabana. E por que achar que bandido est\u00e1 s\u00f3 no lugar dos pobres? Os grandes bandidos est\u00e3o no lugar dos ricos. Os pobres s\u00e3o trabalhadores\u201d.<\/p>\n<p>Lula tamb\u00e9m criticou o uso da m\u00e1quina p\u00fablica por Jair Bolsonaro na campanha pela reelei\u00e7\u00e3o. \u201cEu tive 6 milh\u00f5es de votos a mais do que voc\u00ea com toda essa gastan\u00e7a que voc\u00ea fez. Se pegar todos os presidentes desde Deodoro at\u00e9 agora ningu\u00e9m colocou 10% do dinheiro que o senhor colocou\u201d, afirmou, acrescentando que vai voltar ao Complexo do Alem\u00e3o porque n\u00e3o foram os presos que votaram nele. \u201cFoi o povo brasileiro\u201d.<\/p>\n<\/article>\n<div class=\"compartilhe\"><\/div>\n","protected":false},"excerpt":{"rendered":"<p>Em confronto direto com o advers\u00e1rio Jair Bolsonaro, em debate na TV Bandeirantes, na noite deste domingo (16\/10), o ex-presidente Luiz In\u00e1cio Lula da Silva disse que visita favelas, como recentemente foi ao Complexo do Alem\u00e3o, no Rio de Janeiro (RJ), porque l\u00e1 vive um povo extraordin\u00e1rio e trabalhador. \u201cSou o \u00fanico candidato a presidente [&hellip;]<\/p>\n","protected":false},"author":1,"featured_media":20231,"comment_status":"open","ping_status":"open","sticky":false,"template":"","format":"standard","meta":{"_uag_custom_page_level_css":"","footnotes":""},"categories":[27],"tags":[24375,24378,24376,24377,8859],"class_list":["post-20230","post","type-post","status-publish","format-standard","has-post-thumbnail","hentry","category-acontece","tag-lulapresidente2022","tag-covid-19-brasil-sem-vacina","tag-debate-na-band","tag-empregos-e-educacao","tag-petrobras"],"blocksy_meta":[],"spectra_blocks_featured_image_url":{"thumbnail":{"url":"https:\/\/construcaocivil.siriusmarketingedesign.com.br\/wp-content\/uploads\/2022\/10\/BAND-ELEICOES-150x150.jpeg","width":150,"height":150},"medium":{"url":"https:\/\/construcaocivil.siriusmarketingedesign.com.br\/wp-content\/uploads\/2022\/10\/BAND-ELEICOES-300x142.jpeg","width":300,"height":142},"medium_large":{"url":"https:\/\/construcaocivil.siriusmarketingedesign.com.br\/wp-content\/uploads\/2022\/10\/BAND-ELEICOES.jpeg","width":372,"height":176},"large":{"url":"https:\/\/construcaocivil.siriusmarketingedesign.com.br\/wp-content\/uploads\/2022\/10\/BAND-ELEICOES.jpeg","width":372,"height":176},"full":{"url":"https:\/\/construcaocivil.siriusmarketingedesign.com.br\/wp-content\/uploads\/2022\/10\/BAND-ELEICOES.jpeg","width":372,"height":176}},"spectra_blocks_author_info":{"display_name":"Jornal da Constru\u00e7\u00e3o Civil","avatar_url":"https:\/\/secure.gravatar.com\/avatar\/973c9774fd44ddaceb026973c4962faa70fc512bc4c9da68e8ebb40fecee6540?s=96&d=mm&r=g","author_link":"https:\/\/construcaocivil.siriusmarketingedesign.com.br\/?author=1","description":"Desde de 2013, levando muitas informa\u00e7\u00f5es, lan\u00e7amentos e produtos de qualidade para toda cadeia produtiva da constru\u00e7\u00e3o. O Futuro da constru\u00e7\u00e3o passa por aqui,"},"uagb_featured_image_src":{"full":["https:\/\/construcaocivil.siriusmarketingedesign.com.br\/wp-content\/uploads\/2022\/10\/BAND-ELEICOES.jpeg",372,176,false],"thumbnail":["https:\/\/construcaocivil.siriusmarketingedesign.com.br\/wp-content\/uploads\/2022\/10\/BAND-ELEICOES-150x150.jpeg",150,150,true],"medium":["https:\/\/construcaocivil.siriusmarketingedesign.com.br\/wp-content\/uploads\/2022\/10\/BAND-ELEICOES-300x142.jpeg",300,142,true],"medium_large":["https:\/\/construcaocivil.siriusmarketingedesign.com.br\/wp-content\/uploads\/2022\/10\/BAND-ELEICOES.jpeg",372,176,false],"large":["https:\/\/construcaocivil.siriusmarketingedesign.com.br\/wp-content\/uploads\/2022\/10\/BAND-ELEICOES.jpeg",372,176,false],"1536x1536":["https:\/\/construcaocivil.siriusmarketingedesign.com.br\/wp-content\/uploads\/2022\/10\/BAND-ELEICOES.jpeg",372,176,false],"2048x2048":["https:\/\/construcaocivil.siriusmarketingedesign.com.br\/wp-content\/uploads\/2022\/10\/BAND-ELEICOES.jpeg",372,176,false]},"uagb_author_info":{"display_name":"Jornal da Constru\u00e7\u00e3o Civil","author_link":"https:\/\/construcaocivil.siriusmarketingedesign.com.br\/?author=1"},"uagb_comment_info":0,"uagb_excerpt":"Em confronto direto com o advers\u00e1rio Jair Bolsonaro, em debate na TV Bandeirantes, na noite deste domingo (16\/10), o ex-presidente Luiz In\u00e1cio Lula da Silva disse que visita favelas, como recentemente foi ao Complexo do Alem\u00e3o, no Rio de Janeiro (RJ), porque l\u00e1 vive um povo extraordin\u00e1rio e trabalhador. \u201cSou o \u00fanico candidato a presidente&hellip;","_links":{"self":[{"href":"https:\/\/construcaocivil.siriusmarketingedesign.com.br\/index.php?rest_route=\/wp\/v2\/posts\/20230","targetHints":{"allow":["GET"]}}],"collection":[{"href":"https:\/\/construcaocivil.siriusmarketingedesign.com.br\/index.php?rest_route=\/wp\/v2\/posts"}],"about":[{"href":"https:\/\/construcaocivil.siriusmarketingedesign.com.br\/index.php?rest_route=\/wp\/v2\/types\/post"}],"author":[{"embeddable":true,"href":"https:\/\/construcaocivil.siriusmarketingedesign.com.br\/index.php?rest_route=\/wp\/v2\/users\/1"}],"replies":[{"embeddable":true,"href":"https:\/\/construcaocivil.siriusmarketingedesign.com.br\/index.php?rest_route=%2Fwp%2Fv2%2Fcomments&post=20230"}],"version-history":[{"count":0,"href":"https:\/\/construcaocivil.siriusmarketingedesign.com.br\/index.php?rest_route=\/wp\/v2\/posts\/20230\/revisions"}],"wp:featuredmedia":[{"embeddable":true,"href":"https:\/\/construcaocivil.siriusmarketingedesign.com.br\/index.php?rest_route=\/wp\/v2\/media\/20231"}],"wp:attachment":[{"href":"https:\/\/construcaocivil.siriusmarketingedesign.com.br\/index.php?rest_route=%2Fwp%2Fv2%2Fmedia&parent=20230"}],"wp:term":[{"taxonomy":"category","embeddable":true,"href":"https:\/\/construcaocivil.siriusmarketingedesign.com.br\/index.php?rest_route=%2Fwp%2Fv2%2Fcategories&post=20230"},{"taxonomy":"post_tag","embeddable":true,"href":"https:\/\/construcaocivil.siriusmarketingedesign.com.br\/index.php?rest_route=%2Fwp%2Fv2%2Ftags&post=20230"}],"curies":[{"name":"wp","href":"https:\/\/api.w.org\/{rel}","templated":true}]}}