{"id":20233,"date":"2022-10-17T11:41:37","date_gmt":"2022-10-17T14:41:37","guid":{"rendered":"https:\/\/www.jornaldaconstrucaocivil.com.br\/?p=20233"},"modified":"2022-10-17T11:41:37","modified_gmt":"2022-10-17T14:41:37","slug":"usinas-solares-e-eolicas-sao-contratadas-e-pelo-melhor-preco-no-ultimo-leilao-de-energia","status":"publish","type":"post","link":"https:\/\/construcaocivil.siriusmarketingedesign.com.br\/?p=20233","title":{"rendered":"Usinas solares e e\u00f3licas s\u00e3o contratadas e pelo melhor pre\u00e7o no \u00faltimo leil\u00e3o de energia"},"content":{"rendered":"<p>O Leil\u00e3o de Energia Nova (LEN) A-5 foi realizado na \u00faltima sexta, dia 14 de outubro, para a contrata\u00e7\u00e3o de energia nova a ser entregue ao Sistema Interligado Nacional (SIN) ao final de 2027 nas modalidades Quantidade e Disponibilidade de energia el\u00e9trica. A possibilidade de contrata\u00e7\u00e3o de uma usina termel\u00e9trica a carv\u00e3o mineral foi analisada no artigo sobre o Leil\u00e3o de Energia Nova A-5 do IEMA, <a href=\"https:\/\/click.cse360.com.br\/Click\/AddCampaignEmailClick\/2421ac98-7905-4934-2093-08daaac502d8\/https%253a%252f%252fdiplomatique.org.br%252fleilao-de-energia-pode-colocar-mais-uma-usina-a-carvao-no-brasil%252f\/e5a1d2fa-94bb-4a21-b332-08d7c5ff26d1\/redacao@jornaldaconstrucaocivil.com.br\/True\" target=\"_blank\" rel=\"noopener noreferrer\"><span style=\"color: #0000ff;\">divulgado<\/span> <span style=\"color: #0000ff;\">dia<\/span>\u00a0<\/a><a href=\"https:\/\/click.cse360.com.br\/Click\/AddCampaignEmailClick\/2421ac98-7905-4934-2093-08daaac502d8\/https%253a%252f%252fdiplomatique.org.br%252fleilao-de-energia-pode-colocar-mais-uma-usina-a-carvao-no-brasil%252f\/e5a1d2fa-94bb-4a21-b332-08d7c5ff26d1\/redacao@jornaldaconstrucaocivil.com.br\/True\" target=\"_blank\" rel=\"noopener noreferrer\"><span style=\"color: #0000ff;\">11\u00a0<\/span><\/a><span style=\"color: #0000ff;\"><a style=\"color: #0000ff;\" href=\"https:\/\/click.cse360.com.br\/Click\/AddCampaignEmailClick\/2421ac98-7905-4934-2093-08daaac502d8\/https%253a%252f%252fdiplomatique.org.br%252fleilao-de-energia-pode-colocar-mais-uma-usina-a-carvao-no-brasil%252f\/e5a1d2fa-94bb-4a21-b332-08d7c5ff26d1\/redacao@jornaldaconstrucaocivil.com.br\/True\" target=\"_blank\" rel=\"noopener noreferrer\">de outubro<\/a><\/span>.<\/p>\n<p>Foram cadastrados 2.044 projetos, entre eles: usinas e\u00f3licas, solares, hidrel\u00e9tricas e termel\u00e9tricas. Para as termel\u00e9tricas, houve uma nova forma de disputa envolvendo a competi\u00e7\u00e3o apenas entre usinas a biog\u00e1s com as usinas a carv\u00e3o mineral nacional. A \u00fanica usina a carv\u00e3o concorrendo era a Ouro Negro, programada para ser instalada no Rio Grande do Sul. Considerando todas as formas de disputa, no total foram contratados 22 empreendimentos totalizando 557,5 MW de pot\u00eancia, cuja energia foi comprada pelas distribuidoras Cemig e Equatorial do Par\u00e1 (antiga Celpa).<\/p>\n<p>Os contratos ter\u00e3o dura\u00e7\u00e3o de 15 e 20 anos na modalidade Quantidade e de 20 anos na modalidade Disponibilidade, a um pre\u00e7o m\u00e9dio de R$ 237,48\/MWh. Na modalidade Disponibilidade, foram contratados tr\u00eas empreendimentos, todos da categoria biomassa:<\/p>\n<ul>\n<li>Uma usina termel\u00e9trica utilizando combust\u00edvel do tipo res\u00edduos s\u00f3lidos urbanos com Custo Vari\u00e1vel Unit\u00e1rio (CVU) nulo, pot\u00eancia instalada de 20,0 MW, com pre\u00e7o de venda m\u00e9dio de 603,56 R$\/MWh;<\/li>\n<li>Duas usinas termel\u00e9tricas empregando combust\u00edvel do tipo baga\u00e7o de cana-de-a\u00e7\u00facar, Pot\u00eancia instalada total de 46,7 MW e pre\u00e7o de venda m\u00e9dio de R$ 211,60\/MWh;<\/li>\n<li>Nenhum empreendimento foi contratado na categoria em que a usina a carv\u00e3o Ouro Negro competiu com termel\u00e9tricas a biog\u00e1s.<\/li>\n<\/ul>\n<p>Mais uma vez, as fontes renov\u00e1veis solar e e\u00f3lica obtiveram os menores pre\u00e7os m\u00e9dios do certame, R$ 175,66\/MWh e R$ 171,20\/MWh, respectivamente. Assim, elas se mant\u00eam, sistematicamente, como as duas op\u00e7\u00f5es mais baratas entre todos os tipos de fontes comercializadas. Isso ocorreu nesse e em sucessivos leil\u00f5es. As usinas solares e e\u00f3licas chegaram a custar duas vezes e meia a menos do que o valor mais acess\u00edvel da usina termel\u00e9trica a res\u00edduos s\u00f3lidos urbanos contratada no leil\u00e3o de hoje.<\/p>\n","protected":false},"excerpt":{"rendered":"<p>O Leil\u00e3o de Energia Nova (LEN) A-5 foi realizado na \u00faltima sexta, dia 14 de outubro, para a contrata\u00e7\u00e3o de energia nova a ser entregue ao Sistema Interligado Nacional (SIN) ao final de 2027 nas modalidades Quantidade e Disponibilidade de energia el\u00e9trica. A possibilidade de contrata\u00e7\u00e3o de uma usina termel\u00e9trica a carv\u00e3o mineral foi analisada [&hellip;]<\/p>\n","protected":false},"author":1,"featured_media":20234,"comment_status":"open","ping_status":"open","sticky":false,"template":"","format":"standard","meta":{"_uag_custom_page_level_css":"","footnotes":""},"categories":[29],"tags":[24380,21373,24379,24382,24381],"class_list":["post-20233","post","type-post","status-publish","format-standard","has-post-thumbnail","hentry","category-energia","tag-fonte-solar-e-eolica","tag-iema","tag-jabuti-da-eletrobras","tag-leilao-de-energia-nova-len-a-5","tag-precos-das-tarifas-de-energia"],"blocksy_meta":[],"spectra_blocks_featured_image_url":{"thumbnail":{"url":"https:\/\/construcaocivil.siriusmarketingedesign.com.br\/wp-content\/uploads\/2022\/10\/geracao-de-energia-limpa-Juliano-Bueno-Instituto-Arayara-150x150.jpg","width":150,"height":150},"medium":{"url":"https:\/\/construcaocivil.siriusmarketingedesign.com.br\/wp-content\/uploads\/2022\/10\/geracao-de-energia-limpa-Juliano-Bueno-Instituto-Arayara-300x192.jpg","width":300,"height":192},"medium_large":{"url":"https:\/\/construcaocivil.siriusmarketingedesign.com.br\/wp-content\/uploads\/2022\/10\/geracao-de-energia-limpa-Juliano-Bueno-Instituto-Arayara-768x490.jpg","width":768,"height":490},"large":{"url":"https:\/\/construcaocivil.siriusmarketingedesign.com.br\/wp-content\/uploads\/2022\/10\/geracao-de-energia-limpa-Juliano-Bueno-Instituto-Arayara.jpg","width":960,"height":613},"full":{"url":"https:\/\/construcaocivil.siriusmarketingedesign.com.br\/wp-content\/uploads\/2022\/10\/geracao-de-energia-limpa-Juliano-Bueno-Instituto-Arayara.jpg","width":960,"height":613}},"spectra_blocks_author_info":{"display_name":"Jornal da Constru\u00e7\u00e3o Civil","avatar_url":"https:\/\/secure.gravatar.com\/avatar\/973c9774fd44ddaceb026973c4962faa70fc512bc4c9da68e8ebb40fecee6540?s=96&d=mm&r=g","author_link":"https:\/\/construcaocivil.siriusmarketingedesign.com.br\/?author=1","description":"Desde de 2013, levando muitas informa\u00e7\u00f5es, lan\u00e7amentos e produtos de qualidade para toda cadeia produtiva da constru\u00e7\u00e3o. O Futuro da constru\u00e7\u00e3o passa por aqui,"},"uagb_featured_image_src":{"full":["https:\/\/construcaocivil.siriusmarketingedesign.com.br\/wp-content\/uploads\/2022\/10\/geracao-de-energia-limpa-Juliano-Bueno-Instituto-Arayara.jpg",960,613,false],"thumbnail":["https:\/\/construcaocivil.siriusmarketingedesign.com.br\/wp-content\/uploads\/2022\/10\/geracao-de-energia-limpa-Juliano-Bueno-Instituto-Arayara-150x150.jpg",150,150,true],"medium":["https:\/\/construcaocivil.siriusmarketingedesign.com.br\/wp-content\/uploads\/2022\/10\/geracao-de-energia-limpa-Juliano-Bueno-Instituto-Arayara-300x192.jpg",300,192,true],"medium_large":["https:\/\/construcaocivil.siriusmarketingedesign.com.br\/wp-content\/uploads\/2022\/10\/geracao-de-energia-limpa-Juliano-Bueno-Instituto-Arayara-768x490.jpg",768,490,true],"large":["https:\/\/construcaocivil.siriusmarketingedesign.com.br\/wp-content\/uploads\/2022\/10\/geracao-de-energia-limpa-Juliano-Bueno-Instituto-Arayara.jpg",960,613,false],"1536x1536":["https:\/\/construcaocivil.siriusmarketingedesign.com.br\/wp-content\/uploads\/2022\/10\/geracao-de-energia-limpa-Juliano-Bueno-Instituto-Arayara.jpg",960,613,false],"2048x2048":["https:\/\/construcaocivil.siriusmarketingedesign.com.br\/wp-content\/uploads\/2022\/10\/geracao-de-energia-limpa-Juliano-Bueno-Instituto-Arayara.jpg",960,613,false]},"uagb_author_info":{"display_name":"Jornal da Constru\u00e7\u00e3o Civil","author_link":"https:\/\/construcaocivil.siriusmarketingedesign.com.br\/?author=1"},"uagb_comment_info":0,"uagb_excerpt":"O Leil\u00e3o de Energia Nova (LEN) A-5 foi realizado na \u00faltima sexta, dia 14 de outubro, para a contrata\u00e7\u00e3o de energia nova a ser entregue ao Sistema Interligado Nacional (SIN) ao final de 2027 nas modalidades Quantidade e Disponibilidade de energia el\u00e9trica. A possibilidade de contrata\u00e7\u00e3o de uma usina termel\u00e9trica a carv\u00e3o mineral foi analisada&hellip;","_links":{"self":[{"href":"https:\/\/construcaocivil.siriusmarketingedesign.com.br\/index.php?rest_route=\/wp\/v2\/posts\/20233","targetHints":{"allow":["GET"]}}],"collection":[{"href":"https:\/\/construcaocivil.siriusmarketingedesign.com.br\/index.php?rest_route=\/wp\/v2\/posts"}],"about":[{"href":"https:\/\/construcaocivil.siriusmarketingedesign.com.br\/index.php?rest_route=\/wp\/v2\/types\/post"}],"author":[{"embeddable":true,"href":"https:\/\/construcaocivil.siriusmarketingedesign.com.br\/index.php?rest_route=\/wp\/v2\/users\/1"}],"replies":[{"embeddable":true,"href":"https:\/\/construcaocivil.siriusmarketingedesign.com.br\/index.php?rest_route=%2Fwp%2Fv2%2Fcomments&post=20233"}],"version-history":[{"count":0,"href":"https:\/\/construcaocivil.siriusmarketingedesign.com.br\/index.php?rest_route=\/wp\/v2\/posts\/20233\/revisions"}],"wp:featuredmedia":[{"embeddable":true,"href":"https:\/\/construcaocivil.siriusmarketingedesign.com.br\/index.php?rest_route=\/wp\/v2\/media\/20234"}],"wp:attachment":[{"href":"https:\/\/construcaocivil.siriusmarketingedesign.com.br\/index.php?rest_route=%2Fwp%2Fv2%2Fmedia&parent=20233"}],"wp:term":[{"taxonomy":"category","embeddable":true,"href":"https:\/\/construcaocivil.siriusmarketingedesign.com.br\/index.php?rest_route=%2Fwp%2Fv2%2Fcategories&post=20233"},{"taxonomy":"post_tag","embeddable":true,"href":"https:\/\/construcaocivil.siriusmarketingedesign.com.br\/index.php?rest_route=%2Fwp%2Fv2%2Ftags&post=20233"}],"curies":[{"name":"wp","href":"https:\/\/api.w.org\/{rel}","templated":true}]}}