{"id":20245,"date":"2022-10-18T19:28:16","date_gmt":"2022-10-18T22:28:16","guid":{"rendered":"https:\/\/www.jornaldaconstrucaocivil.com.br\/?p=20245"},"modified":"2022-10-18T19:36:41","modified_gmt":"2022-10-18T22:36:41","slug":"noticias-falsas-a-pedido-da-defensoria-do-rio-justica-determina-que-twitter-e-facebook-excluam-posts-que-expoem-crianca-em-evento-de-campanha","status":"publish","type":"post","link":"https:\/\/construcaocivil.siriusmarketingedesign.com.br\/?p=20245","title":{"rendered":"Not\u00edcias Falsas: A pedido da Defensoria do Rio, Justi\u00e7a determina que Twitter e Facebook excluam posts que exp\u00f5em crian\u00e7a em evento de campanha"},"content":{"rendered":"<p>A pedido da Defensoria P\u00fablica do Rio de Janeiro, o Plant\u00e3o Noturno Judici\u00e1rio determinou, nesta ter\u00e7a-feira, 18, que Facebook e Twitter retirem imediatamente de circula\u00e7\u00e3o posts em que a imagem de uma menina de sete anos ao lado do candidato a presidente, Luiz In\u00e1cio Lula da Silva, \u00e9 utilizada para dissemina\u00e7\u00e3o de not\u00edcias falsas com insinua\u00e7\u00f5es e afirma\u00e7\u00f5es de cunho sexual.<\/p>\n<p>&#8220;A imagem vem sendo explorada para fins eleitorais, dando-se conota\u00e7\u00e3o sexual ao ocorrido e expondo, de forma indevida, a imagem, a integridade psicol\u00f3gica da crian\u00e7a e a identidade, consubstanciando-se ainda, em verdadeira fake news&#8221;, argumentou a Defensoria.<\/p>\n<p>A m\u00e3e da menina procurou a Coordenadoria de Defesa dos Direitos da Crian\u00e7a e do Adolescente (Cdedica) da Defensoria que, dada a urg\u00eancia do caso, o encaminhou para o Plant\u00e3o Noturno. A imagem \u00e9 do \u00faltimo dia 12, durante agenda de campanha de Lula no Complexo do Alem\u00e3o, zona norte do Rio, e registra momento em que a crian\u00e7a, na presen\u00e7a da fam\u00edlia, cumprimenta o candidato.<\/p>\n<p>&#8220;A larga exposi\u00e7\u00e3o da autora, tendo sua imagem associada a candidato, com alega\u00e7\u00e3o de inten\u00e7\u00e3o claramente diversa daquela externada no v\u00eddeo que apresenta a \u00edntegra da ocasi\u00e3o filmada, por si s\u00f3 importa em dano prov\u00e1vel a direitos da personalidade da autora. Portanto, tanto o perigo de dano quanto a probabilidade do direito est\u00e3o demonstrados, sendo cab\u00edvel a distribui\u00e7\u00e3o em plant\u00e3o ante a urg\u00eancia a fim de evitar que a exposi\u00e7\u00e3o aumente e ganhe propor\u00e7\u00f5es maiores&#8221;, resumiu o ju\u00edzo do Plant\u00e3o Noturno, ao deferir tutela de urg\u00eancia e determinar a retirada dos posts.<\/p>\n<p>A Defensoria ressaltou que Facebook e Twitter &#8220;foram omissos em retirar das suas p\u00e1ginas um conte\u00fado humilhante e vexat\u00f3rio, produzindo um dano que afronta a dignidade da crian\u00e7a&#8221;. E destacou: &#8220;Conforme j\u00e1 decidido pelo STJ, por for\u00e7a do princ\u00edpio da prote\u00e7\u00e3o integral e sob a \u00f3tica da vulnerabilidade social de crian\u00e7as e adolescentes, a veicula\u00e7\u00e3o da imagem de menor de idade pelos meios de comunica\u00e7\u00e3o, sem autoriza\u00e7\u00e3o do respons\u00e1vel, caracteriza ato il\u00edcito por abuso do direito de informar, o que gera dano moral presumido (in re ipsa) e a consequente obriga\u00e7\u00e3o de indenizar&#8221;.<\/p>\n<p>Al\u00e9m disso, a Defensoria destacou que a Lei Geral de Prote\u00e7\u00e3o de Dados (LGPD) &#8221; disp\u00f5e que o tratamento de dados pessoais envolvendo crian\u00e7a e adolescente dever\u00e1 ser acompanhado de consentimento de um dos seus respons\u00e1veis, o que, no caso inexiste&#8221;.<\/p>\n<p>A defensora p\u00fablica da Cdedica, Eufrasia Maria Souza das Virgens, adiantou que os fatos tamb\u00e9m seriam encaminhados ao conhecimento das autoridades policiais &#8220;para apura\u00e7\u00e3o de crimes contra as pessoas que est\u00e3o divulgando suas imagens com o objetivo de uso em campanha para elei\u00e7\u00f5es presidenciais&#8221;. E que &#8220;a crian\u00e7a esteve em evento p\u00fablico com o candidato \u00e0 Presid\u00eancia Luiz In\u00e1cio Lula da Silva no Complexo do Alem\u00e3o, devidamente acompanhada pela fam\u00edlia, tendo preservados todos os seus direitos na ocasi\u00e3o, dia 12 de outubro, inclusive \u00e0 participa\u00e7\u00e3o e livre manifesta\u00e7\u00e3o, assegurados pela Constitui\u00e7\u00e3o, pelo Estatuto da Crian\u00e7a e do Adolescente e pela Conven\u00e7\u00e3o da ONU sobre Direitos da Crian\u00e7a, ratificada pelo Brasil.&#8221;<\/p>\n<p>&nbsp;<\/p>\n","protected":false},"excerpt":{"rendered":"<p>A pedido da Defensoria P\u00fablica do Rio de Janeiro, o Plant\u00e3o Noturno Judici\u00e1rio determinou, nesta ter\u00e7a-feira, 18, que Facebook e Twitter retirem imediatamente de circula\u00e7\u00e3o posts em que a imagem de uma menina de sete anos ao lado do candidato a presidente, Luiz In\u00e1cio Lula da Silva, \u00e9 utilizada para dissemina\u00e7\u00e3o de not\u00edcias falsas com [&hellip;]<\/p>\n","protected":false},"author":1,"featured_media":20246,"comment_status":"open","ping_status":"open","sticky":false,"template":"","format":"standard","meta":{"_uag_custom_page_level_css":"","footnotes":""},"categories":[27],"tags":[24160,24388,24387,24389,24386,24385],"class_list":["post-20245","post","type-post","status-publish","format-standard","has-post-thumbnail","hentry","category-acontece","tag-lulapresidente","tag-crime-com-criancas","tag-defensoria-publica-rj","tag-facebook-e-twitter-escravidao-digital","tag-noticias-falsas-nas-redes-sociais","tag-twitter-e-facebook-punidos"],"blocksy_meta":[],"spectra_blocks_featured_image_url":{"thumbnail":{"url":"https:\/\/construcaocivil.siriusmarketingedesign.com.br\/wp-content\/uploads\/2022\/10\/INTERNET-150x150.jpg","width":150,"height":150},"medium":{"url":"https:\/\/construcaocivil.siriusmarketingedesign.com.br\/wp-content\/uploads\/2022\/10\/INTERNET-300x172.jpg","width":300,"height":172},"medium_large":{"url":"https:\/\/construcaocivil.siriusmarketingedesign.com.br\/wp-content\/uploads\/2022\/10\/INTERNET-768x440.jpg","width":768,"height":440},"large":{"url":"https:\/\/construcaocivil.siriusmarketingedesign.com.br\/wp-content\/uploads\/2022\/10\/INTERNET-1024x587.jpg","width":1024,"height":587},"full":{"url":"https:\/\/construcaocivil.siriusmarketingedesign.com.br\/wp-content\/uploads\/2022\/10\/INTERNET.jpg","width":2048,"height":1174}},"spectra_blocks_author_info":{"display_name":"Jornal da Constru\u00e7\u00e3o Civil","avatar_url":"https:\/\/secure.gravatar.com\/avatar\/973c9774fd44ddaceb026973c4962faa70fc512bc4c9da68e8ebb40fecee6540?s=96&d=mm&r=g","author_link":"https:\/\/construcaocivil.siriusmarketingedesign.com.br\/?author=1","description":"Desde de 2013, levando muitas informa\u00e7\u00f5es, lan\u00e7amentos e produtos de qualidade para toda cadeia produtiva da constru\u00e7\u00e3o. O Futuro da constru\u00e7\u00e3o passa por aqui,"},"uagb_featured_image_src":{"full":["https:\/\/construcaocivil.siriusmarketingedesign.com.br\/wp-content\/uploads\/2022\/10\/INTERNET.jpg",2048,1174,false],"thumbnail":["https:\/\/construcaocivil.siriusmarketingedesign.com.br\/wp-content\/uploads\/2022\/10\/INTERNET-150x150.jpg",150,150,true],"medium":["https:\/\/construcaocivil.siriusmarketingedesign.com.br\/wp-content\/uploads\/2022\/10\/INTERNET-300x172.jpg",300,172,true],"medium_large":["https:\/\/construcaocivil.siriusmarketingedesign.com.br\/wp-content\/uploads\/2022\/10\/INTERNET-768x440.jpg",768,440,true],"large":["https:\/\/construcaocivil.siriusmarketingedesign.com.br\/wp-content\/uploads\/2022\/10\/INTERNET-1024x587.jpg",1024,587,true],"1536x1536":["https:\/\/construcaocivil.siriusmarketingedesign.com.br\/wp-content\/uploads\/2022\/10\/INTERNET-1536x881.jpg",1536,881,true],"2048x2048":["https:\/\/construcaocivil.siriusmarketingedesign.com.br\/wp-content\/uploads\/2022\/10\/INTERNET.jpg",2048,1174,false]},"uagb_author_info":{"display_name":"Jornal da Constru\u00e7\u00e3o Civil","author_link":"https:\/\/construcaocivil.siriusmarketingedesign.com.br\/?author=1"},"uagb_comment_info":0,"uagb_excerpt":"A pedido da Defensoria P\u00fablica do Rio de Janeiro, o Plant\u00e3o Noturno Judici\u00e1rio determinou, nesta ter\u00e7a-feira, 18, que Facebook e Twitter retirem imediatamente de circula\u00e7\u00e3o posts em que a imagem de uma menina de sete anos ao lado do candidato a presidente, Luiz In\u00e1cio Lula da Silva, \u00e9 utilizada para dissemina\u00e7\u00e3o de not\u00edcias falsas com&hellip;","_links":{"self":[{"href":"https:\/\/construcaocivil.siriusmarketingedesign.com.br\/index.php?rest_route=\/wp\/v2\/posts\/20245","targetHints":{"allow":["GET"]}}],"collection":[{"href":"https:\/\/construcaocivil.siriusmarketingedesign.com.br\/index.php?rest_route=\/wp\/v2\/posts"}],"about":[{"href":"https:\/\/construcaocivil.siriusmarketingedesign.com.br\/index.php?rest_route=\/wp\/v2\/types\/post"}],"author":[{"embeddable":true,"href":"https:\/\/construcaocivil.siriusmarketingedesign.com.br\/index.php?rest_route=\/wp\/v2\/users\/1"}],"replies":[{"embeddable":true,"href":"https:\/\/construcaocivil.siriusmarketingedesign.com.br\/index.php?rest_route=%2Fwp%2Fv2%2Fcomments&post=20245"}],"version-history":[{"count":0,"href":"https:\/\/construcaocivil.siriusmarketingedesign.com.br\/index.php?rest_route=\/wp\/v2\/posts\/20245\/revisions"}],"wp:featuredmedia":[{"embeddable":true,"href":"https:\/\/construcaocivil.siriusmarketingedesign.com.br\/index.php?rest_route=\/wp\/v2\/media\/20246"}],"wp:attachment":[{"href":"https:\/\/construcaocivil.siriusmarketingedesign.com.br\/index.php?rest_route=%2Fwp%2Fv2%2Fmedia&parent=20245"}],"wp:term":[{"taxonomy":"category","embeddable":true,"href":"https:\/\/construcaocivil.siriusmarketingedesign.com.br\/index.php?rest_route=%2Fwp%2Fv2%2Fcategories&post=20245"},{"taxonomy":"post_tag","embeddable":true,"href":"https:\/\/construcaocivil.siriusmarketingedesign.com.br\/index.php?rest_route=%2Fwp%2Fv2%2Ftags&post=20245"}],"curies":[{"name":"wp","href":"https:\/\/api.w.org\/{rel}","templated":true}]}}