{"id":20248,"date":"2022-10-18T23:33:56","date_gmt":"2022-10-19T02:33:56","guid":{"rendered":"https:\/\/www.jornaldaconstrucaocivil.com.br\/?p=20248"},"modified":"2022-10-18T23:59:03","modified_gmt":"2022-10-19T02:59:03","slug":"firjan-lamenta-o-falecimento-do-arquiteto-urbanista-e-professor-mauro-ribeiro-viegas","status":"publish","type":"post","link":"https:\/\/construcaocivil.siriusmarketingedesign.com.br\/?p=20248","title":{"rendered":"Firjan lamenta o falecimento do arquiteto, urbanista e professor Mauro Ribeiro Viegas"},"content":{"rendered":"<p class=\"v1MsoNoSpacing\">A Firjan (Federa\u00e7\u00e3o das Ind\u00fastrias do Rio de Janeiro) expressa o seu grande pesar pelo falecimento, aos 103 anos, do arquiteto e urbanista Mauro Ribeiro Viegas, professor catedr\u00e1tico de materiais de constru\u00e7\u00e3o e estudos, autor de diversas obras t\u00e9cnicas.<\/p>\n<p class=\"v1MsoNoSpacing\">Como urbanista, foi incumbido dos parques e jardins da cidade do Rio de Janeiro e colaborou na constru\u00e7\u00e3o de Bras\u00edlia, onde montou o pioneiro laborat\u00f3rio de an\u00e1lise de constru\u00e7\u00e3o. Tamb\u00e9m foi presidente da Companhia de Habita\u00e7\u00e3o Popular (COHAB) \u2013 de responsabilidade dos governos municipais durante a administra\u00e7\u00e3o de Negr\u00e3o Lima.<\/p>\n<p class=\"v1MsoNoSpacing\">Formado em 1945 pela Faculdade Nacional de Arquitetura, o professor Mauro fundou, em 1952, a Concremat Engenharia e Tecnologia S\/A, como o primeiro laborat\u00f3rio privado brasileiro de controle sist\u00eamico das estruturas de concreto e de seus materiais. Este ano, a Concremat completou 70 anos.<\/p>\n<p class=\"v1MsoNoSpacing\">Entre as diversas atividades exercidas na Federa\u00e7\u00e3o das Ind\u00fastrias do Rio de Janeiro, Mauro Ribeiro Viegas foi vice-presidente do CIRJ, entre os anos de 1995 e 2004. Tamb\u00e9m presidiu os conselhos Empresarial de Meio Ambiente (1995 a 2001) e Empresarial de Recursos H\u00eddricos (2001 a 2015). Em 2002, foi condecorado com a medalha do M\u00e9rito Industrial do Rio de Janeiro e, desde 2015, era integrante do Conselho de Em\u00e9ritos da FIRJAN\/CIRJ.<\/p>\n<p class=\"v1MsoNoSpacing\">Ao longo da sua jornada, o catedr\u00e1tico Mauro Ribeiro Viegas assumiu a diretoria do Departamento de Parques, \u00f3rg\u00e3o vinculado \u00e0 Secretaria-Geral de Via\u00e7\u00e3o e Obras da prefeitura do Rio de Janeiro. Nos anos de importantes servi\u00e7os \u00e0s obras p\u00fablicas brasileiras e \u00e0 prefeitura do Distrito Federal, colocou em pr\u00e1tica o projeto de cria\u00e7\u00e3o do sistema Guandu, visando \u00e0 solu\u00e7\u00e3o para os problemas de tratamento e abastecimento de \u00e1gua do Rio, e foi um marco na cria\u00e7\u00e3o de diversos conjuntos habitacionais para pessoas de baixa renda.<\/p>\n<p class=\"v1MsoNoSpacing\">Seguiu participativo nos debates e atividades envolvendo o urbanismo no Brasil e no Rio de Janeiro entre as d\u00e9cadas de 1960 e 2000, tornando-se empres\u00e1rio e presidindo a Cooperativa Habitacional da Guanabara e o Conselho Regional de Engenharia e Arquitetura (CREA-RJ). Organizou e presidiu por seis anos o Conselho Empresarial de Meio Ambiente da Associa\u00e7\u00e3o Comercial do Rio de Janeiro, entidade da qual foi benem\u00e9rito.<\/p>\n<p class=\"v1MsoNoSpacing\">A Firjan se solidariza com o diretor da federa\u00e7\u00e3o e presidente do Conselho Empresarial de Infraestrutura, Mauro Viegas Filho, familiares e amigos do professor Mauro Ribeiro Viegas.<\/p>\n<p class=\"v1MsoNormal\">\n","protected":false},"excerpt":{"rendered":"<p>A Firjan (Federa\u00e7\u00e3o das Ind\u00fastrias do Rio de Janeiro) expressa o seu grande pesar pelo falecimento, aos 103 anos, do arquiteto e urbanista Mauro Ribeiro Viegas, professor catedr\u00e1tico de materiais de constru\u00e7\u00e3o e estudos, autor de diversas obras t\u00e9cnicas. Como urbanista, foi incumbido dos parques e jardins da cidade do Rio de Janeiro e colaborou [&hellip;]<\/p>\n","protected":false},"author":1,"featured_media":20251,"comment_status":"open","ping_status":"open","sticky":false,"template":"","format":"standard","meta":{"_uag_custom_page_level_css":"","footnotes":""},"categories":[27],"tags":[903,5096,24390],"class_list":["post-20248","post","type-post","status-publish","format-standard","has-post-thumbnail","hentry","category-acontece","tag-arquiteto-e-urbanista","tag-firjan","tag-prof-mauro-viegas"],"blocksy_meta":[],"spectra_blocks_featured_image_url":{"thumbnail":{"url":"https:\/\/construcaocivil.siriusmarketingedesign.com.br\/wp-content\/uploads\/2022\/10\/02-Prof.-Mauro-Viegas.-Foto-Antonio-Batalha-AA-150x150.jpg","width":150,"height":150},"medium":{"url":"https:\/\/construcaocivil.siriusmarketingedesign.com.br\/wp-content\/uploads\/2022\/10\/02-Prof.-Mauro-Viegas.-Foto-Antonio-Batalha-AA-209x300.jpg","width":209,"height":300},"medium_large":{"url":"https:\/\/construcaocivil.siriusmarketingedesign.com.br\/wp-content\/uploads\/2022\/10\/02-Prof.-Mauro-Viegas.-Foto-Antonio-Batalha-AA.jpg","width":397,"height":570},"large":{"url":"https:\/\/construcaocivil.siriusmarketingedesign.com.br\/wp-content\/uploads\/2022\/10\/02-Prof.-Mauro-Viegas.-Foto-Antonio-Batalha-AA.jpg","width":397,"height":570},"full":{"url":"https:\/\/construcaocivil.siriusmarketingedesign.com.br\/wp-content\/uploads\/2022\/10\/02-Prof.-Mauro-Viegas.-Foto-Antonio-Batalha-AA.jpg","width":397,"height":570}},"spectra_blocks_author_info":{"display_name":"Jornal da Constru\u00e7\u00e3o Civil","avatar_url":"https:\/\/secure.gravatar.com\/avatar\/973c9774fd44ddaceb026973c4962faa70fc512bc4c9da68e8ebb40fecee6540?s=96&d=mm&r=g","author_link":"https:\/\/construcaocivil.siriusmarketingedesign.com.br\/?author=1","description":"Desde de 2013, levando muitas informa\u00e7\u00f5es, lan\u00e7amentos e produtos de qualidade para toda cadeia produtiva da constru\u00e7\u00e3o. O Futuro da constru\u00e7\u00e3o passa por aqui,"},"uagb_featured_image_src":{"full":["https:\/\/construcaocivil.siriusmarketingedesign.com.br\/wp-content\/uploads\/2022\/10\/02-Prof.-Mauro-Viegas.-Foto-Antonio-Batalha-AA.jpg",397,570,false],"thumbnail":["https:\/\/construcaocivil.siriusmarketingedesign.com.br\/wp-content\/uploads\/2022\/10\/02-Prof.-Mauro-Viegas.-Foto-Antonio-Batalha-AA-150x150.jpg",150,150,true],"medium":["https:\/\/construcaocivil.siriusmarketingedesign.com.br\/wp-content\/uploads\/2022\/10\/02-Prof.-Mauro-Viegas.-Foto-Antonio-Batalha-AA-209x300.jpg",209,300,true],"medium_large":["https:\/\/construcaocivil.siriusmarketingedesign.com.br\/wp-content\/uploads\/2022\/10\/02-Prof.-Mauro-Viegas.-Foto-Antonio-Batalha-AA.jpg",397,570,false],"large":["https:\/\/construcaocivil.siriusmarketingedesign.com.br\/wp-content\/uploads\/2022\/10\/02-Prof.-Mauro-Viegas.-Foto-Antonio-Batalha-AA.jpg",397,570,false],"1536x1536":["https:\/\/construcaocivil.siriusmarketingedesign.com.br\/wp-content\/uploads\/2022\/10\/02-Prof.-Mauro-Viegas.-Foto-Antonio-Batalha-AA.jpg",397,570,false],"2048x2048":["https:\/\/construcaocivil.siriusmarketingedesign.com.br\/wp-content\/uploads\/2022\/10\/02-Prof.-Mauro-Viegas.-Foto-Antonio-Batalha-AA.jpg",397,570,false]},"uagb_author_info":{"display_name":"Jornal da Constru\u00e7\u00e3o Civil","author_link":"https:\/\/construcaocivil.siriusmarketingedesign.com.br\/?author=1"},"uagb_comment_info":0,"uagb_excerpt":"A Firjan (Federa\u00e7\u00e3o das Ind\u00fastrias do Rio de Janeiro) expressa o seu grande pesar pelo falecimento, aos 103 anos, do arquiteto e urbanista Mauro Ribeiro Viegas, professor catedr\u00e1tico de materiais de constru\u00e7\u00e3o e estudos, autor de diversas obras t\u00e9cnicas. Como urbanista, foi incumbido dos parques e jardins da cidade do Rio de Janeiro e colaborou&hellip;","_links":{"self":[{"href":"https:\/\/construcaocivil.siriusmarketingedesign.com.br\/index.php?rest_route=\/wp\/v2\/posts\/20248","targetHints":{"allow":["GET"]}}],"collection":[{"href":"https:\/\/construcaocivil.siriusmarketingedesign.com.br\/index.php?rest_route=\/wp\/v2\/posts"}],"about":[{"href":"https:\/\/construcaocivil.siriusmarketingedesign.com.br\/index.php?rest_route=\/wp\/v2\/types\/post"}],"author":[{"embeddable":true,"href":"https:\/\/construcaocivil.siriusmarketingedesign.com.br\/index.php?rest_route=\/wp\/v2\/users\/1"}],"replies":[{"embeddable":true,"href":"https:\/\/construcaocivil.siriusmarketingedesign.com.br\/index.php?rest_route=%2Fwp%2Fv2%2Fcomments&post=20248"}],"version-history":[{"count":0,"href":"https:\/\/construcaocivil.siriusmarketingedesign.com.br\/index.php?rest_route=\/wp\/v2\/posts\/20248\/revisions"}],"wp:featuredmedia":[{"embeddable":true,"href":"https:\/\/construcaocivil.siriusmarketingedesign.com.br\/index.php?rest_route=\/wp\/v2\/media\/20251"}],"wp:attachment":[{"href":"https:\/\/construcaocivil.siriusmarketingedesign.com.br\/index.php?rest_route=%2Fwp%2Fv2%2Fmedia&parent=20248"}],"wp:term":[{"taxonomy":"category","embeddable":true,"href":"https:\/\/construcaocivil.siriusmarketingedesign.com.br\/index.php?rest_route=%2Fwp%2Fv2%2Fcategories&post=20248"},{"taxonomy":"post_tag","embeddable":true,"href":"https:\/\/construcaocivil.siriusmarketingedesign.com.br\/index.php?rest_route=%2Fwp%2Fv2%2Ftags&post=20248"}],"curies":[{"name":"wp","href":"https:\/\/api.w.org\/{rel}","templated":true}]}}