{"id":20271,"date":"2022-10-22T12:26:26","date_gmt":"2022-10-22T15:26:26","guid":{"rendered":"https:\/\/www.jornaldaconstrucaocivil.com.br\/?p=20271"},"modified":"2022-10-22T12:26:26","modified_gmt":"2022-10-22T15:26:26","slug":"eleicoes-para-presidente-na-live-com-janones-lula-garante-aumento-real-do-salario-minimo-e-auxilio-de-r-600","status":"publish","type":"post","link":"https:\/\/construcaocivil.siriusmarketingedesign.com.br\/?p=20271","title":{"rendered":"Elei\u00e7\u00f5es para presidente: Na live com Janones, Lula garante aumento real do sal\u00e1rio m\u00ednimo e aux\u00edlio de R$ 600"},"content":{"rendered":"<p>O ex-presidente Luiz In\u00e1cio Lula da Silva assegurou nesta sexta-feira (21\/10), durante live no Facebook com o deputado federal Andr\u00e9 Janones (Avante), que o sal\u00e1rio m\u00ednimo ser\u00e1 reajustado todos os anos acima da infla\u00e7\u00e3o, com ganho real para a popula\u00e7\u00e3o, principalmente aos aposentados e pensionistas.<\/p>\n<p>\u201cNo nosso governo o sal\u00e1rio m\u00ednimo vai ser aumentado todo ano, de acordo com a economia. Se a economia crescer 10%, n\u00f3s vamos aumentar 10%. Se aumentar 2%, n\u00f3s vamos aumentar dois. N\u00e3o basta o PIB crescer se ele n\u00e3o for distribu\u00eddo. Na medida que a economia cresce, o sal\u00e1rio das pessoas tamb\u00e9m vai crescer\u201d, disse.<\/p>\n<p>O assuntou ganhou as redes nos \u00faltimos dias, j\u00e1 que o governo Bolsonaro pretende fazer justamente o contr\u00e1rio. A informa\u00e7\u00e3o foi confirmada pelo atual ministro da Economia, Paulo Guedes, que encomendou um plano para desvincular o reajuste do sal\u00e1rio m\u00ednimo do \u00edndice de infla\u00e7\u00e3o do ano anterior. A proposta bolsonarista diminui ainda mais o poder de compra do cidad\u00e3o.<\/p>\n<p>Na live, o ex-presidente destacou a import\u00e2ncia do sal\u00e1rio m\u00ednimo para milh\u00f5es de fam\u00edlias, sobretudo os aposentados e pensionistas, onde muitos s\u00e3o respons\u00e1veis pelo sustento de filhos e netos.<\/p>\n<p>Na conversa com Janones, o ex-presidente tamb\u00e9m confirmou que vai retomar a constru\u00e7\u00e3o de moradias pelo programa Minha Casa, Minha Vida, principalmente para fam\u00edlias que ganham at\u00e9 dois sal\u00e1rios m\u00ednimos, logo no primeiro m\u00eas de governo. Tamb\u00e9m ressaltou que manter\u00e1 o pagamento de R$ 600 do Bolsa Fam\u00edlia, com um adicional de R$ 150 por filho de at\u00e9 seis anos de idade para as fam\u00edlias em situa\u00e7\u00e3o de pobreza e de extrema pobreza.<\/p>\n<p>O programa, extinto pelo governo de Jair Bolsonaro, exige contrapartidas, como a obriga\u00e7\u00e3o dos pais levarem seus filhos para tomar vacina, al\u00e9m de matricul\u00e1-los numa escola. No caso de gr\u00e1vidas, \u00e9 necess\u00e1rio realizar o pr\u00e9-natal.<\/p>\n<p>\u201cSe, desde que deram o golpe na Dilma, tivesse aplicado a infla\u00e7\u00e3o no Bolsa Fam\u00edlia, o valor j\u00e1 estaria pr\u00f3ximo de R$ 600. E ainda \u00e9 pouco. N\u00f3s vamos aumentar o sal\u00e1rio m\u00ednimo todo ano, e, possivelmente vai ter muita gente que n\u00e3o vai precisar mais do aux\u00edlio. Quando a pessoa come\u00e7ar a ganhar mais, ela abre m\u00e3o disso. O que todo mundo quer \u00e9 ganhar um sal\u00e1rio digno e cuidar da sua fam\u00edlia com o seu trabalho e com o seu suor. Ningu\u00e9m vai tirar esse direito do povo\u201d, declarou<\/p>\n","protected":false},"excerpt":{"rendered":"<p>O ex-presidente Luiz In\u00e1cio Lula da Silva assegurou nesta sexta-feira (21\/10), durante live no Facebook com o deputado federal Andr\u00e9 Janones (Avante), que o sal\u00e1rio m\u00ednimo ser\u00e1 reajustado todos os anos acima da infla\u00e7\u00e3o, com ganho real para a popula\u00e7\u00e3o, principalmente aos aposentados e pensionistas. \u201cNo nosso governo o sal\u00e1rio m\u00ednimo vai ser aumentado todo [&hellip;]<\/p>\n","protected":false},"author":1,"featured_media":20272,"comment_status":"open","ping_status":"open","sticky":false,"template":"","format":"standard","meta":{"_uag_custom_page_level_css":"","footnotes":""},"categories":[27],"tags":[24160,23436,7672,24402],"class_list":["post-20271","post","type-post","status-publish","format-standard","has-post-thumbnail","hentry","category-acontece","tag-lulapresidente","tag-desemprego-e-fome","tag-minas-gerais","tag-salario-minimo-acima-da-inflacao"],"blocksy_meta":[],"spectra_blocks_featured_image_url":{"thumbnail":{"url":"https:\/\/construcaocivil.siriusmarketingedesign.com.br\/wp-content\/uploads\/2022\/10\/b49a83d6-WhatsApp-Image-2022-10-21-at-21.48.09-150x150.jpeg","width":150,"height":150},"medium":{"url":"https:\/\/construcaocivil.siriusmarketingedesign.com.br\/wp-content\/uploads\/2022\/10\/b49a83d6-WhatsApp-Image-2022-10-21-at-21.48.09-300x184.jpeg","width":300,"height":184},"medium_large":{"url":"https:\/\/construcaocivil.siriusmarketingedesign.com.br\/wp-content\/uploads\/2022\/10\/b49a83d6-WhatsApp-Image-2022-10-21-at-21.48.09-768x470.jpeg","width":768,"height":470},"large":{"url":"https:\/\/construcaocivil.siriusmarketingedesign.com.br\/wp-content\/uploads\/2022\/10\/b49a83d6-WhatsApp-Image-2022-10-21-at-21.48.09-1024x627.jpeg","width":1024,"height":627},"full":{"url":"https:\/\/construcaocivil.siriusmarketingedesign.com.br\/wp-content\/uploads\/2022\/10\/b49a83d6-WhatsApp-Image-2022-10-21-at-21.48.09.jpeg","width":1600,"height":979}},"spectra_blocks_author_info":{"display_name":"Jornal da Constru\u00e7\u00e3o Civil","avatar_url":"https:\/\/secure.gravatar.com\/avatar\/973c9774fd44ddaceb026973c4962faa70fc512bc4c9da68e8ebb40fecee6540?s=96&d=mm&r=g","author_link":"https:\/\/construcaocivil.siriusmarketingedesign.com.br\/?author=1","description":"Desde de 2013, levando muitas informa\u00e7\u00f5es, lan\u00e7amentos e produtos de qualidade para toda cadeia produtiva da constru\u00e7\u00e3o. O Futuro da constru\u00e7\u00e3o passa por aqui,"},"uagb_featured_image_src":{"full":["https:\/\/construcaocivil.siriusmarketingedesign.com.br\/wp-content\/uploads\/2022\/10\/b49a83d6-WhatsApp-Image-2022-10-21-at-21.48.09.jpeg",1600,979,false],"thumbnail":["https:\/\/construcaocivil.siriusmarketingedesign.com.br\/wp-content\/uploads\/2022\/10\/b49a83d6-WhatsApp-Image-2022-10-21-at-21.48.09-150x150.jpeg",150,150,true],"medium":["https:\/\/construcaocivil.siriusmarketingedesign.com.br\/wp-content\/uploads\/2022\/10\/b49a83d6-WhatsApp-Image-2022-10-21-at-21.48.09-300x184.jpeg",300,184,true],"medium_large":["https:\/\/construcaocivil.siriusmarketingedesign.com.br\/wp-content\/uploads\/2022\/10\/b49a83d6-WhatsApp-Image-2022-10-21-at-21.48.09-768x470.jpeg",768,470,true],"large":["https:\/\/construcaocivil.siriusmarketingedesign.com.br\/wp-content\/uploads\/2022\/10\/b49a83d6-WhatsApp-Image-2022-10-21-at-21.48.09-1024x627.jpeg",1024,627,true],"1536x1536":["https:\/\/construcaocivil.siriusmarketingedesign.com.br\/wp-content\/uploads\/2022\/10\/b49a83d6-WhatsApp-Image-2022-10-21-at-21.48.09-1536x940.jpeg",1536,940,true],"2048x2048":["https:\/\/construcaocivil.siriusmarketingedesign.com.br\/wp-content\/uploads\/2022\/10\/b49a83d6-WhatsApp-Image-2022-10-21-at-21.48.09.jpeg",1600,979,false]},"uagb_author_info":{"display_name":"Jornal da Constru\u00e7\u00e3o Civil","author_link":"https:\/\/construcaocivil.siriusmarketingedesign.com.br\/?author=1"},"uagb_comment_info":0,"uagb_excerpt":"O ex-presidente Luiz In\u00e1cio Lula da Silva assegurou nesta sexta-feira (21\/10), durante live no Facebook com o deputado federal Andr\u00e9 Janones (Avante), que o sal\u00e1rio m\u00ednimo ser\u00e1 reajustado todos os anos acima da infla\u00e7\u00e3o, com ganho real para a popula\u00e7\u00e3o, principalmente aos aposentados e pensionistas. \u201cNo nosso governo o sal\u00e1rio m\u00ednimo vai ser aumentado todo&hellip;","_links":{"self":[{"href":"https:\/\/construcaocivil.siriusmarketingedesign.com.br\/index.php?rest_route=\/wp\/v2\/posts\/20271","targetHints":{"allow":["GET"]}}],"collection":[{"href":"https:\/\/construcaocivil.siriusmarketingedesign.com.br\/index.php?rest_route=\/wp\/v2\/posts"}],"about":[{"href":"https:\/\/construcaocivil.siriusmarketingedesign.com.br\/index.php?rest_route=\/wp\/v2\/types\/post"}],"author":[{"embeddable":true,"href":"https:\/\/construcaocivil.siriusmarketingedesign.com.br\/index.php?rest_route=\/wp\/v2\/users\/1"}],"replies":[{"embeddable":true,"href":"https:\/\/construcaocivil.siriusmarketingedesign.com.br\/index.php?rest_route=%2Fwp%2Fv2%2Fcomments&post=20271"}],"version-history":[{"count":0,"href":"https:\/\/construcaocivil.siriusmarketingedesign.com.br\/index.php?rest_route=\/wp\/v2\/posts\/20271\/revisions"}],"wp:featuredmedia":[{"embeddable":true,"href":"https:\/\/construcaocivil.siriusmarketingedesign.com.br\/index.php?rest_route=\/wp\/v2\/media\/20272"}],"wp:attachment":[{"href":"https:\/\/construcaocivil.siriusmarketingedesign.com.br\/index.php?rest_route=%2Fwp%2Fv2%2Fmedia&parent=20271"}],"wp:term":[{"taxonomy":"category","embeddable":true,"href":"https:\/\/construcaocivil.siriusmarketingedesign.com.br\/index.php?rest_route=%2Fwp%2Fv2%2Fcategories&post=20271"},{"taxonomy":"post_tag","embeddable":true,"href":"https:\/\/construcaocivil.siriusmarketingedesign.com.br\/index.php?rest_route=%2Fwp%2Fv2%2Ftags&post=20271"}],"curies":[{"name":"wp","href":"https:\/\/api.w.org\/{rel}","templated":true}]}}