{"id":20280,"date":"2022-10-24T12:27:03","date_gmt":"2022-10-24T15:27:03","guid":{"rendered":"https:\/\/www.jornaldaconstrucaocivil.com.br\/?p=20280"},"modified":"2022-10-24T12:27:03","modified_gmt":"2022-10-24T15:27:03","slug":"seconci-sp-alerta-para-os-riscos-da-ma-higiene-bucal","status":"publish","type":"post","link":"https:\/\/construcaocivil.siriusmarketingedesign.com.br\/?p=20280","title":{"rendered":"Seconci-SP alerta para os riscos da m\u00e1 higiene bucal"},"content":{"rendered":"<p class=\"v1MsoNormal\"><b>S\u00e3o Paulo, 24 de outubro de 2022<\/b>\u00a0\u2013 Ao contr\u00e1rio do que muita gente pensa, a sa\u00fade bucal vai muito al\u00e9m da apar\u00eancia dos dentes. Ela interfere n\u00e3o s\u00f3 na regi\u00e3o, mas em todo o organismo. Por isso, manter uma boa higiene bucal reflete diretamente na sa\u00fade como um todo.<\/p>\n<p class=\"v1MsoNormal\">O alerta \u00e9 da dra. Ana Maria Conde Ribas, dentista do\u00a0<a href=\"https:\/\/www.seconci-sp.org.br\/\" target=\"_blank\" rel=\"noopener noreferrer\"><span style=\"color: #0000ff;\">Seconci<\/span>&#8211;<span style=\"color: #0000ff;\">SP<\/span><\/a>\u00a0(Servi\u00e7o Social da Constru\u00e7\u00e3o), por ocasi\u00e3o do Dia Nacional da Sa\u00fade Bucal (25 de outubro).<\/p>\n<p class=\"v1MsoNormal\">&#8220;Uma higiene bucal mal feita trar\u00e1 problemas como c\u00e1ries, gengivite, mau h\u00e1lito, perda de elementos dent\u00e1rios e, consequentemente, dores, dificuldade para se alimentar, e at\u00e9 mesmo constrangimentos para se relacionar com outras pessoas&#8221;, afirma a dra. Ana.<\/p>\n<p class=\"v1MsoNormal\">De acordo com a dentista, uma m\u00e1 higiene bucal pode agravar ou mesmo ocasionar algumas doen\u00e7as sist\u00eamicas, al\u00e9m de problemas de ordem emocional, como inseguran\u00e7a e ansiedade.<\/p>\n<p class=\"v1MsoNormal\"><b>Patologias mais frequentes<\/b><\/p>\n<p class=\"v1MsoNormal\">O problema mais conhecido relacionado \u00e0 sa\u00fade bucal s\u00e3o as c\u00e1ries, prossegue a dra. Ana. Elas aparecem pela a\u00e7\u00e3o das bact\u00e9rias que ficam em contato com os dentes, devido \u00e0 presen\u00e7a de restos alimentares. &#8220;As c\u00e1ries podem evoluir e chegar \u00e0 polpa dos dentes, que se n\u00e3o forem tratados, podem precisar ser extra\u00eddos&#8221;.<\/p>\n<p class=\"v1MsoNormal\">Outro problema frequente \u00e9 a gengivite, a inflama\u00e7\u00e3o da gengiva. Desenvolve-se pela falta de higiene correta, que favorece o ac\u00famulo de placa bacteriana e t\u00e1rtaro, e ocasiona mau h\u00e1lito. &#8220;Se esse processo n\u00e3o for tratado, pode levar \u00e0 perda \u00f3ssea e, consequentemente, \u00e0 perda dos dentes, que ficam sem sustenta\u00e7\u00e3o&#8221;.<\/p>\n<p class=\"v1MsoNormal\">Altera\u00e7\u00f5es hormonais durante a gesta\u00e7\u00e3o tamb\u00e9m podem facilitar o processo inflamat\u00f3rio na gengiva da gestante. &#8220;Por isso, \u00e9 importante dar muita aten\u00e7\u00e3o \u00e0 higiene bucal&#8221;.<\/p>\n<p class=\"v1MsoNormal\">A dra. Ana ainda alerta para a possibilidade de bact\u00e9rias presentes na boca devido \u00e0 higiene prec\u00e1ria serem transportadas pela corrente sangu\u00ednea at\u00e9 o cora\u00e7\u00e3o, gerando um problema card\u00edaco grave: a endocardite bacteriana.<\/p>\n<p class=\"v1MsoNormal\">Doen\u00e7as pulmonares tamb\u00e9m podem surgir, quando as bact\u00e9rias da boca migram para os pulm\u00f5es, prossegue a dentista.<\/p>\n<p class=\"v1MsoNormal\">Segundo a dra. Ana, a diabetes n\u00e3o \u00e9 causada pela higiene bucal prec\u00e1ria, mas pode ocasionar alguns problemas bucais, que podem ser agravados se houver m\u00e1 higiene oral. A diabetes gera um ac\u00famulo de glicose no sangue e isso faz as bact\u00e9rias proliferarem. &#8220;O aumento do n\u00famero de bact\u00e9rias gera um aumento nos \u00e1cidos que elas produzem e esse \u00e1cido prejudica o esmalte dos dentes, o que facilita o aparecimento das c\u00e1ries. A prolifera\u00e7\u00e3o das bact\u00e9rias tamb\u00e9m agrava a gengivite&#8221;, alerta.<\/p>\n<p class=\"v1MsoNormal\">&#8220;H\u00e1bitos de higiene bucal corretos, fazendo uso de escova, fio dental e solu\u00e7\u00f5es para enx\u00e1gue bucal, promovem sa\u00fade bucal e sa\u00fade geral&#8221;, destaca.<\/p>\n<p class=\"v1MsoNormal\">A dentista lembra que h\u00e1bitos alimentares saud\u00e1veis, ingerindo alimentos mais nutritivos, com menos a\u00e7\u00facar e menos gorduras, aliados a bons h\u00e1bitos de higiene, trar\u00e3o bem-estar f\u00edsico e emocional, o que resultar\u00e1 em uma qualidade de vida melhor.<\/p>\n<p class=\"v1MsoNormal\">&#8220;A visita peri\u00f3dica ao dentista tamb\u00e9m \u00e9 de extrema import\u00e2ncia para a manuten\u00e7\u00e3o da sa\u00fade bucal e tratamento precoce de poss\u00edveis problemas, evitando que se chegue a problemas maiores&#8221;, conclui.<\/p>\n","protected":false},"excerpt":{"rendered":"<p>S\u00e3o Paulo, 24 de outubro de 2022\u00a0\u2013 Ao contr\u00e1rio do que muita gente pensa, a sa\u00fade bucal vai muito al\u00e9m da apar\u00eancia dos dentes. Ela interfere n\u00e3o s\u00f3 na regi\u00e3o, mas em todo o organismo. Por isso, manter uma boa higiene bucal reflete diretamente na sa\u00fade como um todo. O alerta \u00e9 da dra. Ana [&hellip;]<\/p>\n","protected":false},"author":1,"featured_media":20281,"comment_status":"open","ping_status":"open","sticky":false,"template":"","format":"standard","meta":{"_uag_custom_page_level_css":"","footnotes":""},"categories":[27],"tags":[24406,10734,24407,11845],"class_list":["post-20280","post","type-post","status-publish","format-standard","has-post-thumbnail","hentry","category-acontece","tag-saude-bucal-alertas-e-cuidados","tag-seconci-sp","tag-servicos-odontologicos","tag-trabalhadores-da-construcao-civil"],"blocksy_meta":[],"spectra_blocks_featured_image_url":{"thumbnail":{"url":"https:\/\/construcaocivil.siriusmarketingedesign.com.br\/wp-content\/uploads\/2022\/10\/mature-man-brushing-his-teeth-2976x1980-1-150x150.jpg","width":150,"height":150},"medium":{"url":"https:\/\/construcaocivil.siriusmarketingedesign.com.br\/wp-content\/uploads\/2022\/10\/mature-man-brushing-his-teeth-2976x1980-1-300x200.jpg","width":300,"height":200},"medium_large":{"url":"https:\/\/construcaocivil.siriusmarketingedesign.com.br\/wp-content\/uploads\/2022\/10\/mature-man-brushing-his-teeth-2976x1980-1-768x511.jpg","width":768,"height":511},"large":{"url":"https:\/\/construcaocivil.siriusmarketingedesign.com.br\/wp-content\/uploads\/2022\/10\/mature-man-brushing-his-teeth-2976x1980-1-1024x681.jpg","width":1024,"height":681},"full":{"url":"https:\/\/construcaocivil.siriusmarketingedesign.com.br\/wp-content\/uploads\/2022\/10\/mature-man-brushing-his-teeth-2976x1980-1-scaled.jpg","width":2560,"height":1703}},"spectra_blocks_author_info":{"display_name":"Jornal da Constru\u00e7\u00e3o Civil","avatar_url":"https:\/\/secure.gravatar.com\/avatar\/973c9774fd44ddaceb026973c4962faa70fc512bc4c9da68e8ebb40fecee6540?s=96&d=mm&r=g","author_link":"https:\/\/construcaocivil.siriusmarketingedesign.com.br\/?author=1","description":"Desde de 2013, levando muitas informa\u00e7\u00f5es, lan\u00e7amentos e produtos de qualidade para toda cadeia produtiva da constru\u00e7\u00e3o. O Futuro da constru\u00e7\u00e3o passa por aqui,"},"uagb_featured_image_src":{"full":["https:\/\/construcaocivil.siriusmarketingedesign.com.br\/wp-content\/uploads\/2022\/10\/mature-man-brushing-his-teeth-2976x1980-1-scaled.jpg",2560,1703,false],"thumbnail":["https:\/\/construcaocivil.siriusmarketingedesign.com.br\/wp-content\/uploads\/2022\/10\/mature-man-brushing-his-teeth-2976x1980-1-150x150.jpg",150,150,true],"medium":["https:\/\/construcaocivil.siriusmarketingedesign.com.br\/wp-content\/uploads\/2022\/10\/mature-man-brushing-his-teeth-2976x1980-1-300x200.jpg",300,200,true],"medium_large":["https:\/\/construcaocivil.siriusmarketingedesign.com.br\/wp-content\/uploads\/2022\/10\/mature-man-brushing-his-teeth-2976x1980-1-768x511.jpg",768,511,true],"large":["https:\/\/construcaocivil.siriusmarketingedesign.com.br\/wp-content\/uploads\/2022\/10\/mature-man-brushing-his-teeth-2976x1980-1-1024x681.jpg",1024,681,true],"1536x1536":["https:\/\/construcaocivil.siriusmarketingedesign.com.br\/wp-content\/uploads\/2022\/10\/mature-man-brushing-his-teeth-2976x1980-1-1536x1022.jpg",1536,1022,true],"2048x2048":["https:\/\/construcaocivil.siriusmarketingedesign.com.br\/wp-content\/uploads\/2022\/10\/mature-man-brushing-his-teeth-2976x1980-1-2048x1363.jpg",2048,1363,true]},"uagb_author_info":{"display_name":"Jornal da Constru\u00e7\u00e3o Civil","author_link":"https:\/\/construcaocivil.siriusmarketingedesign.com.br\/?author=1"},"uagb_comment_info":0,"uagb_excerpt":"S\u00e3o Paulo, 24 de outubro de 2022\u00a0\u2013 Ao contr\u00e1rio do que muita gente pensa, a sa\u00fade bucal vai muito al\u00e9m da apar\u00eancia dos dentes. Ela interfere n\u00e3o s\u00f3 na regi\u00e3o, mas em todo o organismo. Por isso, manter uma boa higiene bucal reflete diretamente na sa\u00fade como um todo. O alerta \u00e9 da dra. Ana&hellip;","_links":{"self":[{"href":"https:\/\/construcaocivil.siriusmarketingedesign.com.br\/index.php?rest_route=\/wp\/v2\/posts\/20280","targetHints":{"allow":["GET"]}}],"collection":[{"href":"https:\/\/construcaocivil.siriusmarketingedesign.com.br\/index.php?rest_route=\/wp\/v2\/posts"}],"about":[{"href":"https:\/\/construcaocivil.siriusmarketingedesign.com.br\/index.php?rest_route=\/wp\/v2\/types\/post"}],"author":[{"embeddable":true,"href":"https:\/\/construcaocivil.siriusmarketingedesign.com.br\/index.php?rest_route=\/wp\/v2\/users\/1"}],"replies":[{"embeddable":true,"href":"https:\/\/construcaocivil.siriusmarketingedesign.com.br\/index.php?rest_route=%2Fwp%2Fv2%2Fcomments&post=20280"}],"version-history":[{"count":0,"href":"https:\/\/construcaocivil.siriusmarketingedesign.com.br\/index.php?rest_route=\/wp\/v2\/posts\/20280\/revisions"}],"wp:featuredmedia":[{"embeddable":true,"href":"https:\/\/construcaocivil.siriusmarketingedesign.com.br\/index.php?rest_route=\/wp\/v2\/media\/20281"}],"wp:attachment":[{"href":"https:\/\/construcaocivil.siriusmarketingedesign.com.br\/index.php?rest_route=%2Fwp%2Fv2%2Fmedia&parent=20280"}],"wp:term":[{"taxonomy":"category","embeddable":true,"href":"https:\/\/construcaocivil.siriusmarketingedesign.com.br\/index.php?rest_route=%2Fwp%2Fv2%2Fcategories&post=20280"},{"taxonomy":"post_tag","embeddable":true,"href":"https:\/\/construcaocivil.siriusmarketingedesign.com.br\/index.php?rest_route=%2Fwp%2Fv2%2Ftags&post=20280"}],"curies":[{"name":"wp","href":"https:\/\/api.w.org\/{rel}","templated":true}]}}