{"id":20283,"date":"2022-10-24T12:54:03","date_gmt":"2022-10-24T15:54:03","guid":{"rendered":"https:\/\/www.jornaldaconstrucaocivil.com.br\/?p=20283"},"modified":"2022-10-24T12:54:03","modified_gmt":"2022-10-24T15:54:03","slug":"atingidos-instalam-placa-solar-de-aquecimento-de-agua-no-rio-de-janeiro","status":"publish","type":"post","link":"https:\/\/construcaocivil.siriusmarketingedesign.com.br\/?p=20283","title":{"rendered":"ATINGIDOS instalam placa solar de aquecimento de \u00e1gua no Rio de Janeiro"},"content":{"rendered":"<div class=\"author\"><span style=\"color: #0000ff;\">por\u00a0<a style=\"color: #0000ff;\" href=\"https:\/\/mab.org.br\/autor\/coletivo-de-comunicacao-mab-rj\/\">Coletivo de Comunica\u00e7\u00e3o MAB RJ<\/a><\/span><\/div>\n<p>&nbsp;<\/p>\n<p style=\"text-align: justify;\">No m\u00eas de setembro, o MAB realizou um encontro de debate sobre as demandas da popula\u00e7\u00e3o atingida, as altas tarifas de energia el\u00e9trica e uma oficina de instala\u00e7\u00e3o de placa solar de aquecimento de \u00e1gua no bairro Morro do Cleber, em Cachoeiras de Macacu, no Rio de Janeiro.<\/p>\n<p style=\"text-align: justify;\">A Placa Solar do Sistema ASBC (Aquecedores Solares de Baixo Custo) \u00e9 uma tecnologia alternativa que promove cerca de 30% de desconto mensal na conta de luz, por conta do aquecimento da \u00e1gua atrav\u00e9s da radia\u00e7\u00e3o solar, sem uso de energia el\u00e9trica durante o processo.<\/p>\n<p style=\"text-align: justify;\">O acesso a essa tecnologia proporciona dignidade, economia e diminui a depend\u00eancia das fam\u00edlias diante do setor el\u00e9trico, que imp\u00f5e altas tarifas a todo o povo brasileiro, que atualmente paga a 2\u00ba tarifa de energia mais cara do mundo. O dinheiro economizado na conta de luz pode ser destinado para outras quest\u00f5es b\u00e1sicas do grupo familiar, como alimenta\u00e7\u00e3o, sa\u00fade, lazer, etc. O objetivo da iniciativa \u00e9 criar uma experi\u00eancia que possa estimular a formula\u00e7\u00e3o de uma pol\u00edtica p\u00fablica no \u00e2mbito das alternativas energ\u00e9ticas para todo o Rio de Janeiro, al\u00e9m de fomentar o debate sobre a quest\u00e3o energ\u00e9tica, num processo cont\u00ednuo de forma\u00e7\u00e3o e constru\u00e7\u00e3o de consci\u00eancia pol\u00edtica e social.<\/p>\n<p style=\"text-align: justify;\">O encontro e oficina contou com presen\u00e7a de lideran\u00e7as, organiza\u00e7\u00f5es parceiras e atingidos e atingidas do munic\u00edpio de Cachoeiras de Macacu. Al\u00e9m do acompanhamento da instala\u00e7\u00e3o da placa, foi realizado um debate sobre as demandas e necessidades da popula\u00e7\u00e3o atingida, a crise do modelo energ\u00e9tico brasileiro e a recente privatiza\u00e7\u00e3o da Eletrobras que ocasionar\u00e1 uma s\u00e9rie de impactos para todo o povo brasileiro.<\/p>\n<p style=\"text-align: justify;\">As demandas e necessidades apontadas pelos atingidos e atingidas foram sistematizados, junto com apontamentos colhidos em outras reuni\u00f5es no munic\u00edpio e compor\u00e3o um documento que ser\u00e1 entregue no pr\u00f3ximo dia 20 de setembro aos candidatos apoiados pelo movimento na regi\u00e3o \u2013 Z\u00e9 Maria (PT), candidato a deputado federal e Marina do MST (PT), candidata a deputada estadual.<\/p>\n<figure class=\"wp-block-gallery columns-3 is-cropped\">\n<ul class=\"blocks-gallery-grid\">\n<li class=\"blocks-gallery-item\" style=\"text-align: justify;\"><\/li>\n<\/ul>\n<\/figure>\n","protected":false},"excerpt":{"rendered":"<p>por\u00a0Coletivo de Comunica\u00e7\u00e3o MAB RJ &nbsp; No m\u00eas de setembro, o MAB realizou um encontro de debate sobre as demandas da popula\u00e7\u00e3o atingida, as altas tarifas de energia el\u00e9trica e uma oficina de instala\u00e7\u00e3o de placa solar de aquecimento de \u00e1gua no bairro Morro do Cleber, em Cachoeiras de Macacu, no Rio de Janeiro. A [&hellip;]<\/p>\n","protected":false},"author":1,"featured_media":20284,"comment_status":"open","ping_status":"open","sticky":false,"template":"","format":"standard","meta":{"_uag_custom_page_level_css":"","footnotes":""},"categories":[29],"tags":[24411,24408,24410,24409,11519],"class_list":["post-20283","post","type-post","status-publish","format-standard","has-post-thumbnail","hentry","category-energia","tag-cachoeiras-de-macacu-rj","tag-mab-rj","tag-placa-solar-do-sistema-asbc-aquecedores-solares-de-baixo-custo","tag-placa-solar-em-casas","tag-tarifa-de-energia"],"blocksy_meta":[],"spectra_blocks_featured_image_url":{"thumbnail":{"url":"https:\/\/construcaocivil.siriusmarketingedesign.com.br\/wp-content\/uploads\/2022\/10\/WhatsApp-Image-2022-09-10-at-2.13.56-PM-1024x768-1-150x150.jpeg","width":150,"height":150},"medium":{"url":"https:\/\/construcaocivil.siriusmarketingedesign.com.br\/wp-content\/uploads\/2022\/10\/WhatsApp-Image-2022-09-10-at-2.13.56-PM-1024x768-1-300x225.jpeg","width":300,"height":225},"medium_large":{"url":"https:\/\/construcaocivil.siriusmarketingedesign.com.br\/wp-content\/uploads\/2022\/10\/WhatsApp-Image-2022-09-10-at-2.13.56-PM-1024x768-1-768x576.jpeg","width":768,"height":576},"large":{"url":"https:\/\/construcaocivil.siriusmarketingedesign.com.br\/wp-content\/uploads\/2022\/10\/WhatsApp-Image-2022-09-10-at-2.13.56-PM-1024x768-1.jpeg","width":1024,"height":768},"full":{"url":"https:\/\/construcaocivil.siriusmarketingedesign.com.br\/wp-content\/uploads\/2022\/10\/WhatsApp-Image-2022-09-10-at-2.13.56-PM-1024x768-1.jpeg","width":1024,"height":768}},"spectra_blocks_author_info":{"display_name":"Jornal da Constru\u00e7\u00e3o Civil","avatar_url":"https:\/\/secure.gravatar.com\/avatar\/973c9774fd44ddaceb026973c4962faa70fc512bc4c9da68e8ebb40fecee6540?s=96&d=mm&r=g","author_link":"https:\/\/construcaocivil.siriusmarketingedesign.com.br\/?author=1","description":"Desde de 2013, levando muitas informa\u00e7\u00f5es, lan\u00e7amentos e produtos de qualidade para toda cadeia produtiva da constru\u00e7\u00e3o. O Futuro da constru\u00e7\u00e3o passa por aqui,"},"uagb_featured_image_src":{"full":["https:\/\/construcaocivil.siriusmarketingedesign.com.br\/wp-content\/uploads\/2022\/10\/WhatsApp-Image-2022-09-10-at-2.13.56-PM-1024x768-1.jpeg",1024,768,false],"thumbnail":["https:\/\/construcaocivil.siriusmarketingedesign.com.br\/wp-content\/uploads\/2022\/10\/WhatsApp-Image-2022-09-10-at-2.13.56-PM-1024x768-1-150x150.jpeg",150,150,true],"medium":["https:\/\/construcaocivil.siriusmarketingedesign.com.br\/wp-content\/uploads\/2022\/10\/WhatsApp-Image-2022-09-10-at-2.13.56-PM-1024x768-1-300x225.jpeg",300,225,true],"medium_large":["https:\/\/construcaocivil.siriusmarketingedesign.com.br\/wp-content\/uploads\/2022\/10\/WhatsApp-Image-2022-09-10-at-2.13.56-PM-1024x768-1-768x576.jpeg",768,576,true],"large":["https:\/\/construcaocivil.siriusmarketingedesign.com.br\/wp-content\/uploads\/2022\/10\/WhatsApp-Image-2022-09-10-at-2.13.56-PM-1024x768-1.jpeg",1024,768,false],"1536x1536":["https:\/\/construcaocivil.siriusmarketingedesign.com.br\/wp-content\/uploads\/2022\/10\/WhatsApp-Image-2022-09-10-at-2.13.56-PM-1024x768-1.jpeg",1024,768,false],"2048x2048":["https:\/\/construcaocivil.siriusmarketingedesign.com.br\/wp-content\/uploads\/2022\/10\/WhatsApp-Image-2022-09-10-at-2.13.56-PM-1024x768-1.jpeg",1024,768,false]},"uagb_author_info":{"display_name":"Jornal da Constru\u00e7\u00e3o Civil","author_link":"https:\/\/construcaocivil.siriusmarketingedesign.com.br\/?author=1"},"uagb_comment_info":0,"uagb_excerpt":"por\u00a0Coletivo de Comunica\u00e7\u00e3o MAB RJ &nbsp; No m\u00eas de setembro, o MAB realizou um encontro de debate sobre as demandas da popula\u00e7\u00e3o atingida, as altas tarifas de energia el\u00e9trica e uma oficina de instala\u00e7\u00e3o de placa solar de aquecimento de \u00e1gua no bairro Morro do Cleber, em Cachoeiras de Macacu, no Rio de Janeiro. A&hellip;","_links":{"self":[{"href":"https:\/\/construcaocivil.siriusmarketingedesign.com.br\/index.php?rest_route=\/wp\/v2\/posts\/20283","targetHints":{"allow":["GET"]}}],"collection":[{"href":"https:\/\/construcaocivil.siriusmarketingedesign.com.br\/index.php?rest_route=\/wp\/v2\/posts"}],"about":[{"href":"https:\/\/construcaocivil.siriusmarketingedesign.com.br\/index.php?rest_route=\/wp\/v2\/types\/post"}],"author":[{"embeddable":true,"href":"https:\/\/construcaocivil.siriusmarketingedesign.com.br\/index.php?rest_route=\/wp\/v2\/users\/1"}],"replies":[{"embeddable":true,"href":"https:\/\/construcaocivil.siriusmarketingedesign.com.br\/index.php?rest_route=%2Fwp%2Fv2%2Fcomments&post=20283"}],"version-history":[{"count":0,"href":"https:\/\/construcaocivil.siriusmarketingedesign.com.br\/index.php?rest_route=\/wp\/v2\/posts\/20283\/revisions"}],"wp:featuredmedia":[{"embeddable":true,"href":"https:\/\/construcaocivil.siriusmarketingedesign.com.br\/index.php?rest_route=\/wp\/v2\/media\/20284"}],"wp:attachment":[{"href":"https:\/\/construcaocivil.siriusmarketingedesign.com.br\/index.php?rest_route=%2Fwp%2Fv2%2Fmedia&parent=20283"}],"wp:term":[{"taxonomy":"category","embeddable":true,"href":"https:\/\/construcaocivil.siriusmarketingedesign.com.br\/index.php?rest_route=%2Fwp%2Fv2%2Fcategories&post=20283"},{"taxonomy":"post_tag","embeddable":true,"href":"https:\/\/construcaocivil.siriusmarketingedesign.com.br\/index.php?rest_route=%2Fwp%2Fv2%2Ftags&post=20283"}],"curies":[{"name":"wp","href":"https:\/\/api.w.org\/{rel}","templated":true}]}}