{"id":20294,"date":"2022-10-25T14:02:20","date_gmt":"2022-10-25T17:02:20","guid":{"rendered":"https:\/\/www.jornaldaconstrucaocivil.com.br\/?p=20294"},"modified":"2022-10-25T14:02:20","modified_gmt":"2022-10-25T17:02:20","slug":"lula-defende-seu-jorge-vitima-de-racismo-no-rio-grande-do-sul","status":"publish","type":"post","link":"https:\/\/construcaocivil.siriusmarketingedesign.com.br\/?p=20294","title":{"rendered":"#Lula defende Seu Jorge, v\u00edtima de racismo no Rio Grande do Sul"},"content":{"rendered":"<p>O ex-presidente Luiz In\u00e1cio Lula da Silva abriu sua coletiva nesta ter\u00e7a-feira (19\/10), em Porto Alegre (RS), manifestando solidariedade ao cantor Seu Jorge, v\u00edtima de racismo na capital ga\u00facha durante show na \u00faltima semana.<\/p>\n<p>\u201cQuero demonstrar a minha solidariedade ao Seu Jorge, porque ele \u00e9 a mais recente v\u00edtima do preconceito nesse pa\u00eds. E, todas as pessoas democr\u00e1ticas desse pa\u00eds, n\u00f3s temos que rejeitar e repudiar qualquer gesto de preconceito. Seja no Rio Grande do Sul, em S\u00e3o Paulo, no Oiapoque ou no Chu\u00ed\u201d, afirmou.<\/p>\n<p>Lula tamb\u00e9m comentou um caso que aconteceu ontem, na cidade de S\u00e3o Paulo, onde o humorista Eddy Junior foi v\u00edtima de um violento ataque racista de uma vizinha do condom\u00ednio onde mora, no bairro da Barra Funda. Na ocasi\u00e3o, a mulher se recusou a subir no mesmo elevador e ainda usou termos como\u00a0<a href=\"https:\/\/revistamarieclaire.globo.com\/Noticias\/noticia\/2022\/10\/eddy-jr-sofre-racismo-e-e-impedido-por-vizinha-de-subir-ao-proprio-apartamento.html\" target=\"_blank\" rel=\"noopener\">\u201cmacaco\u201d, \u201csujo\u201d e \u201cimundo\u201d<\/a>.<\/p>\n<p>\u201cN\u00f3s temos a Constitui\u00e7\u00e3o que diz que o racismo \u00e9 um crime inafian\u00e7\u00e1vel. O problema do preconceito no Brasil n\u00e3o \u00e9 falta de lei, \u00e9 uma quest\u00e3o que est\u00e1 na massa encef\u00e1lica de uma sociedade que foi, durante 350 anos, escravista\u201d, lamentou o ex-presidente.<\/p>\n<p>Os ataques contra Seu Jorge ocorreram no dia 14 de outubro, na sede do clube Gr\u00eamio N\u00e1utico Uni\u00e3o. A Pol\u00edcia Civil est\u00e1 investigando o caso.<\/p>\n<p>\u201cN\u00f3s precisamos vencer isso do ponto de vista cultural. Eu, quando presidente, estabeleci que a hist\u00f3ria africana deveria ser introduzida no ensino fundamental desse pa\u00eds para que a gente ensinasse a hist\u00f3ria da \u00c1frica porque somente assim a gente pode acabar com o preconceito nesse pa\u00eds. \u00c9 preciso, de uma vez por todas, acabar com essa hist\u00f3ria de que negro \u00e9 uma ra\u00e7a inferior. \u00c9 preciso acabar! Isso precisa n\u00e3o de muita lei, mas de muita cultura, muita educa\u00e7\u00e3o e a gente vai aprender isso na forma\u00e7\u00e3o dentro de casa e na escola. Se a crian\u00e7a aprender a respeitar, a gente vai ter uma sociedade mais civilizada\u201d, completou Lula.<\/p>\n","protected":false},"excerpt":{"rendered":"<p>O ex-presidente Luiz In\u00e1cio Lula da Silva abriu sua coletiva nesta ter\u00e7a-feira (19\/10), em Porto Alegre (RS), manifestando solidariedade ao cantor Seu Jorge, v\u00edtima de racismo na capital ga\u00facha durante show na \u00faltima semana. \u201cQuero demonstrar a minha solidariedade ao Seu Jorge, porque ele \u00e9 a mais recente v\u00edtima do preconceito nesse pa\u00eds. E, todas [&hellip;]<\/p>\n","protected":false},"author":1,"featured_media":20295,"comment_status":"open","ping_status":"open","sticky":false,"template":"","format":"standard","meta":{"_uag_custom_page_level_css":"","footnotes":""},"categories":[27],"tags":[24422,24160,24421,9880,10384,24420],"class_list":["post-20294","post","type-post","status-publish","format-standard","has-post-thumbnail","hentry","category-acontece","tag-combateaoracismo","tag-lulapresidente","tag-musica-brasileira","tag-racismo","tag-rio-grande-do-sul","tag-seu-jorge"],"blocksy_meta":[],"spectra_blocks_featured_image_url":{"thumbnail":{"url":"https:\/\/construcaocivil.siriusmarketingedesign.com.br\/wp-content\/uploads\/2022\/10\/IMG_20220614_181012_2-150x150.jpg","width":150,"height":150},"medium":{"url":"https:\/\/construcaocivil.siriusmarketingedesign.com.br\/wp-content\/uploads\/2022\/10\/IMG_20220614_181012_2-300x198.jpg","width":300,"height":198},"medium_large":{"url":"https:\/\/construcaocivil.siriusmarketingedesign.com.br\/wp-content\/uploads\/2022\/10\/IMG_20220614_181012_2-768x507.jpg","width":768,"height":507},"large":{"url":"https:\/\/construcaocivil.siriusmarketingedesign.com.br\/wp-content\/uploads\/2022\/10\/IMG_20220614_181012_2-1024x675.jpg","width":1024,"height":675},"full":{"url":"https:\/\/construcaocivil.siriusmarketingedesign.com.br\/wp-content\/uploads\/2022\/10\/IMG_20220614_181012_2-scaled.jpg","width":2560,"height":1688}},"spectra_blocks_author_info":{"display_name":"Jornal da Constru\u00e7\u00e3o Civil","avatar_url":"https:\/\/secure.gravatar.com\/avatar\/973c9774fd44ddaceb026973c4962faa70fc512bc4c9da68e8ebb40fecee6540?s=96&d=mm&r=g","author_link":"https:\/\/construcaocivil.siriusmarketingedesign.com.br\/?author=1","description":"Desde de 2013, levando muitas informa\u00e7\u00f5es, lan\u00e7amentos e produtos de qualidade para toda cadeia produtiva da constru\u00e7\u00e3o. O Futuro da constru\u00e7\u00e3o passa por aqui,"},"uagb_featured_image_src":{"full":["https:\/\/construcaocivil.siriusmarketingedesign.com.br\/wp-content\/uploads\/2022\/10\/IMG_20220614_181012_2-scaled.jpg",2560,1688,false],"thumbnail":["https:\/\/construcaocivil.siriusmarketingedesign.com.br\/wp-content\/uploads\/2022\/10\/IMG_20220614_181012_2-150x150.jpg",150,150,true],"medium":["https:\/\/construcaocivil.siriusmarketingedesign.com.br\/wp-content\/uploads\/2022\/10\/IMG_20220614_181012_2-300x198.jpg",300,198,true],"medium_large":["https:\/\/construcaocivil.siriusmarketingedesign.com.br\/wp-content\/uploads\/2022\/10\/IMG_20220614_181012_2-768x507.jpg",768,507,true],"large":["https:\/\/construcaocivil.siriusmarketingedesign.com.br\/wp-content\/uploads\/2022\/10\/IMG_20220614_181012_2-1024x675.jpg",1024,675,true],"1536x1536":["https:\/\/construcaocivil.siriusmarketingedesign.com.br\/wp-content\/uploads\/2022\/10\/IMG_20220614_181012_2-1536x1013.jpg",1536,1013,true],"2048x2048":["https:\/\/construcaocivil.siriusmarketingedesign.com.br\/wp-content\/uploads\/2022\/10\/IMG_20220614_181012_2-2048x1351.jpg",2048,1351,true]},"uagb_author_info":{"display_name":"Jornal da Constru\u00e7\u00e3o Civil","author_link":"https:\/\/construcaocivil.siriusmarketingedesign.com.br\/?author=1"},"uagb_comment_info":0,"uagb_excerpt":"O ex-presidente Luiz In\u00e1cio Lula da Silva abriu sua coletiva nesta ter\u00e7a-feira (19\/10), em Porto Alegre (RS), manifestando solidariedade ao cantor Seu Jorge, v\u00edtima de racismo na capital ga\u00facha durante show na \u00faltima semana. \u201cQuero demonstrar a minha solidariedade ao Seu Jorge, porque ele \u00e9 a mais recente v\u00edtima do preconceito nesse pa\u00eds. E, todas&hellip;","_links":{"self":[{"href":"https:\/\/construcaocivil.siriusmarketingedesign.com.br\/index.php?rest_route=\/wp\/v2\/posts\/20294","targetHints":{"allow":["GET"]}}],"collection":[{"href":"https:\/\/construcaocivil.siriusmarketingedesign.com.br\/index.php?rest_route=\/wp\/v2\/posts"}],"about":[{"href":"https:\/\/construcaocivil.siriusmarketingedesign.com.br\/index.php?rest_route=\/wp\/v2\/types\/post"}],"author":[{"embeddable":true,"href":"https:\/\/construcaocivil.siriusmarketingedesign.com.br\/index.php?rest_route=\/wp\/v2\/users\/1"}],"replies":[{"embeddable":true,"href":"https:\/\/construcaocivil.siriusmarketingedesign.com.br\/index.php?rest_route=%2Fwp%2Fv2%2Fcomments&post=20294"}],"version-history":[{"count":0,"href":"https:\/\/construcaocivil.siriusmarketingedesign.com.br\/index.php?rest_route=\/wp\/v2\/posts\/20294\/revisions"}],"wp:featuredmedia":[{"embeddable":true,"href":"https:\/\/construcaocivil.siriusmarketingedesign.com.br\/index.php?rest_route=\/wp\/v2\/media\/20295"}],"wp:attachment":[{"href":"https:\/\/construcaocivil.siriusmarketingedesign.com.br\/index.php?rest_route=%2Fwp%2Fv2%2Fmedia&parent=20294"}],"wp:term":[{"taxonomy":"category","embeddable":true,"href":"https:\/\/construcaocivil.siriusmarketingedesign.com.br\/index.php?rest_route=%2Fwp%2Fv2%2Fcategories&post=20294"},{"taxonomy":"post_tag","embeddable":true,"href":"https:\/\/construcaocivil.siriusmarketingedesign.com.br\/index.php?rest_route=%2Fwp%2Fv2%2Ftags&post=20294"}],"curies":[{"name":"wp","href":"https:\/\/api.w.org\/{rel}","templated":true}]}}