{"id":20306,"date":"2022-10-26T09:03:26","date_gmt":"2022-10-26T12:03:26","guid":{"rendered":"https:\/\/www.jornaldaconstrucaocivil.com.br\/?p=20306"},"modified":"2022-10-26T09:04:33","modified_gmt":"2022-10-26T12:04:33","slug":"lula-vamos-recuperar-o-poder-de-compra-do-salario-minimo","status":"publish","type":"post","link":"https:\/\/construcaocivil.siriusmarketingedesign.com.br\/?p=20306","title":{"rendered":"Lula: vamos recuperar o poder de compra do sal\u00e1rio m\u00ednimo"},"content":{"rendered":"<p>Em entrevista coletiva no \u00faltimo domingo (23\/10), em S\u00e3o Paulo (SP), o ex-presidente Luiz In\u00e1cio Lula da Silva disse que a economia voltar\u00e1 a crescer e que vai recuperar o poder de compra do sal\u00e1rio m\u00ednimo, com <a href=\"https:\/\/lula.com.br\/lula-defesa-do-aumento-real-do-salario-minimo-contra-a-desvalorizacao-proposta-por-bolsonaro\/\"><span style=\"color: #0000ff;\">reajustes<\/span> <span style=\"color: #0000ff;\">anuais que reponham as perdas da infla\u00e7\u00e3o<\/span><\/a>\u00a0mais aumento real, como foi feito nos tempos em que ele esteve na Presid\u00eancia.<\/p>\n<p>\u201cNo Brasil, sempre se usou dizer, antes do nosso governo, que n\u00e3o se podia aumentar o sal\u00e1rio m\u00ednimo porque causava infla\u00e7\u00e3o. E n\u00f3s provamos, durante todo o per\u00edodo que n\u00f3s governamos, que a gente, al\u00e9m de recompor o poder aquisitivo com a infla\u00e7\u00e3o, a gente dava um aumento real com base no crescimento do PIB dos \u00faltimos dois anos. E isso n\u00e3o causou nenhuma infla\u00e7\u00e3o\u201d, disse.<\/p>\n<h2>Fazer a economia crescer<\/h2>\n<p>Lula afirmou que a economia suporta essa din\u00e2mica porque as pessoas ganhando um pouco mais v\u00e3o gastar e consumir mais, o que aumenta a arrecada\u00e7\u00e3o do governo. \u201c\u00c9 uma coisa que funciona perfeitamente bem\u201d, refor\u00e7ou.<\/p>\n<p>O ex-presidente destacou que os investimentos em pol\u00edticas sociais que garantam que as pessoas possam comer e viver decentemente s\u00e3o importantes e reafirmou seu compromisso de, al\u00e9m de fazer a economia crescer, gerar emprego e valorizar o sal\u00e1rio m\u00ednimo, retomar o Minha Casa, Minha Vida e garantir o Bolsa Fam\u00edlia de R$ 600 com adicional de R$ 150 para crian\u00e7as de at\u00e9 seis anos.<\/p>\n","protected":false},"excerpt":{"rendered":"<p>Em entrevista coletiva no \u00faltimo domingo (23\/10), em S\u00e3o Paulo (SP), o ex-presidente Luiz In\u00e1cio Lula da Silva disse que a economia voltar\u00e1 a crescer e que vai recuperar o poder de compra do sal\u00e1rio m\u00ednimo, com reajustes anuais que reponham as perdas da infla\u00e7\u00e3o\u00a0mais aumento real, como foi feito nos tempos em que ele [&hellip;]<\/p>\n","protected":false},"author":1,"featured_media":20307,"comment_status":"open","ping_status":"open","sticky":false,"template":"","format":"standard","meta":{"_uag_custom_page_level_css":"","footnotes":""},"categories":[27],"tags":[23436,20578,24428],"class_list":["post-20306","post","type-post","status-publish","format-standard","has-post-thumbnail","hentry","category-acontece","tag-desemprego-e-fome","tag-eleicoes-2022","tag-salario-minimo"],"blocksy_meta":[],"spectra_blocks_featured_image_url":{"thumbnail":{"url":"https:\/\/construcaocivil.siriusmarketingedesign.com.br\/wp-content\/uploads\/2022\/10\/c0a3ed99-lula-vai-aumentar-o-poder-de-compra-do-salario-minimo-150x150.jpeg","width":150,"height":150},"medium":{"url":"https:\/\/construcaocivil.siriusmarketingedesign.com.br\/wp-content\/uploads\/2022\/10\/c0a3ed99-lula-vai-aumentar-o-poder-de-compra-do-salario-minimo-300x168.jpeg","width":300,"height":168},"medium_large":{"url":"https:\/\/construcaocivil.siriusmarketingedesign.com.br\/wp-content\/uploads\/2022\/10\/c0a3ed99-lula-vai-aumentar-o-poder-de-compra-do-salario-minimo-768x431.jpeg","width":768,"height":431},"large":{"url":"https:\/\/construcaocivil.siriusmarketingedesign.com.br\/wp-content\/uploads\/2022\/10\/c0a3ed99-lula-vai-aumentar-o-poder-de-compra-do-salario-minimo.jpeg","width":1024,"height":575},"full":{"url":"https:\/\/construcaocivil.siriusmarketingedesign.com.br\/wp-content\/uploads\/2022\/10\/c0a3ed99-lula-vai-aumentar-o-poder-de-compra-do-salario-minimo.jpeg","width":1024,"height":575}},"spectra_blocks_author_info":{"display_name":"Jornal da Constru\u00e7\u00e3o Civil","avatar_url":"https:\/\/secure.gravatar.com\/avatar\/973c9774fd44ddaceb026973c4962faa70fc512bc4c9da68e8ebb40fecee6540?s=96&d=mm&r=g","author_link":"https:\/\/construcaocivil.siriusmarketingedesign.com.br\/?author=1","description":"Desde de 2013, levando muitas informa\u00e7\u00f5es, lan\u00e7amentos e produtos de qualidade para toda cadeia produtiva da constru\u00e7\u00e3o. O Futuro da constru\u00e7\u00e3o passa por aqui,"},"uagb_featured_image_src":{"full":["https:\/\/construcaocivil.siriusmarketingedesign.com.br\/wp-content\/uploads\/2022\/10\/c0a3ed99-lula-vai-aumentar-o-poder-de-compra-do-salario-minimo.jpeg",1024,575,false],"thumbnail":["https:\/\/construcaocivil.siriusmarketingedesign.com.br\/wp-content\/uploads\/2022\/10\/c0a3ed99-lula-vai-aumentar-o-poder-de-compra-do-salario-minimo-150x150.jpeg",150,150,true],"medium":["https:\/\/construcaocivil.siriusmarketingedesign.com.br\/wp-content\/uploads\/2022\/10\/c0a3ed99-lula-vai-aumentar-o-poder-de-compra-do-salario-minimo-300x168.jpeg",300,168,true],"medium_large":["https:\/\/construcaocivil.siriusmarketingedesign.com.br\/wp-content\/uploads\/2022\/10\/c0a3ed99-lula-vai-aumentar-o-poder-de-compra-do-salario-minimo-768x431.jpeg",768,431,true],"large":["https:\/\/construcaocivil.siriusmarketingedesign.com.br\/wp-content\/uploads\/2022\/10\/c0a3ed99-lula-vai-aumentar-o-poder-de-compra-do-salario-minimo.jpeg",1024,575,false],"1536x1536":["https:\/\/construcaocivil.siriusmarketingedesign.com.br\/wp-content\/uploads\/2022\/10\/c0a3ed99-lula-vai-aumentar-o-poder-de-compra-do-salario-minimo.jpeg",1024,575,false],"2048x2048":["https:\/\/construcaocivil.siriusmarketingedesign.com.br\/wp-content\/uploads\/2022\/10\/c0a3ed99-lula-vai-aumentar-o-poder-de-compra-do-salario-minimo.jpeg",1024,575,false]},"uagb_author_info":{"display_name":"Jornal da Constru\u00e7\u00e3o Civil","author_link":"https:\/\/construcaocivil.siriusmarketingedesign.com.br\/?author=1"},"uagb_comment_info":0,"uagb_excerpt":"Em entrevista coletiva no \u00faltimo domingo (23\/10), em S\u00e3o Paulo (SP), o ex-presidente Luiz In\u00e1cio Lula da Silva disse que a economia voltar\u00e1 a crescer e que vai recuperar o poder de compra do sal\u00e1rio m\u00ednimo, com reajustes anuais que reponham as perdas da infla\u00e7\u00e3o\u00a0mais aumento real, como foi feito nos tempos em que ele&hellip;","_links":{"self":[{"href":"https:\/\/construcaocivil.siriusmarketingedesign.com.br\/index.php?rest_route=\/wp\/v2\/posts\/20306","targetHints":{"allow":["GET"]}}],"collection":[{"href":"https:\/\/construcaocivil.siriusmarketingedesign.com.br\/index.php?rest_route=\/wp\/v2\/posts"}],"about":[{"href":"https:\/\/construcaocivil.siriusmarketingedesign.com.br\/index.php?rest_route=\/wp\/v2\/types\/post"}],"author":[{"embeddable":true,"href":"https:\/\/construcaocivil.siriusmarketingedesign.com.br\/index.php?rest_route=\/wp\/v2\/users\/1"}],"replies":[{"embeddable":true,"href":"https:\/\/construcaocivil.siriusmarketingedesign.com.br\/index.php?rest_route=%2Fwp%2Fv2%2Fcomments&post=20306"}],"version-history":[{"count":0,"href":"https:\/\/construcaocivil.siriusmarketingedesign.com.br\/index.php?rest_route=\/wp\/v2\/posts\/20306\/revisions"}],"wp:featuredmedia":[{"embeddable":true,"href":"https:\/\/construcaocivil.siriusmarketingedesign.com.br\/index.php?rest_route=\/wp\/v2\/media\/20307"}],"wp:attachment":[{"href":"https:\/\/construcaocivil.siriusmarketingedesign.com.br\/index.php?rest_route=%2Fwp%2Fv2%2Fmedia&parent=20306"}],"wp:term":[{"taxonomy":"category","embeddable":true,"href":"https:\/\/construcaocivil.siriusmarketingedesign.com.br\/index.php?rest_route=%2Fwp%2Fv2%2Fcategories&post=20306"},{"taxonomy":"post_tag","embeddable":true,"href":"https:\/\/construcaocivil.siriusmarketingedesign.com.br\/index.php?rest_route=%2Fwp%2Fv2%2Ftags&post=20306"}],"curies":[{"name":"wp","href":"https:\/\/api.w.org\/{rel}","templated":true}]}}