{"id":20335,"date":"2022-10-29T17:09:40","date_gmt":"2022-10-29T20:09:40","guid":{"rendered":"https:\/\/www.jornaldaconstrucaocivil.com.br\/?p=20335"},"modified":"2022-10-29T17:09:40","modified_gmt":"2022-10-29T20:09:40","slug":"lula-divulga-carta-para-o-brasil-do-amanha","status":"publish","type":"post","link":"https:\/\/construcaocivil.siriusmarketingedesign.com.br\/?p=20335","title":{"rendered":"#LULA divulga carta para o Brasil do Amanh\u00e3"},"content":{"rendered":"<p>Um \u00e9 o pa\u00eds do \u00f3dio, da mentira, da intoler\u00e2ncia, do desemprego, dos sal\u00e1rios baixos, da fome, das armas e das mortes, da insensibilidade, do machismo, do racismo, da homofobia, da destrui\u00e7\u00e3o da Amaz\u00f4nia e do meio ambiente, do isolamento internacional, da estagna\u00e7\u00e3o econ\u00f4mica, do apre\u00e7o \u00e0 ditadura e aos torturadores. Um Brasil de medo e inseguran\u00e7a com Bolsonaro.<\/p>\n<p>Outro \u00e9 o pa\u00eds da esperan\u00e7a, do respeito, do emprego, dos sal\u00e1rios decentes, da aposentadoria digna, dos direitos e oportunidades para todas e todos, da vida, da sa\u00fade, da educa\u00e7\u00e3o, da preserva\u00e7\u00e3o do meio ambiente, do respeito \u00e0s mulheres, \u00e0 popula\u00e7\u00e3o negra e \u00e0 diversidade; da integra\u00e7\u00e3o soberana ao mundo, da comida no prato e, sobretudo, do compromisso inabal\u00e1vel com a democracia. Um Brasil de esperan\u00e7a, um Brasil para todos.<\/p>\n<p>As primeiras medidas de nosso governo ser\u00e3o para resgatar da fome 33 milh\u00f5es de pessoas e resgatar da pobreza mais de 100 milh\u00f5es de brasileiros e brasileiras. A democracia s\u00f3 ser\u00e1 verdadeira quando toda a popula\u00e7\u00e3o tiver acesso a uma vida digna, sem exclus\u00f5es.<\/p>\n<p>Temos consci\u00eancia da nossa responsabilidade hist\u00f3rica e, junto com amplas for\u00e7as que apoiam a democracia brasileira, a partir de um permanente processo de di\u00e1logo e escuta da sociedade, apresentamos nossas principais propostas para a reconstru\u00e7\u00e3o do pa\u00eds.<\/p>\n<p>&nbsp;<\/p>\n<p>1 DESENVOLVIMENTO ECON\u00d4MICO COM INVESTIMENTOS<\/p>\n<p>Nossa primeira iniciativa ser\u00e1 definir com os governadores dos 27 estados um planejamento para retomar obras paradas e definir obras priorit\u00e1rias. Vamos buscar financiamento e a coopera\u00e7\u00e3o \u2013 nacional e internacional \u2013 para o investimento p\u00fablico e privado, para dinamizar e expandir o mercado interno de consumo, desenvolver o com\u00e9rcio, servi\u00e7os, agricultura de alimentos e ind\u00fastria. Vamos investir em servi\u00e7os p\u00fablicos e sociais, em infraestrutura econ\u00f4mica e em recursos naturais estrat\u00e9gicos. Os bancos p\u00fablicos, especialmente o BNDES, e empresas indutoras do crescimento e inova\u00e7\u00e3o tecnol\u00f3gica, como a Petrobras, ter\u00e3o papel fundamental neste novo ciclo. Ao mesmo tempo, vamos impulsionar o cooperativismo e a economia solid\u00e1ria e popular. A roda da economia vai voltar a girar e o povo vai voltar e ser inclu\u00eddo no or\u00e7amento.<\/p>\n<p>Al\u00e9m disso, enfrentaremos o desemprego e a precariza\u00e7\u00e3o do mundo do trabalho, com um amplo debate tripartite (governo, empres\u00e1rios e trabalhadores), para construir uma Nova Legisla\u00e7\u00e3o Trabalhista que assegure direitos m\u00ednimos \u2013 tanto trabalhistas como previdenci\u00e1rios \u2013 e sal\u00e1rios dig- nos, assegurando a competitividade e os investimentos das empresas. Vamos tamb\u00e9m criar o Empreende Brasil, com cr\u00e9dito a juros baixos para os batalhadores das micro, pequenas e m\u00e9dias empresas. Nosso Brasil ser\u00e1 o pa\u00eds da inova\u00e7\u00e3o.<\/p>\n<p>2 DESENVOLVIMENTO SOCIAL COM TRABALHO E RENDA<\/p>\n<p>Nosso maior compromisso \u00e9 construir um Brasil mais igualit\u00e1rio, sem fome, sem pobreza, com bons empregos e sal\u00e1rios, priorizando as pessoas que mais precisam. Para isso propomos: um Sal\u00e1rio-M\u00ednimo Forte, com crescimento todo ano acima da infla\u00e7\u00e3o; um Novo Bolsa Fam\u00edlia, que garantir\u00e1 R$ 600,00 como valor permanente mais R$ 150,00 para cada crian\u00e7a de at\u00e9 6 anos de idade; o programa Desenrola Brasil, para renegociar as d\u00edvidas de milh\u00f5es fam\u00edlias que est\u00e3o inadimplentes, oferecendo grandes descontos e juros baixos; Imposto de Renda Zero para quem ganha at\u00e9 R$ 5 mil, que ser\u00e1 acompanhado de uma reforma tribut\u00e1ria; al\u00e9m da Igualdade Salarial para Homens e Mulheres que exer\u00e7am a mesma fun\u00e7\u00e3o.<\/p>\n<p>3 DESENVOLVIMENTO SUSTENT\u00c1VEL E TRANSI\u00c7\u00c3O ECOL\u00d3GICA<\/p>\n<p>Vamos construir um Brasil sustent\u00e1vel. O Brasil tem tudo para ser uma grande pot\u00eancia ambiental. Para isso, \u00e9 preciso aproveitar a criatividade da bioeconomia e dos empreendimentos da sociobiodiversidade. Vamos iniciar a transi\u00e7\u00e3o energ\u00e9tica e ecol\u00f3gica para uma agropecu\u00e1ria e uma minera\u00e7\u00e3o sustent\u00e1veis, para uma agricultura familiar mais forte, para uma ind\u00fastria mais verde.<\/p>\n<p>Nosso compromisso estrat\u00e9gico \u00e9 buscar o desmatamento zero na Amaz\u00f4nia e emiss\u00e3o zero de gases do efeito estufa na matriz el\u00e9trica. Vamos apoiar a grande agricultura de baixo carbono e a agricultura familiar com cr\u00e9dito, garantias e assist\u00eancia. Vamos criar o Minist\u00e9rio dos Povos Origin\u00e1rios e revogar as medidas contr\u00e1rias as popula\u00e7\u00f5es ind\u00edgenas e povos origin\u00e1rios. Vamos reconstruir os \u00f3rg\u00e3os de fiscaliza\u00e7\u00e3o e controle do desmatamento. Vamos acabar com o garimpo ilegal em terras ind\u00edgenas. Em vez de l\u00edderes mundiais de desmatamento, queremos ser campe\u00f5es mundiais do enfrentamento da crise clim\u00e1tica e do desenvolvimento socioambiental. Assim, teremos comida saud\u00e1vel no prato, ar limpo para res- pirar, \u00e1gua boa para beber e muitos empregos de qualidade com os investi- mentos verdes.<\/p>\n<p>4 EDUCA\u00c7\u00c3O<\/p>\n<p>Para assegurar oportunidades para todas e todos, a Educa\u00e7\u00e3o e a Ci\u00eancia, hoje t\u00e3o abandonadas e negligenciadas, ser\u00e3o tratadas como investimento e n\u00e3o como gasto. Vamos voltar a construir e apoiar as creches, aumentar os recursos para a merenda escolar, implantar o Ensino em Tempo Integral, com bolsa-estudante para quem completar o Ensino M\u00e9dio. Vamos universalizar a banda larga nas escolas, com equipamentos adequados que atuar\u00e3o como ponto de irradia\u00e7\u00e3o para a conectividade dos territ\u00f3rios.<\/p>\n<p>Tamb\u00e9m vamos investir em Mais Universidades, com o fortalecimento do ENEM, FIES, do PROUNI, da Bolsa Forma\u00e7\u00e3o, e ampliaremos a Lei de Cotas, incluindo a p\u00f3s-gradua\u00e7\u00e3o. Voltaremos a expandir fortemente o Ensino T\u00e9cnico Profissionalizante. Vamos valorizar a forma\u00e7\u00e3o, a remunera\u00e7\u00e3o e as condi\u00e7\u00f5es de trabalhos dos professores, professoras e demais profissionais da Educa\u00e7\u00e3o. A educa\u00e7\u00e3o p\u00fablica, universal e de qualidade voltar\u00e1 a ser prioridade estrat\u00e9gica do pa\u00eds.<\/p>\n<p>5 SA\u00daDE<\/p>\n<p>Para assegurar a sa\u00fade e a tranquilidade das fam\u00edlias, vamos fortalecer o SUS, retomar o Farm\u00e1cia Popular, implantar o M\u00e9dicos Pelo Brasil para atender a popula\u00e7\u00e3o de todos os munic\u00edpios brasileiros; promover mutir\u00f5es emergenciais em todo o pa\u00eds para zerar as filas de consultas, exames e cirurgias que n\u00e3o foram realizados na pandemia, criar o Centro Nacional de Telemedicina e investir no atendimento integral \u00e0 Sa\u00fade da Mulher. Vamos reconstruir o Programa Nacional de Vacina\u00e7\u00e3o. A vida \u00e9 o nosso bem mais precioso.<\/p>\n<p>6 HABITA\u00c7\u00c3O E INFRAESTRUTURA<\/p>\n<p>Vamos retomar o Minha Casa Minha Vida para garantir emprego e moradia para milh\u00f5es de brasileiros. Tamb\u00e9m universalizaremos o acesso \u00e0 luz e \u00e0 \u00e1gua com a reconstru\u00e7\u00e3o de programas como o Luz para Todos e Cisternas. Vamos retomar obras paradas e estruturar um Novo PAC, para reativar a constru\u00e7\u00e3o civil e a engenharia pesada \u2013 orientando o investimento para setores que atendam a demandas sociais como habita\u00e7\u00e3o, transporte e mobilidade urbana, energia, \u00e1gua e saneamento. \u00c9 o caminho para iniciar um novo ciclo de crescimento econ\u00f4mico.<\/p>\n<p>7 SEGURAN\u00c7A<\/p>\n<p>Vamos criar o Minist\u00e9rio da Seguran\u00e7a P\u00fablica para implementar o Sistema \u00danico de Seguran\u00e7a P\u00fablica, com pol\u00edcias bem equipadas, treinadas e remuneradas. Vamos retomar o PRONASCI para investir na forma\u00e7\u00e3o e profissionaliza\u00e7\u00e3o dos policiais. Vamos voltar a fortalecer e respeitar o importante trabalho da Pol\u00edcia Federal e da For\u00e7a Nacional. Vamos revogar decretos e portarias que permitiram o acesso irrestrito \u00e0s armas, especialmente aqueles que est\u00e3o armando o crime organizado. Enfrentaremos o aumento alarmante de casos de feminic\u00eddio e a viol\u00eancia contra a juventude negra, especialmente nas periferias.<\/p>\n<p>8 CULTURA E ESPORTES<\/p>\n<p>Vamos recriar o Minist\u00e9rio da Cultura e implantar um Sistema Nacional de Cultura para articular comit\u00eas estaduais de cultura. Vamos retomar o pro- grama Cultura Viva, respons\u00e1vel pelos Pontos de Cultura, ampliar a presen\u00e7a da cultura nas redes sociais, incorporando tecnologias digitais. Vamos apoiar os esportes, aumentando o investimento no Bolsa Atleta e estimulando a pr\u00e1tica esportiva de crian\u00e7as e jovens nas escolas. Vamos retomar o conjunto de programas para a cultura, as artes, o esporte e o lazer, que foram atacados e destru\u00eddos pelo atual governo.<\/p>\n<p>9 DIREITOS HUMANOS E CIDADANIA<\/p>\n<p>Vamos enfrentar as discrimina\u00e7\u00f5es e preconceitos estruturais da sociedade brasileira, como o machismo, o racismo, a LGBTfobia, o capacitismo com as pessoas com defici\u00eancia, os preconceitos geracionais com idosos e a juventude. Vamos recriar o Minist\u00e9rio da Mulher para combater a viol\u00eancia e assegurar direitos, inclusive o de receber mesmo sal\u00e1rio dos homens para as mesmas fun\u00e7\u00f5es. Vamos recriar o Minist\u00e9rio da Igualdade Racial, com o fortalecimento de pol\u00edticas de a\u00e7\u00f5es afirmativas para garantir direitos, promover a inclus\u00e3o, a participa\u00e7\u00e3o, o reconhecimento e as novas oportunidades. Vamos recuperar o programa Viver Sem Limites, especialmente o desenvolvimento e acesso \u00e0s tecnologias assistivas para as pessoas com defici\u00eancia. Garantiremos o cumprimento integral da Lei que promulgamos para assegurar a mais ampla liberdade de religi\u00e3o e culto no Brasil. O futuro deve assegurar o respeito aos outros, a pluralidade e a diversidade, essenciais \u00e0 democracia.<\/p>\n<p>10 REINDUSTRIALIZA\u00c7\u00c3O DO BRASIL<\/p>\n<p>Vamos construir uma estrat\u00e9gia nacional para avan\u00e7ar em dire\u00e7\u00e3o \u00e0 economia do conhecimento. O Brasil n\u00e3o precisa depender da importa\u00e7\u00e3o de respiradores, fertilizantes nem diesel e gasolina. N\u00e3o precisa depender da importa\u00e7\u00e3o de microprocessadores, sat\u00e9lites, aeronaves e plataformas. Nosso pa\u00eds tem potenciais que devem ser impulsionados nas ind\u00fastrias de software, defesa, telecomunica\u00e7\u00f5es e outros setores de novas tecnologias. Nosso pa\u00eds tem vantagens competitivas que devem ser ativadas, especial- mente nos complexos econ\u00f4mico-industriais da sa\u00fade, do agroneg\u00f3cio e do petr\u00f3leo e g\u00e1s.<\/p>\n<p>Vamos iniciar a transi\u00e7\u00e3o digital e trazer a ind\u00fastria brasileira para o s\u00e9culo XXI, com uma pol\u00edtica industrial que apoia a inova\u00e7\u00e3o, estimula a coopera\u00e7\u00e3o p\u00fablico-privada, fortalece a ci\u00eancia e a tecnologia e garante acesso a financiamentos com custos adequados. Os segmentos das micro, pequenas e m\u00e9dias empresas, bem como das startups, receber\u00e3o aten\u00e7\u00e3o especial. O futuro pertence a quem implantar a sociedade do conhecimento.<\/p>\n<p>11 AGRICULTURA SUSTENT\u00c1VEL<\/p>\n<p>O Brasil \u00e9 um dos mais importantes produtores e exportadores de alimentos do mundo. Para garantir e ampliar essa vantagem competitiva do pa\u00eds, vamos compatibilizar a produ\u00e7\u00e3o com a preserva\u00e7\u00e3o de recursos naturais, porque isso \u00e9 necess\u00e1rio num mundo que enfrenta a crise clim\u00e1tica e exige cada vez mais o consumo de alimentos saud\u00e1veis. Investiremos fortemente na Embrapa e no financiamento ao agroneg\u00f3cio, aos pequenos e m\u00e9dios produtores e \u00e0 agricultura familiar e aos assentamentos. Para aumentar a produ\u00e7\u00e3o sem desmatamento, implantaremos o Plano de Recupera\u00e7\u00e3o de Pastagens Degradadas, que somam cerca de 30 milh\u00f5es de hectares. As taxas de juros ser\u00e3o reduzidas no Plano Safra, no Pronamp e no Pronaf para produtores comprometidos com crit\u00e9rios ambientais e sociais. Vamos reconstruir a Conab e estabelecer uma pol\u00edtica de pre\u00e7os m\u00ednimos para estabilizar os pre\u00e7os dos alimentos e garantir comida na mesa das fam\u00edlias. Vamos fortalecer o cooperativismo e a assist\u00eancia t\u00e9cnica aos pequenos e m\u00e9dios produtores.<\/p>\n<p>12 POL\u00cdTICA EXTERNA<\/p>\n<p>Superar o isolamento internacional e reposicionar o Brasil como protagonista no mundo \u00e9 nosso compromisso. Retomaremos a pol\u00edtica externa soberana, altiva e ativa, promovendo o di\u00e1logo democr\u00e1tico e respeitando a autodetermina\u00e7\u00e3o dos povos. Investiremos novamente na integra\u00e7\u00e3o regional, no Mercosul e outras iniciativas latino-americanas, bem como no di\u00e1logo com os BRICS, com os pa\u00edses da \u00c1frica, Uni\u00e3o Europeia e Estados Unidos. Romper o isolamento e retomar pol\u00edtica externa exitosa \u00e9 funda- mental para ampliar o com\u00e9rcio exterior e a coopera\u00e7\u00e3o tecnol\u00f3gica, al\u00e9m promover rela\u00e7\u00f5es mais justas e democr\u00e1ticas entre os pa\u00edses.<\/p>\n<p>Reafirmaremos e fortaleceremos nossos pactos internacionais relativos ao desenvolvimento sustent\u00e1vel, em especial no marco da Conven\u00e7\u00e3o do Clima. Cultivaremos rela\u00e7\u00f5es de m\u00fatuo respeito com todos os pa\u00edses.<\/p>\n<p>13 DEMOCRACIA E LIBERDADE<\/p>\n<p>O Brasil passa por um momento hist\u00f3rico em que os direitos, as institui\u00e7\u00f5es e as liberdades democr\u00e1ticas est\u00e3o fortemente amea\u00e7adas. Por isso, reafirmamos nosso total compromisso com a democracia, pois somente a democracia pode garantir os direitos da cidadania, condi\u00e7\u00f5es de vida com dignidade para a popula\u00e7\u00e3o e as conquistas da sociedade.<\/p>\n<p>O Brasil n\u00e3o pode mais ficar nas m\u00e3os de quem admira a ditadura militar e idolatra monstruosos torturadores. O Brasil n\u00e3o pode ficar entregue a pessoas que questionam nosso processo eleitoral, procurando criar condi\u00e7\u00f5es para golpes e aventuras totalit\u00e1rias. O Brasil n\u00e3o pode estar submetido a um governante que agride sistematicamente o STF e o TSE e j\u00e1 amea\u00e7ou fechar o Congresso. Um governo que nega a transpar\u00eancia, o acesso p\u00fablico \u00e0 informa\u00e7\u00e3o e desestruturou os me- canismos de controle e combate \u00e0 corrup\u00e7\u00e3o. Nossa democracia \u00e9 fruto de d\u00e9cadas de luta, de mulheres e homens, pela nossa liberdade e pelos nossos direitos.<\/p>\n<p>A reconstru\u00e7\u00e3o do Brasil exige uma gest\u00e3o p\u00fablica competente, respons\u00e1vel, aberta ao di\u00e1logo e com a mais ampla participa\u00e7\u00e3o da sociedade. Exige uma gest\u00e3o da economia com credibilidade, responsabilidade e previsibilidade.<\/p>\n<p>J\u00e1 governamos este pa\u00eds. Com responsabilidade fiscal, reduzimos a d\u00edvida p\u00fablica, controlamos a infla\u00e7\u00e3o e acumulamos um expressivo volume de reservas cambiais que at\u00e9 hoje s\u00e3o fundamentais para a estabilidade da economia. Essas condi\u00e7\u00f5es foram essenciais para o Brasil crescer o dobro da m\u00e9dia internacional em nosso governo e enfrentar a maior crise financeira mundial da hist\u00f3ria recente.<\/p>\n<p>A pol\u00edtica fiscal respons\u00e1vel deve seguir regras claras e realistas, com compromissos plurianuais, compat\u00edveis com o enfrentamento da emerg\u00eancia social que vivemos e com a necessidade de reativar o investimento p\u00fablico e privado para arrancar o pa\u00eds da estagna\u00e7\u00e3o. O sistema tribut\u00e1rio n\u00e3o deve colocar o investimento, a produ\u00e7\u00e3o e a exporta\u00e7\u00e3o industrial em situa\u00e7\u00e3o desfavor\u00e1vel, nem deve penalizar trabalhadores, consumidores e camadas de mais baixa renda. \u00c9 poss\u00edvel combinar responsabilidade fiscal, responsabilidade social e desenvolvimento sustent\u00e1vel \u2013 e \u00e9 isso que vamos fazer, seguindo as tend\u00eancias das principais economias do mundo.<\/p>\n<p>Ao longo dessa campanha, vi a esperan\u00e7a brilhando nos olhos do nosso povo. A esperan\u00e7a de uma vida melhor num pa\u00eds mais justo. O Brasil precisa de um governo que volte a cuidar da nossa gente, especialmente de quem mais necessita. Precisa de paz, democracia e di\u00e1logo. \u00c9 com a for\u00e7a do nosso legado e os olhos voltados para o futuro que dirijo esta carta ao povo brasi- leiro. Que Deus nos ilumine nessa caminhada.<\/p>\n<p>&nbsp;<\/p>\n<p>VAMOS JUNTOS PELO BRASIL!<\/p>\n<p>&nbsp;<\/p>\n<p>Luiz In\u00e1cio LULA da Silva<\/p>\n<p>&nbsp;<\/p>\n<p>S\u00e3o Paulo, 27 de outubro de 2022<\/p>\n<p>&nbsp;<\/p>\n","protected":false},"excerpt":{"rendered":"<p>Um \u00e9 o pa\u00eds do \u00f3dio, da mentira, da intoler\u00e2ncia, do desemprego, dos sal\u00e1rios baixos, da fome, das armas e das mortes, da insensibilidade, do machismo, do racismo, da homofobia, da destrui\u00e7\u00e3o da Amaz\u00f4nia e do meio ambiente, do isolamento internacional, da estagna\u00e7\u00e3o econ\u00f4mica, do apre\u00e7o \u00e0 ditadura e aos torturadores. Um Brasil de medo [&hellip;]<\/p>\n","protected":false},"author":1,"featured_media":20338,"comment_status":"open","ping_status":"open","sticky":false,"template":"","format":"standard","meta":{"_uag_custom_page_level_css":"","footnotes":""},"categories":[27],"tags":[24160,24436,24437,24439,24438],"class_list":["post-20335","post","type-post","status-publish","format-standard","has-post-thumbnail","hentry","category-acontece","tag-lulapresidente","tag-carta-ao-povo-brasileiro","tag-democracia-e-futuro","tag-empregos-e-investimentos-em-obras","tag-violencia-nas-eleicoes-2022"],"blocksy_meta":[],"spectra_blocks_featured_image_url":{"thumbnail":{"url":"https:\/\/construcaocivil.siriusmarketingedesign.com.br\/wp-content\/uploads\/2022\/10\/LULA-CARTA-150x150.jpeg","width":150,"height":150},"medium":{"url":"https:\/\/construcaocivil.siriusmarketingedesign.com.br\/wp-content\/uploads\/2022\/10\/LULA-CARTA-300x191.jpeg","width":300,"height":191},"medium_large":{"url":"https:\/\/construcaocivil.siriusmarketingedesign.com.br\/wp-content\/uploads\/2022\/10\/LULA-CARTA-768x490.jpeg","width":768,"height":490},"large":{"url":"https:\/\/construcaocivil.siriusmarketingedesign.com.br\/wp-content\/uploads\/2022\/10\/LULA-CARTA-1024x653.jpeg","width":1024,"height":653},"full":{"url":"https:\/\/construcaocivil.siriusmarketingedesign.com.br\/wp-content\/uploads\/2022\/10\/LULA-CARTA.jpeg","width":1280,"height":816}},"spectra_blocks_author_info":{"display_name":"Jornal da Constru\u00e7\u00e3o Civil","avatar_url":"https:\/\/secure.gravatar.com\/avatar\/973c9774fd44ddaceb026973c4962faa70fc512bc4c9da68e8ebb40fecee6540?s=96&d=mm&r=g","author_link":"https:\/\/construcaocivil.siriusmarketingedesign.com.br\/?author=1","description":"Desde de 2013, levando muitas informa\u00e7\u00f5es, lan\u00e7amentos e produtos de qualidade para toda cadeia produtiva da constru\u00e7\u00e3o. O Futuro da constru\u00e7\u00e3o passa por aqui,"},"uagb_featured_image_src":{"full":["https:\/\/construcaocivil.siriusmarketingedesign.com.br\/wp-content\/uploads\/2022\/10\/LULA-CARTA.jpeg",1280,816,false],"thumbnail":["https:\/\/construcaocivil.siriusmarketingedesign.com.br\/wp-content\/uploads\/2022\/10\/LULA-CARTA-150x150.jpeg",150,150,true],"medium":["https:\/\/construcaocivil.siriusmarketingedesign.com.br\/wp-content\/uploads\/2022\/10\/LULA-CARTA-300x191.jpeg",300,191,true],"medium_large":["https:\/\/construcaocivil.siriusmarketingedesign.com.br\/wp-content\/uploads\/2022\/10\/LULA-CARTA-768x490.jpeg",768,490,true],"large":["https:\/\/construcaocivil.siriusmarketingedesign.com.br\/wp-content\/uploads\/2022\/10\/LULA-CARTA-1024x653.jpeg",1024,653,true],"1536x1536":["https:\/\/construcaocivil.siriusmarketingedesign.com.br\/wp-content\/uploads\/2022\/10\/LULA-CARTA.jpeg",1280,816,false],"2048x2048":["https:\/\/construcaocivil.siriusmarketingedesign.com.br\/wp-content\/uploads\/2022\/10\/LULA-CARTA.jpeg",1280,816,false]},"uagb_author_info":{"display_name":"Jornal da Constru\u00e7\u00e3o Civil","author_link":"https:\/\/construcaocivil.siriusmarketingedesign.com.br\/?author=1"},"uagb_comment_info":0,"uagb_excerpt":"Um \u00e9 o pa\u00eds do \u00f3dio, da mentira, da intoler\u00e2ncia, do desemprego, dos sal\u00e1rios baixos, da fome, das armas e das mortes, da insensibilidade, do machismo, do racismo, da homofobia, da destrui\u00e7\u00e3o da Amaz\u00f4nia e do meio ambiente, do isolamento internacional, da estagna\u00e7\u00e3o econ\u00f4mica, do apre\u00e7o \u00e0 ditadura e aos torturadores. Um Brasil de medo&hellip;","_links":{"self":[{"href":"https:\/\/construcaocivil.siriusmarketingedesign.com.br\/index.php?rest_route=\/wp\/v2\/posts\/20335","targetHints":{"allow":["GET"]}}],"collection":[{"href":"https:\/\/construcaocivil.siriusmarketingedesign.com.br\/index.php?rest_route=\/wp\/v2\/posts"}],"about":[{"href":"https:\/\/construcaocivil.siriusmarketingedesign.com.br\/index.php?rest_route=\/wp\/v2\/types\/post"}],"author":[{"embeddable":true,"href":"https:\/\/construcaocivil.siriusmarketingedesign.com.br\/index.php?rest_route=\/wp\/v2\/users\/1"}],"replies":[{"embeddable":true,"href":"https:\/\/construcaocivil.siriusmarketingedesign.com.br\/index.php?rest_route=%2Fwp%2Fv2%2Fcomments&post=20335"}],"version-history":[{"count":0,"href":"https:\/\/construcaocivil.siriusmarketingedesign.com.br\/index.php?rest_route=\/wp\/v2\/posts\/20335\/revisions"}],"wp:featuredmedia":[{"embeddable":true,"href":"https:\/\/construcaocivil.siriusmarketingedesign.com.br\/index.php?rest_route=\/wp\/v2\/media\/20338"}],"wp:attachment":[{"href":"https:\/\/construcaocivil.siriusmarketingedesign.com.br\/index.php?rest_route=%2Fwp%2Fv2%2Fmedia&parent=20335"}],"wp:term":[{"taxonomy":"category","embeddable":true,"href":"https:\/\/construcaocivil.siriusmarketingedesign.com.br\/index.php?rest_route=%2Fwp%2Fv2%2Fcategories&post=20335"},{"taxonomy":"post_tag","embeddable":true,"href":"https:\/\/construcaocivil.siriusmarketingedesign.com.br\/index.php?rest_route=%2Fwp%2Fv2%2Ftags&post=20335"}],"curies":[{"name":"wp","href":"https:\/\/api.w.org\/{rel}","templated":true}]}}