{"id":20345,"date":"2022-10-31T14:10:33","date_gmt":"2022-10-31T17:10:33","guid":{"rendered":"https:\/\/www.jornaldaconstrucaocivil.com.br\/?p=20345"},"modified":"2022-10-31T14:10:33","modified_gmt":"2022-10-31T17:10:33","slug":"energia-solar-x-taxacao-do-sol","status":"publish","type":"post","link":"https:\/\/construcaocivil.siriusmarketingedesign.com.br\/?p=20345","title":{"rendered":"Energia Solar x Taxa\u00e7\u00e3o do Sol"},"content":{"rendered":"<h2>Lei de \u201dTaxa\u00e7\u00e3o do Sol\u201d se refere ao pagamento do Fio B<\/h2>\n<p>De acordo com informa\u00e7\u00f5es, \u00e9 necess\u00e1rio ter seu projeto planejado por uma equipe qualificada e composta por montadores t\u00e9cnicos, engenheiros el\u00e9tricos e por profissionais especializados no processo de financiamento, para mitigar o valor de instala\u00e7\u00e3o.<\/p>\n<p>Amplamente discutida no Congresso Nacional e tamb\u00e9m em outros setores da sociedade, a nova lei da Taxa\u00e7\u00e3o do Sol \u00e9 derivada do\u00a0<span style=\"color: #0000ff;\"><a class=\"external\" style=\"color: #0000ff;\" href=\"https:\/\/www.camara.leg.br\/proposicoesWeb\/fichadetramitacao?idProposicao=2228151\" target=\"_blank\" rel=\"noreferrer noopener nofollow\">projeto de Lei 5.829\/2019.<\/a><\/span>\u00a0Embora traga outras mudan\u00e7as, a principal altera\u00e7\u00e3o na nova lei est\u00e1 ligada ao pagamento de uma taxa que altera a composi\u00e7\u00e3o da conta de luz, e \u00e9 por isso que \u00e9 conhecida como lei da \u201ctaxa\u00e7\u00e3o do sol\u201d.<\/p>\n<p>Desta forma, as pessoas que adquirirem um sistema de gera\u00e7\u00e3o solar a partir de 2023 ser\u00e3o inclu\u00eddas na nova regra. De forma b\u00e1sica, quem gera energia renov\u00e1vel passa a pagar pelo uso da infraestrutura disponibilizada pela distribuidora nos hor\u00e1rios em que n\u00e3o h\u00e1 gera\u00e7\u00e3o simult\u00e2nea, ao contr\u00e1rio do que acontece atualmente. Esta taxa se refere ao pagamento do antes isento Fio B, parte da Tarifa de Uso dos Sistemas de Distribui\u00e7\u00e3o.<\/p>\n<p>No v\u00eddeo abaixo, Luiz Carneiro, da BlueSol franquia Zona Sul fala em 2 minutos sobre o assunto e tamb\u00e9m das vantagens da energia solar fotovoltaica em resid\u00eancias e empreendimentos comerciais.<\/p>\n<p><iframe loading=\"lazy\" title=\"Energia Solar x Taxa do Sol: como solucionar ?\" width=\"1290\" height=\"726\" src=\"https:\/\/www.youtube.com\/embed\/GyMQv6uL6xE?feature=oembed\" frameborder=\"0\" allow=\"accelerometer; autoplay; clipboard-write; encrypted-media; gyroscope; picture-in-picture; web-share\" referrerpolicy=\"strict-origin-when-cross-origin\" allowfullscreen><\/iframe><\/p>\n<p>Fonte: <span style=\"color: #0000ff;\">clickpetroleoegas.com.br<\/span><\/p>\n","protected":false},"excerpt":{"rendered":"<p>Lei de \u201dTaxa\u00e7\u00e3o do Sol\u201d se refere ao pagamento do Fio B De acordo com informa\u00e7\u00f5es, \u00e9 necess\u00e1rio ter seu projeto planejado por uma equipe qualificada e composta por montadores t\u00e9cnicos, engenheiros el\u00e9tricos e por profissionais especializados no processo de financiamento, para mitigar o valor de instala\u00e7\u00e3o. Amplamente discutida no Congresso Nacional e tamb\u00e9m em [&hellip;]<\/p>\n","protected":false},"author":1,"featured_media":20346,"comment_status":"open","ping_status":"open","sticky":false,"template":"","format":"standard","meta":{"_uag_custom_page_level_css":"","footnotes":""},"categories":[29,12594],"tags":[24443,24442,11519,24441],"class_list":["post-20345","post","type-post","status-publish","format-standard","has-post-thumbnail","hentry","category-energia","category-tv-da-construcao-civil","tag-bluesol","tag-pl-5829-2019","tag-tarifa-de-energia","tag-taxacao-do-sol"],"blocksy_meta":[],"spectra_blocks_featured_image_url":{"thumbnail":{"url":"https:\/\/construcaocivil.siriusmarketingedesign.com.br\/wp-content\/uploads\/2022\/10\/TAXACAO-150x150.jpg","width":150,"height":150},"medium":{"url":"https:\/\/construcaocivil.siriusmarketingedesign.com.br\/wp-content\/uploads\/2022\/10\/TAXACAO-300x169.jpg","width":300,"height":169},"medium_large":{"url":"https:\/\/construcaocivil.siriusmarketingedesign.com.br\/wp-content\/uploads\/2022\/10\/TAXACAO-768x432.jpg","width":768,"height":432},"large":{"url":"https:\/\/construcaocivil.siriusmarketingedesign.com.br\/wp-content\/uploads\/2022\/10\/TAXACAO-1024x576.jpg","width":1024,"height":576},"full":{"url":"https:\/\/construcaocivil.siriusmarketingedesign.com.br\/wp-content\/uploads\/2022\/10\/TAXACAO.jpg","width":1280,"height":720}},"spectra_blocks_author_info":{"display_name":"Jornal da Constru\u00e7\u00e3o Civil","avatar_url":"https:\/\/secure.gravatar.com\/avatar\/973c9774fd44ddaceb026973c4962faa70fc512bc4c9da68e8ebb40fecee6540?s=96&d=mm&r=g","author_link":"https:\/\/construcaocivil.siriusmarketingedesign.com.br\/?author=1","description":"Desde de 2013, levando muitas informa\u00e7\u00f5es, lan\u00e7amentos e produtos de qualidade para toda cadeia produtiva da constru\u00e7\u00e3o. O Futuro da constru\u00e7\u00e3o passa por aqui,"},"uagb_featured_image_src":{"full":["https:\/\/construcaocivil.siriusmarketingedesign.com.br\/wp-content\/uploads\/2022\/10\/TAXACAO.jpg",1280,720,false],"thumbnail":["https:\/\/construcaocivil.siriusmarketingedesign.com.br\/wp-content\/uploads\/2022\/10\/TAXACAO-150x150.jpg",150,150,true],"medium":["https:\/\/construcaocivil.siriusmarketingedesign.com.br\/wp-content\/uploads\/2022\/10\/TAXACAO-300x169.jpg",300,169,true],"medium_large":["https:\/\/construcaocivil.siriusmarketingedesign.com.br\/wp-content\/uploads\/2022\/10\/TAXACAO-768x432.jpg",768,432,true],"large":["https:\/\/construcaocivil.siriusmarketingedesign.com.br\/wp-content\/uploads\/2022\/10\/TAXACAO-1024x576.jpg",1024,576,true],"1536x1536":["https:\/\/construcaocivil.siriusmarketingedesign.com.br\/wp-content\/uploads\/2022\/10\/TAXACAO.jpg",1280,720,false],"2048x2048":["https:\/\/construcaocivil.siriusmarketingedesign.com.br\/wp-content\/uploads\/2022\/10\/TAXACAO.jpg",1280,720,false]},"uagb_author_info":{"display_name":"Jornal da Constru\u00e7\u00e3o Civil","author_link":"https:\/\/construcaocivil.siriusmarketingedesign.com.br\/?author=1"},"uagb_comment_info":0,"uagb_excerpt":"Lei de \u201dTaxa\u00e7\u00e3o do Sol\u201d se refere ao pagamento do Fio B De acordo com informa\u00e7\u00f5es, \u00e9 necess\u00e1rio ter seu projeto planejado por uma equipe qualificada e composta por montadores t\u00e9cnicos, engenheiros el\u00e9tricos e por profissionais especializados no processo de financiamento, para mitigar o valor de instala\u00e7\u00e3o. Amplamente discutida no Congresso Nacional e tamb\u00e9m em&hellip;","_links":{"self":[{"href":"https:\/\/construcaocivil.siriusmarketingedesign.com.br\/index.php?rest_route=\/wp\/v2\/posts\/20345","targetHints":{"allow":["GET"]}}],"collection":[{"href":"https:\/\/construcaocivil.siriusmarketingedesign.com.br\/index.php?rest_route=\/wp\/v2\/posts"}],"about":[{"href":"https:\/\/construcaocivil.siriusmarketingedesign.com.br\/index.php?rest_route=\/wp\/v2\/types\/post"}],"author":[{"embeddable":true,"href":"https:\/\/construcaocivil.siriusmarketingedesign.com.br\/index.php?rest_route=\/wp\/v2\/users\/1"}],"replies":[{"embeddable":true,"href":"https:\/\/construcaocivil.siriusmarketingedesign.com.br\/index.php?rest_route=%2Fwp%2Fv2%2Fcomments&post=20345"}],"version-history":[{"count":0,"href":"https:\/\/construcaocivil.siriusmarketingedesign.com.br\/index.php?rest_route=\/wp\/v2\/posts\/20345\/revisions"}],"wp:featuredmedia":[{"embeddable":true,"href":"https:\/\/construcaocivil.siriusmarketingedesign.com.br\/index.php?rest_route=\/wp\/v2\/media\/20346"}],"wp:attachment":[{"href":"https:\/\/construcaocivil.siriusmarketingedesign.com.br\/index.php?rest_route=%2Fwp%2Fv2%2Fmedia&parent=20345"}],"wp:term":[{"taxonomy":"category","embeddable":true,"href":"https:\/\/construcaocivil.siriusmarketingedesign.com.br\/index.php?rest_route=%2Fwp%2Fv2%2Fcategories&post=20345"},{"taxonomy":"post_tag","embeddable":true,"href":"https:\/\/construcaocivil.siriusmarketingedesign.com.br\/index.php?rest_route=%2Fwp%2Fv2%2Ftags&post=20345"}],"curies":[{"name":"wp","href":"https:\/\/api.w.org\/{rel}","templated":true}]}}