{"id":20349,"date":"2022-10-31T18:16:44","date_gmt":"2022-10-31T21:16:44","guid":{"rendered":"https:\/\/www.jornaldaconstrucaocivil.com.br\/?p=20349"},"modified":"2022-10-31T23:56:26","modified_gmt":"2022-11-01T02:56:26","slug":"democracia-e-meio-ambiente-lula-conversa-com-o-presidente-dos-estados-unidos","status":"publish","type":"post","link":"https:\/\/construcaocivil.siriusmarketingedesign.com.br\/?p=20349","title":{"rendered":"Democracia e Meio Ambiente: Lula conversa com o presidente dos Estados Unidos"},"content":{"rendered":"<p>O presidente eleito, Luiz In\u00e1cio Lula da Silva, conversou por telefone com o presidente dos Estados Unidos, Joe Biden, na tarde desta segunda-feira (31\/10). Na conversa que durou 20 minutos, os dois presidentes trataram de temas essenciais, como a import\u00e2ncia da democracia, da preserva\u00e7\u00e3o do meio ambiente e sobre com ampliar a coopera\u00e7\u00e3o entre os dois pa\u00edses.<\/p>\n<p>Na noite de domingo, ap\u00f3s o resultado das elei\u00e7\u00f5es e a divulga\u00e7\u00e3o pelo Tribunal Superior Eleitoral (TSE), o presidente norte-americano j\u00e1 havia parabenizado Lula pela vit\u00f3ria, por meio das redes sociais. No Twitter oficial, o presidente escreveu: \u201cEnvio os parab\u00e9ns a Luiz In\u00e1cio Lula da Silva pela vit\u00f3ria em uma elei\u00e7\u00e3o livre, justa e digna de confian\u00e7a. Espero que possamos trabalhar juntos e manter a coopera\u00e7\u00e3o entre nossos dois pa\u00edses nos pr\u00f3ximos meses e anos que vir\u00e3o pela frente\u201d<\/p>\n<p>Fonte: <span style=\"text-decoration: underline;\"><span style=\"color: #0000ff; text-decoration: underline;\">lula.com.br<\/span><\/span><\/p>\n","protected":false},"excerpt":{"rendered":"<p>O presidente eleito, Luiz In\u00e1cio Lula da Silva, conversou por telefone com o presidente dos Estados Unidos, Joe Biden, na tarde desta segunda-feira (31\/10). Na conversa que durou 20 minutos, os dois presidentes trataram de temas essenciais, como a import\u00e2ncia da democracia, da preserva\u00e7\u00e3o do meio ambiente e sobre com ampliar a coopera\u00e7\u00e3o entre os [&hellip;]<\/p>\n","protected":false},"author":1,"featured_media":20351,"comment_status":"open","ping_status":"open","sticky":false,"template":"","format":"standard","meta":{"_uag_custom_page_level_css":"","footnotes":""},"categories":[27],"tags":[24446,3434,24447,7438,24445,24444],"class_list":["post-20349","post","type-post","status-publish","format-standard","has-post-thumbnail","hentry","category-acontece","tag-brasil-x-eua-comercio-internacional","tag-democracia","tag-infraestrutura-e-energia","tag-meio-ambiente","tag-presidente-joe-biden","tag-presidente-lula"],"blocksy_meta":[],"spectra_blocks_featured_image_url":{"thumbnail":{"url":"https:\/\/construcaocivil.siriusmarketingedesign.com.br\/wp-content\/uploads\/2022\/10\/LULA-BIDEN-150x150.jpg","width":150,"height":150},"medium":{"url":"https:\/\/construcaocivil.siriusmarketingedesign.com.br\/wp-content\/uploads\/2022\/10\/LULA-BIDEN-300x180.jpg","width":300,"height":180},"medium_large":{"url":"https:\/\/construcaocivil.siriusmarketingedesign.com.br\/wp-content\/uploads\/2022\/10\/LULA-BIDEN-768x461.jpg","width":768,"height":461},"large":{"url":"https:\/\/construcaocivil.siriusmarketingedesign.com.br\/wp-content\/uploads\/2022\/10\/LULA-BIDEN-1024x614.jpg","width":1024,"height":614},"full":{"url":"https:\/\/construcaocivil.siriusmarketingedesign.com.br\/wp-content\/uploads\/2022\/10\/LULA-BIDEN.jpg","width":1200,"height":720}},"spectra_blocks_author_info":{"display_name":"Jornal da Constru\u00e7\u00e3o Civil","avatar_url":"https:\/\/secure.gravatar.com\/avatar\/973c9774fd44ddaceb026973c4962faa70fc512bc4c9da68e8ebb40fecee6540?s=96&d=mm&r=g","author_link":"https:\/\/construcaocivil.siriusmarketingedesign.com.br\/?author=1","description":"Desde de 2013, levando muitas informa\u00e7\u00f5es, lan\u00e7amentos e produtos de qualidade para toda cadeia produtiva da constru\u00e7\u00e3o. O Futuro da constru\u00e7\u00e3o passa por aqui,"},"uagb_featured_image_src":{"full":["https:\/\/construcaocivil.siriusmarketingedesign.com.br\/wp-content\/uploads\/2022\/10\/LULA-BIDEN.jpg",1200,720,false],"thumbnail":["https:\/\/construcaocivil.siriusmarketingedesign.com.br\/wp-content\/uploads\/2022\/10\/LULA-BIDEN-150x150.jpg",150,150,true],"medium":["https:\/\/construcaocivil.siriusmarketingedesign.com.br\/wp-content\/uploads\/2022\/10\/LULA-BIDEN-300x180.jpg",300,180,true],"medium_large":["https:\/\/construcaocivil.siriusmarketingedesign.com.br\/wp-content\/uploads\/2022\/10\/LULA-BIDEN-768x461.jpg",768,461,true],"large":["https:\/\/construcaocivil.siriusmarketingedesign.com.br\/wp-content\/uploads\/2022\/10\/LULA-BIDEN-1024x614.jpg",1024,614,true],"1536x1536":["https:\/\/construcaocivil.siriusmarketingedesign.com.br\/wp-content\/uploads\/2022\/10\/LULA-BIDEN.jpg",1200,720,false],"2048x2048":["https:\/\/construcaocivil.siriusmarketingedesign.com.br\/wp-content\/uploads\/2022\/10\/LULA-BIDEN.jpg",1200,720,false]},"uagb_author_info":{"display_name":"Jornal da Constru\u00e7\u00e3o Civil","author_link":"https:\/\/construcaocivil.siriusmarketingedesign.com.br\/?author=1"},"uagb_comment_info":0,"uagb_excerpt":"O presidente eleito, Luiz In\u00e1cio Lula da Silva, conversou por telefone com o presidente dos Estados Unidos, Joe Biden, na tarde desta segunda-feira (31\/10). Na conversa que durou 20 minutos, os dois presidentes trataram de temas essenciais, como a import\u00e2ncia da democracia, da preserva\u00e7\u00e3o do meio ambiente e sobre com ampliar a coopera\u00e7\u00e3o entre os&hellip;","_links":{"self":[{"href":"https:\/\/construcaocivil.siriusmarketingedesign.com.br\/index.php?rest_route=\/wp\/v2\/posts\/20349","targetHints":{"allow":["GET"]}}],"collection":[{"href":"https:\/\/construcaocivil.siriusmarketingedesign.com.br\/index.php?rest_route=\/wp\/v2\/posts"}],"about":[{"href":"https:\/\/construcaocivil.siriusmarketingedesign.com.br\/index.php?rest_route=\/wp\/v2\/types\/post"}],"author":[{"embeddable":true,"href":"https:\/\/construcaocivil.siriusmarketingedesign.com.br\/index.php?rest_route=\/wp\/v2\/users\/1"}],"replies":[{"embeddable":true,"href":"https:\/\/construcaocivil.siriusmarketingedesign.com.br\/index.php?rest_route=%2Fwp%2Fv2%2Fcomments&post=20349"}],"version-history":[{"count":0,"href":"https:\/\/construcaocivil.siriusmarketingedesign.com.br\/index.php?rest_route=\/wp\/v2\/posts\/20349\/revisions"}],"wp:featuredmedia":[{"embeddable":true,"href":"https:\/\/construcaocivil.siriusmarketingedesign.com.br\/index.php?rest_route=\/wp\/v2\/media\/20351"}],"wp:attachment":[{"href":"https:\/\/construcaocivil.siriusmarketingedesign.com.br\/index.php?rest_route=%2Fwp%2Fv2%2Fmedia&parent=20349"}],"wp:term":[{"taxonomy":"category","embeddable":true,"href":"https:\/\/construcaocivil.siriusmarketingedesign.com.br\/index.php?rest_route=%2Fwp%2Fv2%2Fcategories&post=20349"},{"taxonomy":"post_tag","embeddable":true,"href":"https:\/\/construcaocivil.siriusmarketingedesign.com.br\/index.php?rest_route=%2Fwp%2Fv2%2Ftags&post=20349"}],"curies":[{"name":"wp","href":"https:\/\/api.w.org\/{rel}","templated":true}]}}