{"id":20362,"date":"2022-11-02T10:35:03","date_gmt":"2022-11-02T13:35:03","guid":{"rendered":"https:\/\/www.jornaldaconstrucaocivil.com.br\/?p=20362"},"modified":"2022-11-02T10:35:03","modified_gmt":"2022-11-02T13:35:03","slug":"confea-elege-nesta-quinta-feira-3-representante-da-engenharia-civil-no-rio-de-janeiro","status":"publish","type":"post","link":"https:\/\/construcaocivil.siriusmarketingedesign.com.br\/?p=20362","title":{"rendered":"Confea elege nesta quinta-feira (3) representante da Engenharia Civil no Rio de Janeiro"},"content":{"rendered":"<p>O Conselho Federal de Engenharia e Agronomia (Confea) vai eleger nesta quinta-feira, dia 3, o representante do Rio de Janeiro e seu suplente, na modalidade Engenharia Civil. A vota\u00e7\u00e3o ser\u00e1 feita de forma exclusivamente eletr\u00f4nica, pela internet.<br \/>\nO Conselheiro Federal e seu suplente ser\u00e3o eleitos para o mandato de 1\u00ba de janeiro de 2023 a 31 de dezembro de 2025. A vota\u00e7\u00e3o, no caso do Rio de Janeiro, \u00e9 para o representante da Engenharia Civil, mas todos os engenheiros, de todas as modalidades, devem votar.<br \/>\nO sistema de vota\u00e7\u00e3o eletr\u00f4nica estar\u00e1 aberto no dia 3, das 8h \u00e0s 19h, no hor\u00e1rio oficial de Bras\u00edlia. A Comiss\u00e3o Eleitoral Federal ter\u00e1, ent\u00e3o, at\u00e9 o dia 11 de novembro para consolidar as informa\u00e7\u00f5es, encaminhando ao Plen\u00e1rio do Confea a proposta de homologa\u00e7\u00e3o das Elei\u00e7\u00f5es 2022. O Plen\u00e1rio, por sua vez, ter\u00e1 at\u00e9 25 de novembro para homologar o resultado. A divulga\u00e7\u00e3o oficial dos eleitos est\u00e1 prevista para o dia 28.<br \/>\nO Plen\u00e1rio do Confea \u00e9 composto por 18 Conselheiros Federais, representantes dos grupos profissionais e das institui\u00e7\u00f5es de ensino superior eleitos nas Unidades Federativas, em forma de rod\u00edzio. Renova-se anualmente pelo ter\u00e7o de seus membros. Esse rod\u00edzio \u00e9 disciplinado por uma Tabela de Sucessividade de Estados e Modalidades (chamada Rosa dos Ventos). No Sistema Confea\/Crea e M\u00fatua, as elei\u00e7\u00f5es para os cargos de presidente e de conselheiros federais s\u00e3o regulamentadas pela Resolu\u00e7\u00e3o n\u00ba 1.114, de 2019.<br \/>\nConhe\u00e7a os candidatos (as), seus perfis e suas propostas\u00a0<a href=\"https:\/\/s2211.imxsnd06.com\/link.php?code=bDpodHRwcyUzQSUyRiUyRnd3dy5jcmVhLXJqLm9yZy5iciUyRmNlciUyRmNhbmRpZGF0b3M6NzU3MjM2MTg3OnJlZGFjYW9Aam9ybmFsZGFjb25zdHJ1Y2FvY2l2aWwuY29tLmJyOmI0MDZlMToyYg==\" target=\"_blank\" rel=\"noopener noreferrer\">no site do Crea-RJ<\/a>.<br \/>\nPara votar acesse\u00a0o<a href=\"https:\/\/s2211.imxsnd06.com\/link.php?code=bDpodHRwcyUzQSUyRiUyRnd3dy52b3RhY29uZmVhLmNvbS5icjo3NTcyMzYxODc6cmVkYWNhb0Bqb3JuYWxkYWNvbnN0cnVjYW9jaXZpbC5jb20uYnI6Y2MxNDAxOjJi\" target=\"_blank\" rel=\"noopener noreferrer\">\u00a0site do Confea<\/a>,\u00a0em seguida voc\u00ea ir\u00e1 selecionar o estado e logo ver\u00e1 os candidatos ao pleito. Depois, clique no \u00edcone cadastrar para aparecer a op\u00e7\u00e3o de identifica\u00e7\u00e3o e digite seu CPF. Logo, aparecer\u00e1 a op\u00e7\u00e3o de como voc\u00ea quer que seu PIN seja autenticado. Com isso, voc\u00ea ir\u00e1 receber o PIN por e-mail ou SMS. Ap\u00f3s a confirma\u00e7\u00e3o, voc\u00ea ser\u00e1 liberado para cadastrar sua senha para vota\u00e7\u00e3o. E, por \u00faltimo, voc\u00ea receber\u00e1 sua senha e estar\u00e1 apto a votar.<\/p>\n<p>Entenda melhor o funcionamento das elei\u00e7\u00f5es do Sistema Confea\/Crea\u00a0<a href=\"https:\/\/s2211.imxsnd06.com\/link.php?code=bDpodHRwcyUzQSUyRiUyRnd3dy5jb25mZWEub3JnLmJyJTJGZnVuY2lvbmFtZW50byUyRmVsZWljb2VzJTJGMjAyMjo3NTcyMzYxODc6cmVkYWNhb0Bqb3JuYWxkYWNvbnN0cnVjYW9jaXZpbC5jb20uYnI6N2Q5ZjZjOjJi\" target=\"_blank\" rel=\"noopener noreferrer\"><span style=\"color: #0000ff;\">neste<\/span> <span style=\"color: #0000ff;\">site<\/span><\/a>.<br \/>\nOs cargos de Conselheiros Federais em disputa nas Elei\u00e7\u00f5es 2022 do Sistema Confea\/Crea s\u00e3o os seguintes:<\/p>\n<p>&#8211; Acre: representante da modalidade Industrial<br \/>\n&#8211; Alagoas: representante do grupo\/modalidade Agronomia<br \/>\n&#8211; Amap\u00e1: representante da modalidade El\u00e9trica<br \/>\n<strong>&#8211; Rio de Janeiro: representante da modalidade de Engenharia Civil<\/strong><br \/>\n&#8211; Rond\u00f4nia: representante da modalidade Engenharia Civil<br \/>\n&#8211; Sergipe: representante da modalidade Engenharia El\u00e9trica<\/p>\n<p>&nbsp;<\/p>\n","protected":false},"excerpt":{"rendered":"<p>O Conselho Federal de Engenharia e Agronomia (Confea) vai eleger nesta quinta-feira, dia 3, o representante do Rio de Janeiro e seu suplente, na modalidade Engenharia Civil. A vota\u00e7\u00e3o ser\u00e1 feita de forma exclusivamente eletr\u00f4nica, pela internet. O Conselheiro Federal e seu suplente ser\u00e3o eleitos para o mandato de 1\u00ba de janeiro de 2023 a [&hellip;]<\/p>\n","protected":false},"author":1,"featured_media":20363,"comment_status":"open","ping_status":"open","sticky":false,"template":"","format":"standard","meta":{"_uag_custom_page_level_css":"","footnotes":""},"categories":[27],"tags":[15123,3143,4341],"class_list":["post-20362","post","type-post","status-publish","format-standard","has-post-thumbnail","hentry","category-acontece","tag-confea","tag-crea-rj","tag-engenharia-civil"],"blocksy_meta":[],"spectra_blocks_featured_image_url":{"thumbnail":{"url":"https:\/\/construcaocivil.siriusmarketingedesign.com.br\/wp-content\/uploads\/2022\/11\/6054a032d2c1c-150x150.png","width":150,"height":150},"medium":{"url":"https:\/\/construcaocivil.siriusmarketingedesign.com.br\/wp-content\/uploads\/2022\/11\/6054a032d2c1c-300x85.png","width":300,"height":85},"medium_large":{"url":"https:\/\/construcaocivil.siriusmarketingedesign.com.br\/wp-content\/uploads\/2022\/11\/6054a032d2c1c-768x218.png","width":768,"height":218},"large":{"url":"https:\/\/construcaocivil.siriusmarketingedesign.com.br\/wp-content\/uploads\/2022\/11\/6054a032d2c1c-1024x290.png","width":1024,"height":290},"full":{"url":"https:\/\/construcaocivil.siriusmarketingedesign.com.br\/wp-content\/uploads\/2022\/11\/6054a032d2c1c.png","width":1128,"height":320}},"spectra_blocks_author_info":{"display_name":"Jornal da Constru\u00e7\u00e3o Civil","avatar_url":"https:\/\/secure.gravatar.com\/avatar\/973c9774fd44ddaceb026973c4962faa70fc512bc4c9da68e8ebb40fecee6540?s=96&d=mm&r=g","author_link":"https:\/\/construcaocivil.siriusmarketingedesign.com.br\/?author=1","description":"Desde de 2013, levando muitas informa\u00e7\u00f5es, lan\u00e7amentos e produtos de qualidade para toda cadeia produtiva da constru\u00e7\u00e3o. O Futuro da constru\u00e7\u00e3o passa por aqui,"},"uagb_featured_image_src":{"full":["https:\/\/construcaocivil.siriusmarketingedesign.com.br\/wp-content\/uploads\/2022\/11\/6054a032d2c1c.png",1128,320,false],"thumbnail":["https:\/\/construcaocivil.siriusmarketingedesign.com.br\/wp-content\/uploads\/2022\/11\/6054a032d2c1c-150x150.png",150,150,true],"medium":["https:\/\/construcaocivil.siriusmarketingedesign.com.br\/wp-content\/uploads\/2022\/11\/6054a032d2c1c-300x85.png",300,85,true],"medium_large":["https:\/\/construcaocivil.siriusmarketingedesign.com.br\/wp-content\/uploads\/2022\/11\/6054a032d2c1c-768x218.png",768,218,true],"large":["https:\/\/construcaocivil.siriusmarketingedesign.com.br\/wp-content\/uploads\/2022\/11\/6054a032d2c1c-1024x290.png",1024,290,true],"1536x1536":["https:\/\/construcaocivil.siriusmarketingedesign.com.br\/wp-content\/uploads\/2022\/11\/6054a032d2c1c.png",1128,320,false],"2048x2048":["https:\/\/construcaocivil.siriusmarketingedesign.com.br\/wp-content\/uploads\/2022\/11\/6054a032d2c1c.png",1128,320,false]},"uagb_author_info":{"display_name":"Jornal da Constru\u00e7\u00e3o Civil","author_link":"https:\/\/construcaocivil.siriusmarketingedesign.com.br\/?author=1"},"uagb_comment_info":0,"uagb_excerpt":"O Conselho Federal de Engenharia e Agronomia (Confea) vai eleger nesta quinta-feira, dia 3, o representante do Rio de Janeiro e seu suplente, na modalidade Engenharia Civil. A vota\u00e7\u00e3o ser\u00e1 feita de forma exclusivamente eletr\u00f4nica, pela internet. O Conselheiro Federal e seu suplente ser\u00e3o eleitos para o mandato de 1\u00ba de janeiro de 2023 a&hellip;","_links":{"self":[{"href":"https:\/\/construcaocivil.siriusmarketingedesign.com.br\/index.php?rest_route=\/wp\/v2\/posts\/20362","targetHints":{"allow":["GET"]}}],"collection":[{"href":"https:\/\/construcaocivil.siriusmarketingedesign.com.br\/index.php?rest_route=\/wp\/v2\/posts"}],"about":[{"href":"https:\/\/construcaocivil.siriusmarketingedesign.com.br\/index.php?rest_route=\/wp\/v2\/types\/post"}],"author":[{"embeddable":true,"href":"https:\/\/construcaocivil.siriusmarketingedesign.com.br\/index.php?rest_route=\/wp\/v2\/users\/1"}],"replies":[{"embeddable":true,"href":"https:\/\/construcaocivil.siriusmarketingedesign.com.br\/index.php?rest_route=%2Fwp%2Fv2%2Fcomments&post=20362"}],"version-history":[{"count":0,"href":"https:\/\/construcaocivil.siriusmarketingedesign.com.br\/index.php?rest_route=\/wp\/v2\/posts\/20362\/revisions"}],"wp:featuredmedia":[{"embeddable":true,"href":"https:\/\/construcaocivil.siriusmarketingedesign.com.br\/index.php?rest_route=\/wp\/v2\/media\/20363"}],"wp:attachment":[{"href":"https:\/\/construcaocivil.siriusmarketingedesign.com.br\/index.php?rest_route=%2Fwp%2Fv2%2Fmedia&parent=20362"}],"wp:term":[{"taxonomy":"category","embeddable":true,"href":"https:\/\/construcaocivil.siriusmarketingedesign.com.br\/index.php?rest_route=%2Fwp%2Fv2%2Fcategories&post=20362"},{"taxonomy":"post_tag","embeddable":true,"href":"https:\/\/construcaocivil.siriusmarketingedesign.com.br\/index.php?rest_route=%2Fwp%2Fv2%2Ftags&post=20362"}],"curies":[{"name":"wp","href":"https:\/\/api.w.org\/{rel}","templated":true}]}}