{"id":20365,"date":"2022-11-02T10:48:06","date_gmt":"2022-11-02T13:48:06","guid":{"rendered":"https:\/\/www.jornaldaconstrucaocivil.com.br\/?p=20365"},"modified":"2022-11-02T10:48:06","modified_gmt":"2022-11-02T13:48:06","slug":"dia-do-profissional-da-construcao-a-importancia-de-quem-constroi-o-pais","status":"publish","type":"post","link":"https:\/\/construcaocivil.siriusmarketingedesign.com.br\/?p=20365","title":{"rendered":"Dia do Profissional da Constru\u00e7\u00e3o: a import\u00e2ncia de quem constr\u00f3i o pa\u00eds"},"content":{"rendered":"<p><i><strong>* Joana Kfuri<\/strong><\/i><\/p>\n<p>Segundo setor da ind\u00fastria que mais cresce no Brasil, a constru\u00e7\u00e3o civil registrou alta de 2,7% no segundo trimestre de 2022, em rela\u00e7\u00e3o ao primeiro trimestre do ano, de acordo com dados do IBGE. Se a compara\u00e7\u00e3o for feita com 2021, os n\u00fameros s\u00e3o ainda mais animadores: alta de 9,5% nos primeiros seis meses, enquanto o pa\u00eds cresceu 2,5% no mesmo per\u00edodo.<\/p>\n<p>A recupera\u00e7\u00e3o do setor pode ser vista tamb\u00e9m pelo ponto de vista do mercado de trabalho, j\u00e1 que 430 mil novas vagas com carteira assinada, segundo o Caged, foram geradas entre mar\u00e7o de 2020 e maio de 2022, per\u00edodo que sucedeu o auge da pandemia da Covid-19. E \u00e9 esse aspecto que merece a maior comemora\u00e7\u00e3o, afinal s\u00e3o esses profissionais os que mais sentiram os efeitos dos tempos dif\u00edceis que o mundo viveu.<\/p>\n<p>Al\u00e9m de celebrar os dados positivos, outubro \u00e9 tamb\u00e9m a oportunidade ideal para celebrar, homenagear e, acima de tudo, agradecer aos profissionais que sustentam a constru\u00e7\u00e3o civil &#8212; em tempos de otimismo ou pessimismo. S\u00e3o eles que colocam o pa\u00eds de p\u00e9, que movimentam a cadeia produtiva respons\u00e1vel por impulsionar toda a economia. S\u00e3o eles que realizam muitos dos nossos sonhos.<\/p>\n<p>Voc\u00ea j\u00e1 parou para pensar quantos trabalhadores s\u00e3o necess\u00e1rios para a execu\u00e7\u00e3o de um pr\u00e9dio, por exemplo? Embora os pedreiros e os engenheiros sejam os mais lembrados, a lista \u00e9 extensa: s\u00e3o encanadores, azulejistas, gesseiros, eletricistas, pintores, soldadores, serralheiros, instaladores, marceneiros, mestres de obras, entre tantos outros.<br \/>\nEsses trabalhadores, homens e mulheres, deixam suas fam\u00edlias todos os dias para construir casas, edif\u00edcios e estradas. S\u00f3 quem vive no meio da constru\u00e7\u00e3o civil sabe qu\u00e3o necess\u00e1rio \u00e9 ter coragem, for\u00e7a e muito jogo de cintura para trabalhar nessa \u00e1rea, pois os prazos s\u00e3o curtos e a press\u00e3o e a exig\u00eancia s\u00e3o enormes. Sem falar nos dias de chuva ou sol forte, nos trabalhos madrugada adentro, nas condi\u00e7\u00f5es prec\u00e1rias e nos in\u00fameros riscos do dia a dia de um canteiro de obras. Tudo para garantir que as constru\u00e7\u00f5es essenciais estejam \u00e0 disposi\u00e7\u00e3o da sociedade.<br \/>\nNesta quarta-feira, 26 de outubro, Dia do Profissional da Constru\u00e7\u00e3o Civil, n\u00f3s, da IRWIN, temos o orgulho de refor\u00e7ar a parceria com esses trabalhadores. Parceria essa j\u00e1 antiga, alicer\u00e7ada em muita confian\u00e7a e no compromisso di\u00e1rio de desenvolver e fornecer a eles ferramentas capazes de garantir efici\u00eancia e seguran\u00e7a, de tornar o dia a dia mais f\u00e1cil e produtivo. A voc\u00ea, profissional da constru\u00e7\u00e3o civil, deixamos a nossa homenagem e o nosso muito obrigado!<br \/>\n<strong>*\u00a0<\/strong><i><strong>Joana Kfuri<\/strong><\/i><strong>\u00a0\u00e9 Gerente de Marca da IRWIN,<\/strong>\u00a0empresa que conta com ferramentas manuais, acess\u00f3rios para ferramentas el\u00e9tricas e acess\u00f3rios para profissionais, especialmente desenvolvidos para atender \u00e0s necessidades de trabalhadores das \u00e1reas da constru\u00e7\u00e3o civil.<\/p>\n","protected":false},"excerpt":{"rendered":"<p>* Joana Kfuri Segundo setor da ind\u00fastria que mais cresce no Brasil, a constru\u00e7\u00e3o civil registrou alta de 2,7% no segundo trimestre de 2022, em rela\u00e7\u00e3o ao primeiro trimestre do ano, de acordo com dados do IBGE. Se a compara\u00e7\u00e3o for feita com 2021, os n\u00fameros s\u00e3o ainda mais animadores: alta de 9,5% nos primeiros [&hellip;]<\/p>\n","protected":false},"author":1,"featured_media":20366,"comment_status":"open","ping_status":"open","sticky":false,"template":"","format":"standard","meta":{"_uag_custom_page_level_css":"","footnotes":""},"categories":[27],"tags":[3613,6096,24453,24454],"class_list":["post-20365","post","type-post","status-publish","format-standard","has-post-thumbnail","hentry","category-acontece","tag-dia-do-profissional-da-construcao-civil","tag-infraestrutura","tag-irwin-ferramentas-para-construcao","tag-valorizacao-do-profissional-da-construcao"],"blocksy_meta":[],"spectra_blocks_featured_image_url":{"thumbnail":{"url":"https:\/\/construcaocivil.siriusmarketingedesign.com.br\/wp-content\/uploads\/2022\/11\/IMG_20211204_122610_2-150x150.jpg","width":150,"height":150},"medium":{"url":"https:\/\/construcaocivil.siriusmarketingedesign.com.br\/wp-content\/uploads\/2022\/11\/IMG_20211204_122610_2-154x300.jpg","width":154,"height":300},"medium_large":{"url":"https:\/\/construcaocivil.siriusmarketingedesign.com.br\/wp-content\/uploads\/2022\/11\/IMG_20211204_122610_2-768x1492.jpg","width":768,"height":1492},"large":{"url":"https:\/\/construcaocivil.siriusmarketingedesign.com.br\/wp-content\/uploads\/2022\/11\/IMG_20211204_122610_2-527x1024.jpg","width":527,"height":1024},"full":{"url":"https:\/\/construcaocivil.siriusmarketingedesign.com.br\/wp-content\/uploads\/2022\/11\/IMG_20211204_122610_2-scaled.jpg","width":1318,"height":2560}},"spectra_blocks_author_info":{"display_name":"Jornal da Constru\u00e7\u00e3o Civil","avatar_url":"https:\/\/secure.gravatar.com\/avatar\/973c9774fd44ddaceb026973c4962faa70fc512bc4c9da68e8ebb40fecee6540?s=96&d=mm&r=g","author_link":"https:\/\/construcaocivil.siriusmarketingedesign.com.br\/?author=1","description":"Desde de 2013, levando muitas informa\u00e7\u00f5es, lan\u00e7amentos e produtos de qualidade para toda cadeia produtiva da constru\u00e7\u00e3o. O Futuro da constru\u00e7\u00e3o passa por aqui,"},"uagb_featured_image_src":{"full":["https:\/\/construcaocivil.siriusmarketingedesign.com.br\/wp-content\/uploads\/2022\/11\/IMG_20211204_122610_2-scaled.jpg",1318,2560,false],"thumbnail":["https:\/\/construcaocivil.siriusmarketingedesign.com.br\/wp-content\/uploads\/2022\/11\/IMG_20211204_122610_2-150x150.jpg",150,150,true],"medium":["https:\/\/construcaocivil.siriusmarketingedesign.com.br\/wp-content\/uploads\/2022\/11\/IMG_20211204_122610_2-154x300.jpg",154,300,true],"medium_large":["https:\/\/construcaocivil.siriusmarketingedesign.com.br\/wp-content\/uploads\/2022\/11\/IMG_20211204_122610_2-768x1492.jpg",768,1492,true],"large":["https:\/\/construcaocivil.siriusmarketingedesign.com.br\/wp-content\/uploads\/2022\/11\/IMG_20211204_122610_2-527x1024.jpg",527,1024,true],"1536x1536":["https:\/\/construcaocivil.siriusmarketingedesign.com.br\/wp-content\/uploads\/2022\/11\/IMG_20211204_122610_2-791x1536.jpg",791,1536,true],"2048x2048":["https:\/\/construcaocivil.siriusmarketingedesign.com.br\/wp-content\/uploads\/2022\/11\/IMG_20211204_122610_2-1054x2048.jpg",1054,2048,true]},"uagb_author_info":{"display_name":"Jornal da Constru\u00e7\u00e3o Civil","author_link":"https:\/\/construcaocivil.siriusmarketingedesign.com.br\/?author=1"},"uagb_comment_info":0,"uagb_excerpt":"* Joana Kfuri Segundo setor da ind\u00fastria que mais cresce no Brasil, a constru\u00e7\u00e3o civil registrou alta de 2,7% no segundo trimestre de 2022, em rela\u00e7\u00e3o ao primeiro trimestre do ano, de acordo com dados do IBGE. Se a compara\u00e7\u00e3o for feita com 2021, os n\u00fameros s\u00e3o ainda mais animadores: alta de 9,5% nos primeiros&hellip;","_links":{"self":[{"href":"https:\/\/construcaocivil.siriusmarketingedesign.com.br\/index.php?rest_route=\/wp\/v2\/posts\/20365","targetHints":{"allow":["GET"]}}],"collection":[{"href":"https:\/\/construcaocivil.siriusmarketingedesign.com.br\/index.php?rest_route=\/wp\/v2\/posts"}],"about":[{"href":"https:\/\/construcaocivil.siriusmarketingedesign.com.br\/index.php?rest_route=\/wp\/v2\/types\/post"}],"author":[{"embeddable":true,"href":"https:\/\/construcaocivil.siriusmarketingedesign.com.br\/index.php?rest_route=\/wp\/v2\/users\/1"}],"replies":[{"embeddable":true,"href":"https:\/\/construcaocivil.siriusmarketingedesign.com.br\/index.php?rest_route=%2Fwp%2Fv2%2Fcomments&post=20365"}],"version-history":[{"count":0,"href":"https:\/\/construcaocivil.siriusmarketingedesign.com.br\/index.php?rest_route=\/wp\/v2\/posts\/20365\/revisions"}],"wp:featuredmedia":[{"embeddable":true,"href":"https:\/\/construcaocivil.siriusmarketingedesign.com.br\/index.php?rest_route=\/wp\/v2\/media\/20366"}],"wp:attachment":[{"href":"https:\/\/construcaocivil.siriusmarketingedesign.com.br\/index.php?rest_route=%2Fwp%2Fv2%2Fmedia&parent=20365"}],"wp:term":[{"taxonomy":"category","embeddable":true,"href":"https:\/\/construcaocivil.siriusmarketingedesign.com.br\/index.php?rest_route=%2Fwp%2Fv2%2Fcategories&post=20365"},{"taxonomy":"post_tag","embeddable":true,"href":"https:\/\/construcaocivil.siriusmarketingedesign.com.br\/index.php?rest_route=%2Fwp%2Fv2%2Ftags&post=20365"}],"curies":[{"name":"wp","href":"https:\/\/api.w.org\/{rel}","templated":true}]}}