{"id":20374,"date":"2022-11-04T09:29:50","date_gmt":"2022-11-04T12:29:50","guid":{"rendered":"https:\/\/www.jornaldaconstrucaocivil.com.br\/?p=20374"},"modified":"2022-11-04T09:29:50","modified_gmt":"2022-11-04T12:29:50","slug":"alacero-summit-2022-acontece-dias-16-e-17-de-novembro-no-mexico-com-foco-em-inovacao-geopolitica-e-sustentabilidade","status":"publish","type":"post","link":"https:\/\/construcaocivil.siriusmarketingedesign.com.br\/?p=20374","title":{"rendered":"Alacero Summit 2022 acontece dias 16 e 17 de novembro, no M\u00e9xico com foco em inova\u00e7\u00e3o, geopol\u00edtica e sustentabilidade"},"content":{"rendered":"<p class=\"v1ql-align-justify\">Com o intuito de impulsionar as discuss\u00f5es sobre a import\u00e2ncia do setor de a\u00e7o para as economias mundiais e principalmente da Am\u00e9rica Latina, a Alacero, Associa\u00e7\u00e3o Latino-Americana de A\u00e7o, entidade respons\u00e1vel por integrar mais de 95% da cadeia produtora\u00a0 do material na regi\u00e3o, realiza, h\u00e1 mais de 60 anos, o congresso Alacero Summit. A edi\u00e7\u00e3o de 2022 acontece nos dias\u00a0<strong>16 e 17 de\u00a0 novembro, em Monterrey, M\u00e9xico<\/strong>, e espera receber executivos de empresas como ArcelorMittal, DeAcero, Gerdau, Ternium, Autl\u00e1n, Primetals, Enel, Danieli, Russula entre outras. Interessados podem conferir a programa\u00e7\u00e3o completa\u00a0aqui.<\/p>\n<p class=\"v1ql-align-justify\">O evento \u00e9 uma oportunidade para troca de informa\u00e7\u00f5es e construir networking. Na ocasi\u00e3o, ser\u00e3o promovidos debates sobre poss\u00edveis\u00a0 solu\u00e7\u00f5es para os desafios existentes e a troca de experi\u00eancia com os protagonistas da ind\u00fastria &#8211; a exemplo do\u00a0<strong>Gustavo Werneck<\/strong>,\u00a0 presidente da Alacero e CEO da Gerdau, que realizar\u00e1 o encerramento do evento. Para Werneck, &#8220;o Congresso \u00e9 uma oportunidade de\u00a0 ouvir o mercado, especialistas e as empresas que formam nossa cadeia de valor. Podemos absorver as reflex\u00f5es e transcender em a\u00e7\u00f5es\u00a0 concretas. Vimos quanto avan\u00e7o foi feito do \u00faltimo ano para c\u00e1, no qual o foco do Congresso foi a descarboniza\u00e7\u00e3o. Isso s\u00f3 \u00e9 poss\u00edvel\u00a0 com o apoio de toda a cadeia, desde fornecedores at\u00e9 o cliente final&#8221;.<\/p>\n<p class=\"v1ql-align-justify\">Em dois dias de evento, a programa\u00e7\u00e3o conta com painel sobre o\u00a0<strong>Panorama Pol\u00edtico, Social e Econ\u00f4mico\u00a0<\/strong>considerando o contexto\u00a0 mundial p\u00f3s pandemia e a guerra na Ucr\u00e2nia.\u00a0<strong>Cayetana \u00c1lvarez de Toledo<\/strong>, pol\u00edtica e jornalista espanhola, abre o painel seguido por\u00a0\u00a0<strong>Andr\u00e9s Malamud<\/strong>, licenciado em Ci\u00eancias Pol\u00edticas pela Universidade de Buenos Aires. Al\u00e9m disso, o evento inclui palestra sobre as perspectivas da ind\u00fastria como motor de desenvolvimento inclusivo da Am\u00e9rica Latina, com o economista brasileiro\u00a0<strong>Ricardo Sennes\u00a0<\/strong><\/p>\n<p>e o professor mexicano do Centro de Investiga\u00e7\u00e3o e Doc\u00eancia Econ\u00f4micas,\u00a0<strong>Carlos Elizondo<\/strong>.<\/p>\n<p class=\"v1ql-align-justify\">Logo haver\u00e1 um painel sobre\u00a0<strong>Desenvolvimento sustent\u00e1vel: megatend\u00eancias do uso do a\u00e7o na mobilidade e na constru\u00e7\u00e3o<\/strong>. Para falar de mobilidade estar\u00e1\u00a0<strong>Polo Cedillo<\/strong>, CEO do Grupo Proenza e, para a parte de constru\u00e7\u00e3o, o evento contar\u00e1 com a participa\u00e7\u00e3o de\u00a0 dois CEOS de construtechs que v\u00eam ganhando mercado:\u00a0<strong>Lucas Salvatore<\/strong>, CEO da Idero na Argentina e\u00a0<strong>Ricardo Mateus<\/strong>, CEO do Brasil ao Cubo. &#8220;Ser\u00e1 uma honra falar sobre como esse mercado tem crescido. Lembro quando comecei em 2013 que queria construir casas t\u00e3o bem elaboradas quanto a fabrica\u00e7\u00e3o de um carro em sua linha de produ\u00e7\u00e3o. Entregar valor a uma sociedade que tanto anseia por\u00a0 uma moradia sustent\u00e1vel. \u00c9 como ir a uma concession\u00e1ria Brasil ao Cubo e poder trocar a minha casa modelo 2016 por uma do ano de\u00a0 2039 com seus respectivos itens de s\u00e9rie. E isso s\u00f3 \u00e9 poss\u00edvel com o a\u00e7o na estrutura modular&#8221;, comenta Ricardo.<\/p>\n<p class=\"v1ql-align-justify\">O evento contar\u00e1 com a tradicional conversa entre CEOs e chairman do setor\u00a0<strong>&#8220;Di\u00e1logos sobre A\u00e7o&#8221;<\/strong>, com a participa\u00e7\u00e3o de\u00a0<strong>Andr\u00e9 G.\u00a0 Johannpeter\u00a0<\/strong>da Gerdau,\u00a0<strong>M\u00e1ximo Vedoya\u00a0<\/strong>da Ternium e\u00a0<strong>David Gutierrez\u00a0<\/strong>da DeAcero; Para falar sobre atra\u00e7\u00e3o e os desafios de reter\u00a0 colaboradores na ind\u00fastria, estar\u00e1\u00a0<strong>Steve Cadigan<\/strong>, LinkedIn&#8217;s First Chief HR Office e um dos principais palestrantes e assessores do Vale do Sil\u00edcio para em seguida ouvir estudo de casos de toda a cadeia de valor: desde fornecedores como a Vale, as pr\u00f3prias produtoras de a\u00e7o ArcelorMittal, Gerdau, Ternium e DEACERO, at\u00e9 o cliente final com a MABE.<\/p>\n<p class=\"v1ql-align-justify\">O segundo dia ter\u00e1 foco nos temas de sustentabilidade, transi\u00e7\u00e3o da matriz energ\u00e9tica e o convidado experto \u00e9\u00a0<strong>Vijay V. Vaitheeswaran<\/strong>, correspondente do The Economist. Em seguida, a ind\u00fastria latino-americana apresenta casos de como vem trabalhando o tema.\u00a0 Contaremos com\u00a0<strong>Javier\u00a0<\/strong>da Enel Green Power e\u00a0<strong>Eduardo Sattamini<\/strong>, CEO da Engie Energia Brasil. Ainda teremos apresenta\u00e7\u00f5es sobre as tecnologias disruptivas com o\u00a0<strong>Dr. Alexander Fleischander\u00a0<\/strong>da Primetals e\u00a0<strong>Bob Perez\u00a0<\/strong>da Baker Hughes.<\/p>\n<p class=\"v1ql-align-justify\">A ind\u00fastria do a\u00e7o sempre foi protagonista de grandes mudan\u00e7as e resilientes em cada desafio que enfrenta. O setor tem se atualizado\u00a0 constantemente para melhorar seus processos e emitir cada vez menos CO2. &#8220;A Am\u00e9rica Latina possui uma das produ\u00e7\u00f5es de a\u00e7o\u00a0 mais eficientes do mundo. Para cada tonelada de a\u00e7o produzida, as empresas latino-americanas emitem 1,6t CO2, valor inferior \u00e0\u00a0 m\u00e9dia mundial de 1,8 tonelada, segundo Worldsteel. Assim, acredito que iniciativas como o Alacero Summit, que re\u00fane players t\u00e3o\u00a0 importantes, t\u00eam um grande potencial de alavancar cada vez mais um setor t\u00e3o importante para toda a sociedade&#8221;, comenta Alejandro Wagner, diretor executivo da Alacero. Para encerrar o evento haver\u00e1 uma palestra mais inspiradora de\u00a0<strong>Javier G\u00f3mez Santander,\u00a0 co-produtor e roteirista da s\u00e9rie da Netflix, A Casa de Papel<\/strong>.<\/p>\n","protected":false},"excerpt":{"rendered":"<p>Com o intuito de impulsionar as discuss\u00f5es sobre a import\u00e2ncia do setor de a\u00e7o para as economias mundiais e principalmente da Am\u00e9rica Latina, a Alacero, Associa\u00e7\u00e3o Latino-Americana de A\u00e7o, entidade respons\u00e1vel por integrar mais de 95% da cadeia produtora\u00a0 do material na regi\u00e3o, realiza, h\u00e1 mais de 60 anos, o congresso Alacero Summit. A edi\u00e7\u00e3o [&hellip;]<\/p>\n","protected":false},"author":1,"featured_media":20375,"comment_status":"open","ping_status":"open","sticky":false,"template":"","format":"standard","meta":{"_uag_custom_page_level_css":"","footnotes":""},"categories":[33],"tags":[24463,24462,24464,24461],"class_list":["post-20374","post","type-post","status-publish","format-standard","has-post-thumbnail","hentry","category-mercado","tag-aco-e-mercado","tag-alacero-summit-2022","tag-mineracao-e-carbono-zero","tag-monterrey-mexico"],"blocksy_meta":[],"spectra_blocks_featured_image_url":{"thumbnail":{"url":"https:\/\/construcaocivil.siriusmarketingedesign.com.br\/wp-content\/uploads\/2022\/11\/ALACERO-150x150.png","width":150,"height":150},"medium":{"url":"https:\/\/construcaocivil.siriusmarketingedesign.com.br\/wp-content\/uploads\/2022\/11\/ALACERO-300x169.png","width":300,"height":169},"medium_large":{"url":"https:\/\/construcaocivil.siriusmarketingedesign.com.br\/wp-content\/uploads\/2022\/11\/ALACERO-768x431.png","width":768,"height":431},"large":{"url":"https:\/\/construcaocivil.siriusmarketingedesign.com.br\/wp-content\/uploads\/2022\/11\/ALACERO-1024x575.png","width":1024,"height":575},"full":{"url":"https:\/\/construcaocivil.siriusmarketingedesign.com.br\/wp-content\/uploads\/2022\/11\/ALACERO.png","width":3500,"height":1966}},"spectra_blocks_author_info":{"display_name":"Jornal da Constru\u00e7\u00e3o Civil","avatar_url":"https:\/\/secure.gravatar.com\/avatar\/973c9774fd44ddaceb026973c4962faa70fc512bc4c9da68e8ebb40fecee6540?s=96&d=mm&r=g","author_link":"https:\/\/construcaocivil.siriusmarketingedesign.com.br\/?author=1","description":"Desde de 2013, levando muitas informa\u00e7\u00f5es, lan\u00e7amentos e produtos de qualidade para toda cadeia produtiva da constru\u00e7\u00e3o. O Futuro da constru\u00e7\u00e3o passa por aqui,"},"uagb_featured_image_src":{"full":["https:\/\/construcaocivil.siriusmarketingedesign.com.br\/wp-content\/uploads\/2022\/11\/ALACERO.png",3500,1966,false],"thumbnail":["https:\/\/construcaocivil.siriusmarketingedesign.com.br\/wp-content\/uploads\/2022\/11\/ALACERO-150x150.png",150,150,true],"medium":["https:\/\/construcaocivil.siriusmarketingedesign.com.br\/wp-content\/uploads\/2022\/11\/ALACERO-300x169.png",300,169,true],"medium_large":["https:\/\/construcaocivil.siriusmarketingedesign.com.br\/wp-content\/uploads\/2022\/11\/ALACERO-768x431.png",768,431,true],"large":["https:\/\/construcaocivil.siriusmarketingedesign.com.br\/wp-content\/uploads\/2022\/11\/ALACERO-1024x575.png",1024,575,true],"1536x1536":["https:\/\/construcaocivil.siriusmarketingedesign.com.br\/wp-content\/uploads\/2022\/11\/ALACERO-1536x863.png",1536,863,true],"2048x2048":["https:\/\/construcaocivil.siriusmarketingedesign.com.br\/wp-content\/uploads\/2022\/11\/ALACERO-2048x1150.png",2048,1150,true]},"uagb_author_info":{"display_name":"Jornal da Constru\u00e7\u00e3o Civil","author_link":"https:\/\/construcaocivil.siriusmarketingedesign.com.br\/?author=1"},"uagb_comment_info":0,"uagb_excerpt":"Com o intuito de impulsionar as discuss\u00f5es sobre a import\u00e2ncia do setor de a\u00e7o para as economias mundiais e principalmente da Am\u00e9rica Latina, a Alacero, Associa\u00e7\u00e3o Latino-Americana de A\u00e7o, entidade respons\u00e1vel por integrar mais de 95% da cadeia produtora\u00a0 do material na regi\u00e3o, realiza, h\u00e1 mais de 60 anos, o congresso Alacero Summit. A edi\u00e7\u00e3o&hellip;","_links":{"self":[{"href":"https:\/\/construcaocivil.siriusmarketingedesign.com.br\/index.php?rest_route=\/wp\/v2\/posts\/20374","targetHints":{"allow":["GET"]}}],"collection":[{"href":"https:\/\/construcaocivil.siriusmarketingedesign.com.br\/index.php?rest_route=\/wp\/v2\/posts"}],"about":[{"href":"https:\/\/construcaocivil.siriusmarketingedesign.com.br\/index.php?rest_route=\/wp\/v2\/types\/post"}],"author":[{"embeddable":true,"href":"https:\/\/construcaocivil.siriusmarketingedesign.com.br\/index.php?rest_route=\/wp\/v2\/users\/1"}],"replies":[{"embeddable":true,"href":"https:\/\/construcaocivil.siriusmarketingedesign.com.br\/index.php?rest_route=%2Fwp%2Fv2%2Fcomments&post=20374"}],"version-history":[{"count":0,"href":"https:\/\/construcaocivil.siriusmarketingedesign.com.br\/index.php?rest_route=\/wp\/v2\/posts\/20374\/revisions"}],"wp:featuredmedia":[{"embeddable":true,"href":"https:\/\/construcaocivil.siriusmarketingedesign.com.br\/index.php?rest_route=\/wp\/v2\/media\/20375"}],"wp:attachment":[{"href":"https:\/\/construcaocivil.siriusmarketingedesign.com.br\/index.php?rest_route=%2Fwp%2Fv2%2Fmedia&parent=20374"}],"wp:term":[{"taxonomy":"category","embeddable":true,"href":"https:\/\/construcaocivil.siriusmarketingedesign.com.br\/index.php?rest_route=%2Fwp%2Fv2%2Fcategories&post=20374"},{"taxonomy":"post_tag","embeddable":true,"href":"https:\/\/construcaocivil.siriusmarketingedesign.com.br\/index.php?rest_route=%2Fwp%2Fv2%2Ftags&post=20374"}],"curies":[{"name":"wp","href":"https:\/\/api.w.org\/{rel}","templated":true}]}}