{"id":20386,"date":"2022-11-06T18:54:26","date_gmt":"2022-11-06T21:54:26","guid":{"rendered":"https:\/\/www.jornaldaconstrucaocivil.com.br\/?p=20386"},"modified":"2022-11-06T18:54:26","modified_gmt":"2022-11-06T21:54:26","slug":"7-anos-apos-rompimento-de-barragem-em-marianamg-115-pessoas-ja-faleceram-aguardando-a-reconstrucao-de-suas-casas","status":"publish","type":"post","link":"https:\/\/construcaocivil.siriusmarketingedesign.com.br\/?p=20386","title":{"rendered":"7 anos ap\u00f3s rompimento de Barragem em Mariana(MG), 115 pessoas j\u00e1 faleceram aguardando a reconstru\u00e7\u00e3o de suas casas"},"content":{"rendered":"<div class=\"author\"><span style=\"color: #0000ff;\">por\u00a0<a style=\"color: #0000ff;\" href=\"https:\/\/mab.org.br\/autor\/coletivo-nacional-de-comunicacao-do-mab\/\">Coletivo Nacional de Comunica\u00e7\u00e3o do MAB<\/a><\/span><\/div>\n<p style=\"text-align: justify;\">No pr\u00f3ximo dia 05 de novembro, completam-se 7 anos do rompimento da barragem do Fund\u00e3o \u2013 de propriedade da Samarco (Vale \/ BHP Billiton) \u2013 sem que a Funda\u00e7\u00e3o Renova tenha reconstru\u00eddo as casas devastadas pela lama em Mariana (MG) e Barra Longa (MG). Ao todo, das 360 casas que deveriam ter sido entregues, apenas 78 foram finalizadas, de acordo com a Funda\u00e7\u00e3o Renova.<\/p>\n<p>A conclus\u00e3o dos reassentamentos \u00e9 hoje uma das principais reivindica\u00e7\u00f5es dos moradores da Bacia do Rio Doce, que se organizam no territ\u00f3rio atrav\u00e9s do Movimento dos Atingidos por Barragens (MAB). \u00a0\u201cPassados sete anos, n\u00f3s ainda estamos vivendo com problemas estruturais n\u00e3o resolvidos, como a contamina\u00e7\u00e3o da \u00e1gua, que compromete a sa\u00fade da popula\u00e7\u00e3o, a situa\u00e7\u00e3o do trabalho e da renda \u2013 prejudicada pelo impacto causado na pesca e na agricultura \u2013 e, especialmente, a quest\u00e3o da moradia\u201d, afirma Thiago Alves, coordenador do MAB.<\/p>\n<p>Diante dos reiterados descumprimentos dos prazos para a entrega das casas, os ex-moradores de comunidades como Gesteira (distrito de Barra Longa), Bento Rodrigues e Paracatu de Baixo (distritos de Mariana) seguem tendo seus direitos b\u00e1sicos violados desde 2015, quando suas comunidades foram destru\u00eddas.<\/p>\n<p style=\"text-align: justify;\">Eliana Silva, moradora de Paracatu de Baixo, conta que alguns moradores nem acreditam mais que v\u00e3o ter uma casa pr\u00f3pria de novo.<\/p>\n<blockquote class=\"wp-block-quote is-style-large\"><p>\u201cEstamos h\u00e1 sete anos sem nossa casa, sete anos lutando. Eu vou l\u00e1 de 15 em 15 dias pra fiscalizar as obras do reassentamento, mas muitos j\u00e1 perderam a esperan\u00e7a. Fora os que j\u00e1 faleceram nesse tempo sem ver suas casas prontas. S\u00e3o 115 pessoas ao todo. Muitas delas morreram de depress\u00e3o mesmo. As pessoas v\u00e3o adoecendo, v\u00e3o passando nervoso e adoecendo de tristeza\u201d, conta.<\/p><\/blockquote>\n<p style=\"text-align: justify;\">As novas casas possuem ainda caracter\u00edsticas diferentes das moradias que foram levadas pela lama. Eliana relata que nos reassentamentos constru\u00eddos n\u00e3o tem \u00e1gua ou terra pra plantar, como na comunidade original, porque os quintais s\u00e3o pequenos. \u201cO meu pai, por exemplo, que \u00e9 agricultor, tinha onde plantar, tinha onde trabalhar. E l\u00e1, vai fazer o qu\u00ea?\u201d<\/p>\n<p>Segundo Let\u00edcia Oliveira, que tamb\u00e9m \u00e9 coordenadora do MAB, mesmo as casas que j\u00e1 foram finalizadas em Bento Rodrigues n\u00e3o poderiam ser entregues, porque est\u00e3o dentro do reassentamento ainda em constru\u00e7\u00e3o, onde circulam diariamente cerca de tr\u00eas mil trabalhadores e m\u00e1quinas pesadas.<\/p>\n<blockquote class=\"wp-block-quote\">\n<p style=\"text-align: justify;\">\u201cA Funda\u00e7\u00e3o Renova quer que as pessoas se mudem pra um verdadeiro canteiro de obras, com forte presen\u00e7a de poeira, maquin\u00e1rio e barulho intenso, o que seria mais uma viola\u00e7\u00e3o de direitos, porque n\u00e3o h\u00e1 condi\u00e7\u00e3o de moradia digna ali at\u00e9 que o reassentamento seja conclu\u00eddo\u201d, defende a coordenadora.<\/p>\n<p style=\"text-align: justify;\">Outro problema permanente que impacta a vida dos atingidos \u00e9 a conviv\u00eancia com a lama t\u00f3xica que volta a inundar algumas casas da regi\u00e3o durante as enchentes que se repetem a cada ver\u00e3o, por conta do assoreamento provocado nos rios.<\/p>\n<blockquote class=\"wp-block-quote is-style-large\">\n<p style=\"text-align: justify;\">Ao todo, com a lama gerada pelo rompimento da barragem, cerca de 50 milh\u00f5es de metros c\u00fabicos de rejeitos de min\u00e9rio atingiram mais de 40 cidades do Leste de Minas Gerais e chegaram ao mar do Esp\u00edrito Santo. O rompimento, que provocou a morte de 19 pessoas e 1 aborto, \u00e9 considerado o maior crime ambiental do Brasil. At\u00e9 hoje, ningu\u00e9m foi<\/p>\n<div id=\"single-the-content\" style=\"text-align: justify;\">\n<p>Apesar do descaso das mineradoras com rela\u00e7\u00e3o \u00e0 repara\u00e7\u00e3o dos direitos dos atingidos, Thiago Alves conta que a articula\u00e7\u00e3o dos moradores atrav\u00e9s do MAB e outros e organiza\u00e7\u00f5es comunit\u00e1rias que lutam h\u00e1 sete anos por justi\u00e7a tem resultado em avan\u00e7os representativos no processo.<\/p>\n<p>\u201cForam anos de muita luta organizada no MAB e em outros espa\u00e7os com vit\u00f3rias importantes. Tivermos agora a mudan\u00e7a do juiz federal no caso do Rio Doce, o que \u00e9 muito significativo\u201d, explica o dirigente. Desde o come\u00e7o de 2021, o MAB, assim como o Minist\u00e9rio P\u00fablico e a Defensoria P\u00fablica de Minas Gerais e Esp\u00edrito Santo reivindicavam a suspei\u00e7\u00e3o do juiz M\u00e1rio de Paula Franco J\u00fanior por conta de sua condu\u00e7\u00e3o processual irregular, que favorecia as mineradoras criminosas.<\/p>\n<p>\u201cTamb\u00e9m tivemos a volta do Aux\u00edlio Financeiro Emergencial (AFE) para ind\u00edgenas e diversas categorias de atingidos e uma decis\u00e3o judicial que garante o in\u00edcio imediato da atua\u00e7\u00e3o das assessorias t\u00e9cnicas independentes, conforme processo organizado pelo Fundo Brasil de Direitos Humanos\u201d, complementa Thiago. \u00a0Outro avan\u00e7o, segundo o coordenador, \u00e9 a divulga\u00e7\u00e3o dos relat\u00f3rios que provam a contamina\u00e7\u00e3o das \u00e1guas e dos peixes da regi\u00e3o, o que tamb\u00e9m impacta no processo de repara\u00e7\u00e3o.<\/p>\n<h3>Jornada de Lutas: 7 anos de luta por justi\u00e7a<\/h3>\n<p>Para reafirmar as den\u00fancias contra as mineradoras e celebrar as vit\u00f3rias dos atingidos no caso do Rio Doce, o MAB est\u00e1 promovendo nesta semana a Jornada de Lutas com o tema:\u00a0<strong>\u201cQuem planta organiza\u00e7\u00e3o, colhe vit\u00f3ria. \u00a0Atingidos escrevendo sua pr\u00f3pria hist\u00f3ria!\u201d<\/strong><\/p>\n<p><strong>CONFIRA A PROGRAMA\u00c7\u00c3O GERAL<\/strong><\/p>\n<p><strong>MARIANA (MG) \u2013 5\/11<\/strong><br \/>\n14h \u2013 Concentra\u00e7\u00e3o no Terminal tur\u00edstico para Marcha dos Atingidos e Atingidas.<br \/>\n16h \u2013 Ato 1 minuto de Sirene, na Pra\u00e7a Jardim, em parceria com o Jornal A Sirene e C\u00e1ritas<\/p>\n<p><strong>ILHA DO RIO DOCE, DISTRITO DE CARATINGA (MG) \u2013 5\/11<\/strong><br \/>\n13h30 \u2013 Encontro Regional dos Atingidos e Atingidas \u201cPlantar organiza\u00e7\u00e3o, colher vit\u00f3rias! Atingidos e atingidas fazem sua hist\u00f3ria!\u201d<\/p>\n<p><strong>CONCEI\u00c7\u00c3O DA BARRA (ES) \u2013 5\/11<\/strong><br \/>\n9h \u2013 Encontro dos Atingidos e Atingidas para debater Direitos, Meio Ambiente e Sa\u00fade,\u00a0em\u00a0Ita\u00fanas.<\/p>\n<\/div>\n<div class=\"post-content--tags\" style=\"text-align: justify;\"><\/div>\n<p style=\"text-align: justify;\">punido criminalmente.<\/p>\n<\/blockquote>\n<\/blockquote>\n","protected":false},"excerpt":{"rendered":"<p>por\u00a0Coletivo Nacional de Comunica\u00e7\u00e3o do MAB No pr\u00f3ximo dia 05 de novembro, completam-se 7 anos do rompimento da barragem do Fund\u00e3o \u2013 de propriedade da Samarco (Vale \/ BHP Billiton) \u2013 sem que a Funda\u00e7\u00e3o Renova tenha reconstru\u00eddo as casas devastadas pela lama em Mariana (MG) e Barra Longa (MG). Ao todo, das 360 casas [&hellip;]<\/p>\n","protected":false},"author":1,"featured_media":20387,"comment_status":"open","ping_status":"open","sticky":false,"template":"","format":"standard","meta":{"_uag_custom_page_level_css":"","footnotes":""},"categories":[37],"tags":[24474,22768,14011,24473,22582],"class_list":["post-20386","post","type-post","status-publish","format-standard","has-post-thumbnail","hentry","category-sustentabilidade","tag-crime-e-desastre-mariana-mg","tag-mab","tag-mariana-mg","tag-mineracao-desastre-ambiental","tag-samarco-vale-bhp-billiton"],"blocksy_meta":[],"spectra_blocks_featured_image_url":{"thumbnail":{"url":"https:\/\/construcaocivil.siriusmarketingedesign.com.br\/wp-content\/uploads\/2022\/11\/Mariana-150x150.jpg","width":150,"height":150},"medium":{"url":"https:\/\/construcaocivil.siriusmarketingedesign.com.br\/wp-content\/uploads\/2022\/11\/Mariana-300x200.jpg","width":300,"height":200},"medium_large":{"url":"https:\/\/construcaocivil.siriusmarketingedesign.com.br\/wp-content\/uploads\/2022\/11\/Mariana-768x512.jpg","width":768,"height":512},"large":{"url":"https:\/\/construcaocivil.siriusmarketingedesign.com.br\/wp-content\/uploads\/2022\/11\/Mariana.jpg","width":1024,"height":683},"full":{"url":"https:\/\/construcaocivil.siriusmarketingedesign.com.br\/wp-content\/uploads\/2022\/11\/Mariana.jpg","width":1024,"height":683}},"spectra_blocks_author_info":{"display_name":"Jornal da Constru\u00e7\u00e3o Civil","avatar_url":"https:\/\/secure.gravatar.com\/avatar\/973c9774fd44ddaceb026973c4962faa70fc512bc4c9da68e8ebb40fecee6540?s=96&d=mm&r=g","author_link":"https:\/\/construcaocivil.siriusmarketingedesign.com.br\/?author=1","description":"Desde de 2013, levando muitas informa\u00e7\u00f5es, lan\u00e7amentos e produtos de qualidade para toda cadeia produtiva da constru\u00e7\u00e3o. O Futuro da constru\u00e7\u00e3o passa por aqui,"},"uagb_featured_image_src":{"full":["https:\/\/construcaocivil.siriusmarketingedesign.com.br\/wp-content\/uploads\/2022\/11\/Mariana.jpg",1024,683,false],"thumbnail":["https:\/\/construcaocivil.siriusmarketingedesign.com.br\/wp-content\/uploads\/2022\/11\/Mariana-150x150.jpg",150,150,true],"medium":["https:\/\/construcaocivil.siriusmarketingedesign.com.br\/wp-content\/uploads\/2022\/11\/Mariana-300x200.jpg",300,200,true],"medium_large":["https:\/\/construcaocivil.siriusmarketingedesign.com.br\/wp-content\/uploads\/2022\/11\/Mariana-768x512.jpg",768,512,true],"large":["https:\/\/construcaocivil.siriusmarketingedesign.com.br\/wp-content\/uploads\/2022\/11\/Mariana.jpg",1024,683,false],"1536x1536":["https:\/\/construcaocivil.siriusmarketingedesign.com.br\/wp-content\/uploads\/2022\/11\/Mariana.jpg",1024,683,false],"2048x2048":["https:\/\/construcaocivil.siriusmarketingedesign.com.br\/wp-content\/uploads\/2022\/11\/Mariana.jpg",1024,683,false]},"uagb_author_info":{"display_name":"Jornal da Constru\u00e7\u00e3o Civil","author_link":"https:\/\/construcaocivil.siriusmarketingedesign.com.br\/?author=1"},"uagb_comment_info":0,"uagb_excerpt":"por\u00a0Coletivo Nacional de Comunica\u00e7\u00e3o do MAB No pr\u00f3ximo dia 05 de novembro, completam-se 7 anos do rompimento da barragem do Fund\u00e3o \u2013 de propriedade da Samarco (Vale \/ BHP Billiton) \u2013 sem que a Funda\u00e7\u00e3o Renova tenha reconstru\u00eddo as casas devastadas pela lama em Mariana (MG) e Barra Longa (MG). Ao todo, das 360 casas&hellip;","_links":{"self":[{"href":"https:\/\/construcaocivil.siriusmarketingedesign.com.br\/index.php?rest_route=\/wp\/v2\/posts\/20386","targetHints":{"allow":["GET"]}}],"collection":[{"href":"https:\/\/construcaocivil.siriusmarketingedesign.com.br\/index.php?rest_route=\/wp\/v2\/posts"}],"about":[{"href":"https:\/\/construcaocivil.siriusmarketingedesign.com.br\/index.php?rest_route=\/wp\/v2\/types\/post"}],"author":[{"embeddable":true,"href":"https:\/\/construcaocivil.siriusmarketingedesign.com.br\/index.php?rest_route=\/wp\/v2\/users\/1"}],"replies":[{"embeddable":true,"href":"https:\/\/construcaocivil.siriusmarketingedesign.com.br\/index.php?rest_route=%2Fwp%2Fv2%2Fcomments&post=20386"}],"version-history":[{"count":0,"href":"https:\/\/construcaocivil.siriusmarketingedesign.com.br\/index.php?rest_route=\/wp\/v2\/posts\/20386\/revisions"}],"wp:featuredmedia":[{"embeddable":true,"href":"https:\/\/construcaocivil.siriusmarketingedesign.com.br\/index.php?rest_route=\/wp\/v2\/media\/20387"}],"wp:attachment":[{"href":"https:\/\/construcaocivil.siriusmarketingedesign.com.br\/index.php?rest_route=%2Fwp%2Fv2%2Fmedia&parent=20386"}],"wp:term":[{"taxonomy":"category","embeddable":true,"href":"https:\/\/construcaocivil.siriusmarketingedesign.com.br\/index.php?rest_route=%2Fwp%2Fv2%2Fcategories&post=20386"},{"taxonomy":"post_tag","embeddable":true,"href":"https:\/\/construcaocivil.siriusmarketingedesign.com.br\/index.php?rest_route=%2Fwp%2Fv2%2Ftags&post=20386"}],"curies":[{"name":"wp","href":"https:\/\/api.w.org\/{rel}","templated":true}]}}