{"id":20396,"date":"2022-11-08T23:38:21","date_gmt":"2022-11-09T02:38:21","guid":{"rendered":"https:\/\/www.jornaldaconstrucaocivil.com.br\/?p=20396"},"modified":"2022-11-08T23:38:21","modified_gmt":"2022-11-09T02:38:21","slug":"vice-presidente-eleito-institui-gabinete-de-transicao","status":"publish","type":"post","link":"https:\/\/construcaocivil.siriusmarketingedesign.com.br\/?p=20396","title":{"rendered":"Vice-presidente eleito institui Gabinete de Transi\u00e7\u00e3o"},"content":{"rendered":"<p>O vice-presidente eleito, Geraldo Alckmin, assinou nesta ter\u00e7a-feira (08\/11) a portaria que instituiu o Gabinete de Transi\u00e7\u00e3o Governamental. A finalidade do gabinete \u00e9 reunir informa\u00e7\u00f5es sobre o funcionamento e a atua\u00e7\u00e3o dos \u00f3rg\u00e3os e entidades que comp\u00f5e a Administra\u00e7\u00e3o P\u00fablica Federal e preparar os\u00a0<a href=\"https:\/\/lula.com.br\/gabinete-de-transicao-a-todo-vapor-a-obra-prima-do-estado-e-garantir-a-felicidade-das-pessoas\/\">atos que ser\u00e3o de iniciativa do presidente eleito<\/a>, Luiz In\u00e1cio Lula da Silva.<\/p>\n<p>Coordenador-geral do Gabinete, o vice-presidente tamb\u00e9m assinou a portaria que designou a presidenta nacional do PT, Gleisi Hoffmann, como coordenadora de Articula\u00e7\u00e3o Pol\u00edtica, o ex-ministro Aloizio Mercadante como coordenador dos Grupos T\u00e9cnicos, formado por 31 grupos em diversas \u00e1reas, Floriano Pesaro como coordenador Executivo, e a futura primeira-dama Janja da Silva, como coordenadora de Organiza\u00e7\u00e3o da Posse.<\/p>\n<p>Na coletiva de imprensa, no teatro do CCBB em Bras\u00edlia (DF), Alckmin anunciou os quatro integrantes do Grupo T\u00e9cnico na \u00e1rea de Economia:\u00a0<a href=\"https:\/\/g1.globo.com\/politica\/noticia\/2022\/11\/08\/alckmin-assina-portarias-para-dar-inicio-formal-a-transicao-de-governo.ghtml\" target=\"_blank\" rel=\"noopener\">Andr\u00e9 Lara Resende<\/a>, Guilherme Mello, Nelson Barbosa e P\u00e9rsio Arida. E tamb\u00e9m os quatro integrantes do Grupo T\u00e9cnico de Assist\u00eancia Social: Simone Tebet, M\u00e1rcia Lopes, Tereza Campello e Andr\u00e9 Quint\u00e3o.<\/p>\n<p>Alckmin explicou que os grupos t\u00e9cnicos poder\u00e3o convidar outras pessoas, professores, sociedade civil e lideran\u00e7as pol\u00edticas. \u201cGleisi Hoffmann esteve com os partidos pol\u00edticos e todos os partidos do primeiro turno, os dez, e os que tamb\u00e9m vieram no segundo turno, v\u00e3o participar tamb\u00e9m. Na medida que forem chegando esses nomes, a gente vai incorporando\u201d, explicou Alckmin.<\/p>\n<p class=\"has-text-align-center\"><strong>Estrutura do Gabinete de Transi\u00e7\u00e3o Governamental<\/strong><\/p>\n<p class=\"has-text-align-left\">Coordenador-Geral: Geraldo Alckmin<br \/>\nCoordena\u00e7\u00e3o Executiva: Floriano Pesaro<br \/>\nCoordena\u00e7\u00e3o de Articula\u00e7\u00e3o Pol\u00edtica: Gleisi Hoffmann<br \/>\nCoordena\u00e7\u00e3o dos Grupos T\u00e9cnicos: Aloizio Mercadante<br \/>\nCoordena\u00e7\u00e3o de Organiza\u00e7\u00e3o da Posse: Janja da Silva<\/p>\n<p><strong>Conselho de Transi\u00e7\u00e3o Governamental: representante dos partidos<\/strong><\/p>\n<ol>\n<li>Ant\u00f4nio Brito (PSD)<\/li>\n<li>Carlos Siqueira (PSB)<\/li>\n<li>Daniel Tourinho (AGIR)<\/li>\n<li>Felipe Espirito Santo (PROS)<\/li>\n<li>Gleisi Hoffmann (PT)<\/li>\n<li>Guilherme \u00cdtalo (Avante)<\/li>\n<li>Jefferson Coriteac (SD)<\/li>\n<li>Jos\u00e9 Luiz Penna (PV)<\/li>\n<li>Juliano Medeiros (PSOL)<\/li>\n<li>Luciana Santos (PCdoB)<\/li>\n<li>Wesley Di\u00f3genes (REDE)<\/li>\n<li>Wolney Queiroz (PDT)<\/li>\n<\/ol>\n<p><strong>Grupos T\u00e9cnicos: at\u00e9 quatro integrantes na coordena\u00e7\u00e3o:<\/strong><br \/>\nI. agricultura, pecu\u00e1ria e abastecimento;<br \/>\nII. assist\u00eancia social;<br \/>\nIII. centro de governo;<br \/>\nIV. cidades;<br \/>\nV. ci\u00eancia, tecnologia e inova\u00e7\u00e3o;<br \/>\nVI. comunica\u00e7\u00f5es;<br \/>\nVII. cultura;<br \/>\nVIII. defesa;<br \/>\nIX. desenvolvimento agr\u00e1rio;<br \/>\nX. desenvolvimento regional;<br \/>\nXI. direitos humanos;<br \/>\nXII. economia;<br \/>\nXIII. educa\u00e7\u00e3o;<br \/>\nXIV. esporte;<br \/>\nXV. igualdade racial;<br \/>\nXVI. ind\u00fastria, com\u00e9rcio e servi\u00e7os;<br \/>\nXVII. infraestrutura;<br \/>\nXVIII. intelig\u00eancia estrat\u00e9gica;<br \/>\nXIX. justi\u00e7a e seguran\u00e7a p\u00fablica;<br \/>\nXX. meio ambiente;<br \/>\nXXI. minas e energia;<br \/>\nXXII. mulheres;<br \/>\nXXIII. pesca;<br \/>\nXXIV. planejamento, or\u00e7amento e gest\u00e3o;<br \/>\nXXV. povos origin\u00e1rios;<br \/>\nXXVI. previd\u00eancia social;<br \/>\nXXVII. rela\u00e7\u00f5es exteriores;<br \/>\nXXVIII. sa\u00fade;<br \/>\nXXIX. trabalho;<br \/>\nXXX. transpar\u00eancia, integridade e controle;<br \/>\nXXXI. turismo<\/p>\n","protected":false},"excerpt":{"rendered":"<p>O vice-presidente eleito, Geraldo Alckmin, assinou nesta ter\u00e7a-feira (08\/11) a portaria que instituiu o Gabinete de Transi\u00e7\u00e3o Governamental. A finalidade do gabinete \u00e9 reunir informa\u00e7\u00f5es sobre o funcionamento e a atua\u00e7\u00e3o dos \u00f3rg\u00e3os e entidades que comp\u00f5e a Administra\u00e7\u00e3o P\u00fablica Federal e preparar os\u00a0atos que ser\u00e3o de iniciativa do presidente eleito, Luiz In\u00e1cio Lula da [&hellip;]<\/p>\n","protected":false},"author":1,"featured_media":20397,"comment_status":"open","ping_status":"open","sticky":false,"template":"","format":"standard","meta":{"_uag_custom_page_level_css":"","footnotes":""},"categories":[27],"tags":[24479,24160,24478,24480,1569,4153],"class_list":["post-20396","post","type-post","status-publish","format-standard","has-post-thumbnail","hentry","category-acontece","tag-geraldo-alckmin","tag-lulapresidente","tag-obrasparadas","tag-saudeemoradias","tag-brasilia","tag-empregos"],"blocksy_meta":[],"spectra_blocks_featured_image_url":{"thumbnail":{"url":"https:\/\/construcaocivil.siriusmarketingedesign.com.br\/wp-content\/uploads\/2022\/11\/a7d71357-vice-presidente-eleito-institui-gabinete-de-transicao-150x150.jpeg","width":150,"height":150},"medium":{"url":"https:\/\/construcaocivil.siriusmarketingedesign.com.br\/wp-content\/uploads\/2022\/11\/a7d71357-vice-presidente-eleito-institui-gabinete-de-transicao-300x168.jpeg","width":300,"height":168},"medium_large":{"url":"https:\/\/construcaocivil.siriusmarketingedesign.com.br\/wp-content\/uploads\/2022\/11\/a7d71357-vice-presidente-eleito-institui-gabinete-de-transicao-768x431.jpeg","width":768,"height":431},"large":{"url":"https:\/\/construcaocivil.siriusmarketingedesign.com.br\/wp-content\/uploads\/2022\/11\/a7d71357-vice-presidente-eleito-institui-gabinete-de-transicao.jpeg","width":1024,"height":574},"full":{"url":"https:\/\/construcaocivil.siriusmarketingedesign.com.br\/wp-content\/uploads\/2022\/11\/a7d71357-vice-presidente-eleito-institui-gabinete-de-transicao.jpeg","width":1024,"height":574}},"spectra_blocks_author_info":{"display_name":"Jornal da Constru\u00e7\u00e3o Civil","avatar_url":"https:\/\/secure.gravatar.com\/avatar\/973c9774fd44ddaceb026973c4962faa70fc512bc4c9da68e8ebb40fecee6540?s=96&d=mm&r=g","author_link":"https:\/\/construcaocivil.siriusmarketingedesign.com.br\/?author=1","description":"Desde de 2013, levando muitas informa\u00e7\u00f5es, lan\u00e7amentos e produtos de qualidade para toda cadeia produtiva da constru\u00e7\u00e3o. O Futuro da constru\u00e7\u00e3o passa por aqui,"},"uagb_featured_image_src":{"full":["https:\/\/construcaocivil.siriusmarketingedesign.com.br\/wp-content\/uploads\/2022\/11\/a7d71357-vice-presidente-eleito-institui-gabinete-de-transicao.jpeg",1024,574,false],"thumbnail":["https:\/\/construcaocivil.siriusmarketingedesign.com.br\/wp-content\/uploads\/2022\/11\/a7d71357-vice-presidente-eleito-institui-gabinete-de-transicao-150x150.jpeg",150,150,true],"medium":["https:\/\/construcaocivil.siriusmarketingedesign.com.br\/wp-content\/uploads\/2022\/11\/a7d71357-vice-presidente-eleito-institui-gabinete-de-transicao-300x168.jpeg",300,168,true],"medium_large":["https:\/\/construcaocivil.siriusmarketingedesign.com.br\/wp-content\/uploads\/2022\/11\/a7d71357-vice-presidente-eleito-institui-gabinete-de-transicao-768x431.jpeg",768,431,true],"large":["https:\/\/construcaocivil.siriusmarketingedesign.com.br\/wp-content\/uploads\/2022\/11\/a7d71357-vice-presidente-eleito-institui-gabinete-de-transicao.jpeg",1024,574,false],"1536x1536":["https:\/\/construcaocivil.siriusmarketingedesign.com.br\/wp-content\/uploads\/2022\/11\/a7d71357-vice-presidente-eleito-institui-gabinete-de-transicao.jpeg",1024,574,false],"2048x2048":["https:\/\/construcaocivil.siriusmarketingedesign.com.br\/wp-content\/uploads\/2022\/11\/a7d71357-vice-presidente-eleito-institui-gabinete-de-transicao.jpeg",1024,574,false]},"uagb_author_info":{"display_name":"Jornal da Constru\u00e7\u00e3o Civil","author_link":"https:\/\/construcaocivil.siriusmarketingedesign.com.br\/?author=1"},"uagb_comment_info":0,"uagb_excerpt":"O vice-presidente eleito, Geraldo Alckmin, assinou nesta ter\u00e7a-feira (08\/11) a portaria que instituiu o Gabinete de Transi\u00e7\u00e3o Governamental. A finalidade do gabinete \u00e9 reunir informa\u00e7\u00f5es sobre o funcionamento e a atua\u00e7\u00e3o dos \u00f3rg\u00e3os e entidades que comp\u00f5e a Administra\u00e7\u00e3o P\u00fablica Federal e preparar os\u00a0atos que ser\u00e3o de iniciativa do presidente eleito, Luiz In\u00e1cio Lula da&hellip;","_links":{"self":[{"href":"https:\/\/construcaocivil.siriusmarketingedesign.com.br\/index.php?rest_route=\/wp\/v2\/posts\/20396","targetHints":{"allow":["GET"]}}],"collection":[{"href":"https:\/\/construcaocivil.siriusmarketingedesign.com.br\/index.php?rest_route=\/wp\/v2\/posts"}],"about":[{"href":"https:\/\/construcaocivil.siriusmarketingedesign.com.br\/index.php?rest_route=\/wp\/v2\/types\/post"}],"author":[{"embeddable":true,"href":"https:\/\/construcaocivil.siriusmarketingedesign.com.br\/index.php?rest_route=\/wp\/v2\/users\/1"}],"replies":[{"embeddable":true,"href":"https:\/\/construcaocivil.siriusmarketingedesign.com.br\/index.php?rest_route=%2Fwp%2Fv2%2Fcomments&post=20396"}],"version-history":[{"count":0,"href":"https:\/\/construcaocivil.siriusmarketingedesign.com.br\/index.php?rest_route=\/wp\/v2\/posts\/20396\/revisions"}],"wp:featuredmedia":[{"embeddable":true,"href":"https:\/\/construcaocivil.siriusmarketingedesign.com.br\/index.php?rest_route=\/wp\/v2\/media\/20397"}],"wp:attachment":[{"href":"https:\/\/construcaocivil.siriusmarketingedesign.com.br\/index.php?rest_route=%2Fwp%2Fv2%2Fmedia&parent=20396"}],"wp:term":[{"taxonomy":"category","embeddable":true,"href":"https:\/\/construcaocivil.siriusmarketingedesign.com.br\/index.php?rest_route=%2Fwp%2Fv2%2Fcategories&post=20396"},{"taxonomy":"post_tag","embeddable":true,"href":"https:\/\/construcaocivil.siriusmarketingedesign.com.br\/index.php?rest_route=%2Fwp%2Fv2%2Ftags&post=20396"}],"curies":[{"name":"wp","href":"https:\/\/api.w.org\/{rel}","templated":true}]}}