{"id":204,"date":"2015-10-15T16:31:19","date_gmt":"2015-10-15T16:31:19","guid":{"rendered":"http:\/\/www.jornaldaconstrucaocivil.com.br\/?p=204"},"modified":"2015-10-15T16:31:19","modified_gmt":"2015-10-15T16:31:19","slug":"representantes-dos-pescadores-e-quilombolas-ganham-voz-no-conselho-do-patrimonio-historico-e-cultural","status":"publish","type":"post","link":"https:\/\/construcaocivil.siriusmarketingedesign.com.br\/?p=204","title":{"rendered":"Representantes dos pescadores e quilombolas ganham voz no Conselho do Patrim\u00f4nio Hist\u00f3rico e Cultural"},"content":{"rendered":"<p align=\"justify\"><span style=\"color: #000000;\"><span style=\"font-family: Arial, sans-serif;\">Observando a import\u00e2ncia da participa\u00e7\u00e3o de entidades que remetem a hist\u00f3ria de B\u00fazios. Foi aprovado por unanimidade na Sess\u00e3o da C\u00e2mara, desta ter\u00e7a-feira, dia 13, o Projeto de Emenda Modificativa, de autoria do vereador Jos\u00e9 M\u00e1rcio, que solicita incluir representantes dos pescadores e da comunidade quilombola no Projeto de Lei 78\/2015, que disp\u00f5e sobre a cria\u00e7\u00e3o do Conselho Municipal do Patrim\u00f4nio Hist\u00f3rico e Cultural.<\/span><\/span><\/p>\n<p align=\"justify\"><a href=\"http:\/\/www.jornaldaconstrucaocivil.com.br\/wp-content\/uploads\/2015\/10\/Quilombo.jpg\"><img loading=\"lazy\" decoding=\"async\" class=\"size-medium wp-image-205 alignleft\" src=\"http:\/\/www.jornaldaconstrucaocivil.com.br\/wp-content\/uploads\/2015\/10\/Quilombo-300x174.jpg\" alt=\"Quilombo\" width=\"300\" height=\"174\" \/><\/a><\/p>\n<p align=\"justify\"><span style=\"font-family: Arial, sans-serif; color: #000000;\">Segundo Jos\u00e9 M\u00e1rcio incluir estes representantes, d\u00e1 a oportunidade de mostrarem o que pensam, desejam e anseiam para o munic\u00edpio. \u201cEstas entidades remetem as ra\u00edzes da nossa popula\u00e7\u00e3o, a presen\u00e7a deles preservam a hist\u00f3ria da cidade, que ganhou fama internacional, por conta desta ess\u00eancia\u201d.<\/span><\/p>\n<p align=\"justify\"><span style=\"font-family: Arial, sans-serif; color: #000000;\">O Conselho tem como fun\u00e7\u00e3o debater projetos de conserva\u00e7\u00e3o e valoriza\u00e7\u00e3o da cultura buziana. Bem como, de propor a\u00e7\u00f5es de desenvolvimento de tecnologias pr\u00f3prias voltadas para a preserva\u00e7\u00e3o dos bens culturais. Cabe ainda, promover a prote\u00e7\u00e3o e valoriza\u00e7\u00e3o da paisagem e forma\u00e7\u00f5es naturais da cidade, os chamados patrim\u00f4nios paisag\u00edsticos.<\/span><\/p>\n<p align=\"justify\"><span style=\"font-family: Arial, sans-serif; color: #000000;\">De acordo com o Projeto de Lei, o conselho ser\u00e1 composto por 12 membros, sendo 6 representantes de \u00f3rg\u00e3o municipal e 6 de entidades representativas. O projeto retorna para o poder executivo para sancionar a Lei.<\/span><\/p>\n<p align=\"justify\"><span style=\"color: #993300;\">Fonte: Assessoria de Imprensa Tatiani Costa<\/span><\/p>\n","protected":false},"excerpt":{"rendered":"<p>Observando a import\u00e2ncia da participa\u00e7\u00e3o de entidades que remetem a hist\u00f3ria de B\u00fazios. Foi aprovado por unanimidade na Sess\u00e3o da C\u00e2mara, desta ter\u00e7a-feira, dia 13, o Projeto de Emenda Modificativa, de autoria do vereador Jos\u00e9 M\u00e1rcio, que solicita incluir representantes dos pescadores e da comunidade quilombola no Projeto de Lei 78\/2015, que disp\u00f5e sobre a [&hellip;]<\/p>\n","protected":false},"author":1,"featured_media":0,"comment_status":"open","ping_status":"open","sticky":false,"template":"","format":"standard","meta":{"_uag_custom_page_level_css":"","footnotes":""},"categories":[37],"tags":[1629,8837,9869,11470],"class_list":["post-204","post","type-post","status-publish","format-standard","hentry","category-sustentabilidade","tag-buzios","tag-pescadores","tag-quilombolas","tag-sustentabilidade"],"blocksy_meta":[],"spectra_blocks_featured_image_url":null,"spectra_blocks_author_info":{"display_name":"Jornal da Constru\u00e7\u00e3o Civil","avatar_url":"https:\/\/secure.gravatar.com\/avatar\/973c9774fd44ddaceb026973c4962faa70fc512bc4c9da68e8ebb40fecee6540?s=96&d=mm&r=g","author_link":"https:\/\/construcaocivil.siriusmarketingedesign.com.br\/?author=1","description":"Desde de 2013, levando muitas informa\u00e7\u00f5es, lan\u00e7amentos e produtos de qualidade para toda cadeia produtiva da constru\u00e7\u00e3o. O Futuro da constru\u00e7\u00e3o passa por aqui,"},"uagb_featured_image_src":{"full":false,"thumbnail":false,"medium":false,"medium_large":false,"large":false,"1536x1536":false,"2048x2048":false},"uagb_author_info":{"display_name":"Jornal da Constru\u00e7\u00e3o Civil","author_link":"https:\/\/construcaocivil.siriusmarketingedesign.com.br\/?author=1"},"uagb_comment_info":0,"uagb_excerpt":"Observando a import\u00e2ncia da participa\u00e7\u00e3o de entidades que remetem a hist\u00f3ria de B\u00fazios. Foi aprovado por unanimidade na Sess\u00e3o da C\u00e2mara, desta ter\u00e7a-feira, dia 13, o Projeto de Emenda Modificativa, de autoria do vereador Jos\u00e9 M\u00e1rcio, que solicita incluir representantes dos pescadores e da comunidade quilombola no Projeto de Lei 78\/2015, que disp\u00f5e sobre a&hellip;","_links":{"self":[{"href":"https:\/\/construcaocivil.siriusmarketingedesign.com.br\/index.php?rest_route=\/wp\/v2\/posts\/204","targetHints":{"allow":["GET"]}}],"collection":[{"href":"https:\/\/construcaocivil.siriusmarketingedesign.com.br\/index.php?rest_route=\/wp\/v2\/posts"}],"about":[{"href":"https:\/\/construcaocivil.siriusmarketingedesign.com.br\/index.php?rest_route=\/wp\/v2\/types\/post"}],"author":[{"embeddable":true,"href":"https:\/\/construcaocivil.siriusmarketingedesign.com.br\/index.php?rest_route=\/wp\/v2\/users\/1"}],"replies":[{"embeddable":true,"href":"https:\/\/construcaocivil.siriusmarketingedesign.com.br\/index.php?rest_route=%2Fwp%2Fv2%2Fcomments&post=204"}],"version-history":[{"count":0,"href":"https:\/\/construcaocivil.siriusmarketingedesign.com.br\/index.php?rest_route=\/wp\/v2\/posts\/204\/revisions"}],"wp:attachment":[{"href":"https:\/\/construcaocivil.siriusmarketingedesign.com.br\/index.php?rest_route=%2Fwp%2Fv2%2Fmedia&parent=204"}],"wp:term":[{"taxonomy":"category","embeddable":true,"href":"https:\/\/construcaocivil.siriusmarketingedesign.com.br\/index.php?rest_route=%2Fwp%2Fv2%2Fcategories&post=204"},{"taxonomy":"post_tag","embeddable":true,"href":"https:\/\/construcaocivil.siriusmarketingedesign.com.br\/index.php?rest_route=%2Fwp%2Fv2%2Ftags&post=204"}],"curies":[{"name":"wp","href":"https:\/\/api.w.org\/{rel}","templated":true}]}}