{"id":2041,"date":"2016-06-08T18:53:10","date_gmt":"2016-06-08T18:53:10","guid":{"rendered":"http:\/\/www.jornaldaconstrucaocivil.com.br\/?p=2041"},"modified":"2016-06-08T18:53:10","modified_gmt":"2016-06-08T18:53:10","slug":"qualidade-da-agua-e-os-desafios-do-saneamento-ambiental","status":"publish","type":"post","link":"https:\/\/construcaocivil.siriusmarketingedesign.com.br\/?p=2041","title":{"rendered":"Qualidade da \u00c1gua e os Desafios do Saneamento Ambiental"},"content":{"rendered":"<p><span style=\"color: #000080;\"><strong>Palestra sobre o assunto ser\u00e1 realizada em parceria com o\u00a0IBP no dia 09 de junho<\/strong><\/span><\/p>\n<p><span style=\"color: #000000;\">Na pr\u00f3xima quinta-feira, 09 de junho, em comemora\u00e7\u00e3o \u00e0 Semana do Meio ambiente, a Repsol Sinopec promover\u00e1 para seus colaboradores uma palestra sobre a qualidade da \u00e1gua e os desafios do saneamento ambiental, com Malu Ribeiro, coordenadora da Rede das \u00c1guas da SOS Mata Atl\u00e2ntica.<\/span><\/p>\n<p><span style=\"color: #000000;\">Entre mar\u00e7o de 2015 e fevereiro de 2016 o programa Rede das \u00c1guas monitorou 183 rios, c\u00f3rregos e lagos em 289 pontos de coleta, distribu\u00eddos em 12 Estados brasileiros. Com base nas an\u00e1lises das amostras de \u00e1gua coletadas, o estudo revelou que 36,3% dos pontos de coleta apresentam qualidade ruim ou p\u00e9ssima. Apenas 13 pontos foram avaliados com qualidade de \u00e1gua boa (4,5%) e outros 59,2% est\u00e3o em situa\u00e7\u00e3o regular, o que significa um estado de alerta. Nenhum dos pontos analisados foi avaliado como \u00f3timo.<\/span><\/p>\n<p><span style=\"color: #000000;\">Uma das raz\u00f5es que justificam o resultado negativo dessa an\u00e1lise \u00e9 que a legisla\u00e7\u00e3o brasileira prev\u00ea a exist\u00eancia de \u201crios mortos\u201d, que s\u00e3o destinados a diluir efluentes (esgotos) com baixa efici\u00eancia de tratamento e, na grande maioria, sem tratamento algum. Isso faz com que muitos rios e c\u00f3rregos fiquem completamente indispon\u00edveis para usos m\u00faltiplos, como a produ\u00e7\u00e3o de alimentos, lazer e consumo humano, afetando a sa\u00fade e a qualidade de vida de cada um de n\u00f3s.<\/span><\/p>\n<p><span style=\"color: #000000;\">Para tentar reverter esse quadro, a Funda\u00e7\u00e3o SOS Mata Atl\u00e2ntica est\u00e1 lan\u00e7ando uma peti\u00e7\u00e3o pelo fim dos \u201crios mortos\u201d, pela universaliza\u00e7\u00e3o do saneamento e por \u00e1gua limpa nos rios e praias do Brasil.<\/span><\/p>\n<p><span style=\"color: #000000;\">A Repsol Sinopec, que j\u00e1 \u00e9 parceira da SOS Mata Atl\u00e2ntica h\u00e1 dez anos e vem apoiando iniciativas para a prote\u00e7\u00e3o e sustentabilidade de ambientes marinhos e costeiros, restaura\u00e7\u00e3o florestal e educa\u00e7\u00e3o ambiental atrav\u00e9s dos programas Costa Atl\u00e2ntica, Florestas do Futuro e A Mata Atl\u00e2ntica \u00e9 Aqui!, se envolve em mais essa causa, divulgando o estudo e a peti\u00e7\u00e3o online, dispon\u00edveis neste link:<span style=\"text-decoration: underline;\"><span style=\"color: #0000ff; text-decoration: underline;\"> http:\/\/bit.ly\/assinesaneamentoja.<\/span><\/span><\/span><\/p>\n<p><span style=\"color: #000000;\">Esta a\u00e7\u00e3o tamb\u00e9m est\u00e1 alinhada ao Objetivo de Desenvolvimento Sustent\u00e1vel 6 \u201c\u00c1gua limpa e saneamento\u201d e integra o Plano de Sustentabilidade 2016 da Companhia, que ser\u00e1 divulgado ainda este m\u00eas (junho\/16).<\/span><\/p>\n<p><span style=\"color: #000000;\">A palestra aberta ao p\u00fablico ser\u00e1 realizada em parceria com a Comiss\u00e3o de Responsabilidade Social do IBP (Instituto Brasileiro de Petr\u00f3leo, G\u00e1s e Biocombust\u00edveis), na sede do IBP, no Rio de Janeiro. As inscri\u00e7\u00f5es devem ser realizadas pelo site do IBP.<\/span><\/p>\n<p><span style=\"color: #ff0000;\">PALESTRA: Qualidade da \u00c1gua e os Desafios do Saneamento Ambiental<\/span><\/p>\n<p><span style=\"color: #ff0000;\">DATA: 09 de junho, quinta-feira, \u00e0s 15:30h<\/span><\/p>\n<p><span style=\"color: #ff0000;\">LOCAL: Sede do IBP \u2013 Rua Almirante Barroso, 52 \u2013 21\u00ba andar<\/span><\/p>\n<p><span style=\"color: #0000ff;\"><span style=\"color: #ff0000;\">INSCRI\u00c7\u00d5ES<\/span>:<span style=\"text-decoration: underline;\">http:\/\/www.ibp.org.br\/eventos\/qualidade-da-agua-e-os-desafios-do-saneamento-ambiental\/<\/span><\/span><\/p>\n<p>&nbsp;<\/p>\n<p>&nbsp;<\/p>\n<p>&nbsp;<\/p>\n","protected":false},"excerpt":{"rendered":"<p>Palestra sobre o assunto ser\u00e1 realizada em parceria com o\u00a0IBP no dia 09 de junho Na pr\u00f3xima quinta-feira, 09 de junho, em comemora\u00e7\u00e3o \u00e0 Semana do Meio ambiente, a Repsol Sinopec promover\u00e1 para seus colaboradores uma palestra sobre a qualidade da \u00e1gua e os desafios do saneamento ambiental, com Malu Ribeiro, coordenadora da Rede das [&hellip;]<\/p>\n","protected":false},"author":1,"featured_media":0,"comment_status":"open","ping_status":"open","sticky":false,"template":"","format":"standard","meta":{"_uag_custom_page_level_css":"","footnotes":""},"categories":[27],"tags":[5853,8600,9836,10209,10375,10594],"class_list":["post-2041","post","type-post","status-publish","format-standard","hentry","category-acontece","tag-ibp","tag-palestra","tag-qualidade-da-agua","tag-repsol-sinopec","tag-rio-de-janeiro","tag-saneamento-ambiental"],"blocksy_meta":[],"spectra_blocks_featured_image_url":null,"spectra_blocks_author_info":{"display_name":"Jornal da Constru\u00e7\u00e3o Civil","avatar_url":"https:\/\/secure.gravatar.com\/avatar\/973c9774fd44ddaceb026973c4962faa70fc512bc4c9da68e8ebb40fecee6540?s=96&d=mm&r=g","author_link":"https:\/\/construcaocivil.siriusmarketingedesign.com.br\/?author=1","description":"Desde de 2013, levando muitas informa\u00e7\u00f5es, lan\u00e7amentos e produtos de qualidade para toda cadeia produtiva da constru\u00e7\u00e3o. O Futuro da constru\u00e7\u00e3o passa por aqui,"},"uagb_featured_image_src":{"full":false,"thumbnail":false,"medium":false,"medium_large":false,"large":false,"1536x1536":false,"2048x2048":false},"uagb_author_info":{"display_name":"Jornal da Constru\u00e7\u00e3o Civil","author_link":"https:\/\/construcaocivil.siriusmarketingedesign.com.br\/?author=1"},"uagb_comment_info":0,"uagb_excerpt":"Palestra sobre o assunto ser\u00e1 realizada em parceria com o\u00a0IBP no dia 09 de junho Na pr\u00f3xima quinta-feira, 09 de junho, em comemora\u00e7\u00e3o \u00e0 Semana do Meio ambiente, a Repsol Sinopec promover\u00e1 para seus colaboradores uma palestra sobre a qualidade da \u00e1gua e os desafios do saneamento ambiental, com Malu Ribeiro, coordenadora da Rede das&hellip;","_links":{"self":[{"href":"https:\/\/construcaocivil.siriusmarketingedesign.com.br\/index.php?rest_route=\/wp\/v2\/posts\/2041","targetHints":{"allow":["GET"]}}],"collection":[{"href":"https:\/\/construcaocivil.siriusmarketingedesign.com.br\/index.php?rest_route=\/wp\/v2\/posts"}],"about":[{"href":"https:\/\/construcaocivil.siriusmarketingedesign.com.br\/index.php?rest_route=\/wp\/v2\/types\/post"}],"author":[{"embeddable":true,"href":"https:\/\/construcaocivil.siriusmarketingedesign.com.br\/index.php?rest_route=\/wp\/v2\/users\/1"}],"replies":[{"embeddable":true,"href":"https:\/\/construcaocivil.siriusmarketingedesign.com.br\/index.php?rest_route=%2Fwp%2Fv2%2Fcomments&post=2041"}],"version-history":[{"count":0,"href":"https:\/\/construcaocivil.siriusmarketingedesign.com.br\/index.php?rest_route=\/wp\/v2\/posts\/2041\/revisions"}],"wp:attachment":[{"href":"https:\/\/construcaocivil.siriusmarketingedesign.com.br\/index.php?rest_route=%2Fwp%2Fv2%2Fmedia&parent=2041"}],"wp:term":[{"taxonomy":"category","embeddable":true,"href":"https:\/\/construcaocivil.siriusmarketingedesign.com.br\/index.php?rest_route=%2Fwp%2Fv2%2Fcategories&post=2041"},{"taxonomy":"post_tag","embeddable":true,"href":"https:\/\/construcaocivil.siriusmarketingedesign.com.br\/index.php?rest_route=%2Fwp%2Fv2%2Ftags&post=2041"}],"curies":[{"name":"wp","href":"https:\/\/api.w.org\/{rel}","templated":true}]}}