{"id":20432,"date":"2022-11-12T18:52:03","date_gmt":"2022-11-12T21:52:03","guid":{"rendered":"https:\/\/www.jornaldaconstrucaocivil.com.br\/?p=20432"},"modified":"2022-11-12T18:52:03","modified_gmt":"2022-11-12T21:52:03","slug":"destaque-internacional-paraty-recebe-certificado-de-patrimonio-mundial","status":"publish","type":"post","link":"https:\/\/construcaocivil.siriusmarketingedesign.com.br\/?p=20432","title":{"rendered":"Destaque Internacional: Paraty recebe certificado de Patrim\u00f4nio Mundial"},"content":{"rendered":"<div class=\"center container-white\">\n<div class=\"row-grid clearfix\">\n<div class=\"grid-9 main-grid\">\n<div class=\"block-text ck-text ng-binding\">\n<div dir=\"auto\">O prefeito municipal Luciano Vidal e o vice-prefeito Izaques Marendaz receberam da Unesco o certificado de Paraty como Patrim\u00f4nio Mundial.<\/div>\n<div dir=\"auto\"><\/div>\n<div dir=\"auto\">A cerim\u00f4nia foi realizada neste s\u00e1bado, na Casa de Cultura de Paraty contou a presen\u00e7a da coordenadora de cultura da Unesco no Brasil, Isabel de Paula, do secret\u00e1rio do superintendente do Iphan no Rio de Janeiro, Olav Shrader, de representantes do ICMBio, do Pr\u00edncipe Dom Jo\u00e3o de Orleans e Bragan\u00e7a, representantes do Povos Tradicionais e autoridades locais.<\/div>\n<div dir=\"auto\"><\/div>\n<div dir=\"auto\">Com o certificado, Paraty \u00e9 formalmente reconhecida como Patrim\u00f4nio Mundial da Unesco pelo seu s\u00edtio misto Cultura e Biodiversidade, sendo a \u00fanica cidade do Brasil e da Am\u00e9rica Latina a receber o t\u00edtulo de Patrim\u00f4nio Mundial nesta modalidade.<\/div>\n<div dir=\"auto\"><\/div>\n<div dir=\"auto\">O prefeito Luciano Vidal destacou que a diversidade cultural e natural que a regi\u00e3o possui foram as principais caracter\u00edsticas para Paraty ser contemplada com o t\u00edtulo em 2019.<\/div>\n<div dir=\"auto\"><\/div>\n<div dir=\"auto\"><span style=\"color: #993300;\"><em>\u201cNossa forma\u00e7\u00e3o pelo interc\u00e2mbio das culturas ind\u00edgena, africana e cai\u00e7ara que se expressam nos bens culturais da cidade e que engloba uma fus\u00e3o de caracter\u00edsticas pr\u00f3prias do patrim\u00f4nio material e imaterial. Ao mesmo tempo, a cidade apresenta exemplos de povos tradicionais que usam a terra e o mar de forma sustent\u00e1vel, demostrando a intera\u00e7\u00e3o do homem ao meio ambiente\u201d, disse Vidal.<\/em><\/span><\/div>\n<p>&nbsp;<\/p>\n<\/div>\n<\/div>\n<\/div>\n<\/div>\n<section class=\"events-card layout-2\">\n<div class=\"center\">\n<header class=\"header-button\">\n<h2 class=\"title-area\"><\/h2>\n<\/header>\n<\/div>\n<\/section>\n","protected":false},"excerpt":{"rendered":"<p>O prefeito municipal Luciano Vidal e o vice-prefeito Izaques Marendaz receberam da Unesco o certificado de Paraty como Patrim\u00f4nio Mundial. A cerim\u00f4nia foi realizada neste s\u00e1bado, na Casa de Cultura de Paraty contou a presen\u00e7a da coordenadora de cultura da Unesco no Brasil, Isabel de Paula, do secret\u00e1rio do superintendente do Iphan no Rio de [&hellip;]<\/p>\n","protected":false},"author":1,"featured_media":20433,"comment_status":"open","ping_status":"open","sticky":false,"template":"","format":"standard","meta":{"_uag_custom_page_level_css":"","footnotes":""},"categories":[27],"tags":[6391,8643,24500,9184,24499,16711],"class_list":["post-20432","post","type-post","status-publish","format-standard","has-post-thumbnail","hentry","category-acontece","tag-iphan","tag-paraty-rj","tag-povos-quilombolas","tag-povos-tradicionais","tag-turismo-e-empregos","tag-unesco"],"blocksy_meta":[],"spectra_blocks_featured_image_url":{"thumbnail":{"url":"https:\/\/construcaocivil.siriusmarketingedesign.com.br\/wp-content\/uploads\/2022\/11\/315409804_466043842297169_1411581891888881427_n-150x150.jpg","width":150,"height":150},"medium":{"url":"https:\/\/construcaocivil.siriusmarketingedesign.com.br\/wp-content\/uploads\/2022\/11\/315409804_466043842297169_1411581891888881427_n-300x200.jpg","width":300,"height":200},"medium_large":{"url":"https:\/\/construcaocivil.siriusmarketingedesign.com.br\/wp-content\/uploads\/2022\/11\/315409804_466043842297169_1411581891888881427_n-768x512.jpg","width":768,"height":512},"large":{"url":"https:\/\/construcaocivil.siriusmarketingedesign.com.br\/wp-content\/uploads\/2022\/11\/315409804_466043842297169_1411581891888881427_n.jpg","width":1024,"height":682},"full":{"url":"https:\/\/construcaocivil.siriusmarketingedesign.com.br\/wp-content\/uploads\/2022\/11\/315409804_466043842297169_1411581891888881427_n.jpg","width":1024,"height":682}},"spectra_blocks_author_info":{"display_name":"Jornal da Constru\u00e7\u00e3o Civil","avatar_url":"https:\/\/secure.gravatar.com\/avatar\/973c9774fd44ddaceb026973c4962faa70fc512bc4c9da68e8ebb40fecee6540?s=96&d=mm&r=g","author_link":"https:\/\/construcaocivil.siriusmarketingedesign.com.br\/?author=1","description":"Desde de 2013, levando muitas informa\u00e7\u00f5es, lan\u00e7amentos e produtos de qualidade para toda cadeia produtiva da constru\u00e7\u00e3o. O Futuro da constru\u00e7\u00e3o passa por aqui,"},"uagb_featured_image_src":{"full":["https:\/\/construcaocivil.siriusmarketingedesign.com.br\/wp-content\/uploads\/2022\/11\/315409804_466043842297169_1411581891888881427_n.jpg",1024,682,false],"thumbnail":["https:\/\/construcaocivil.siriusmarketingedesign.com.br\/wp-content\/uploads\/2022\/11\/315409804_466043842297169_1411581891888881427_n-150x150.jpg",150,150,true],"medium":["https:\/\/construcaocivil.siriusmarketingedesign.com.br\/wp-content\/uploads\/2022\/11\/315409804_466043842297169_1411581891888881427_n-300x200.jpg",300,200,true],"medium_large":["https:\/\/construcaocivil.siriusmarketingedesign.com.br\/wp-content\/uploads\/2022\/11\/315409804_466043842297169_1411581891888881427_n-768x512.jpg",768,512,true],"large":["https:\/\/construcaocivil.siriusmarketingedesign.com.br\/wp-content\/uploads\/2022\/11\/315409804_466043842297169_1411581891888881427_n.jpg",1024,682,false],"1536x1536":["https:\/\/construcaocivil.siriusmarketingedesign.com.br\/wp-content\/uploads\/2022\/11\/315409804_466043842297169_1411581891888881427_n.jpg",1024,682,false],"2048x2048":["https:\/\/construcaocivil.siriusmarketingedesign.com.br\/wp-content\/uploads\/2022\/11\/315409804_466043842297169_1411581891888881427_n.jpg",1024,682,false]},"uagb_author_info":{"display_name":"Jornal da Constru\u00e7\u00e3o Civil","author_link":"https:\/\/construcaocivil.siriusmarketingedesign.com.br\/?author=1"},"uagb_comment_info":0,"uagb_excerpt":"O prefeito municipal Luciano Vidal e o vice-prefeito Izaques Marendaz receberam da Unesco o certificado de Paraty como Patrim\u00f4nio Mundial. A cerim\u00f4nia foi realizada neste s\u00e1bado, na Casa de Cultura de Paraty contou a presen\u00e7a da coordenadora de cultura da Unesco no Brasil, Isabel de Paula, do secret\u00e1rio do superintendente do Iphan no Rio de&hellip;","_links":{"self":[{"href":"https:\/\/construcaocivil.siriusmarketingedesign.com.br\/index.php?rest_route=\/wp\/v2\/posts\/20432","targetHints":{"allow":["GET"]}}],"collection":[{"href":"https:\/\/construcaocivil.siriusmarketingedesign.com.br\/index.php?rest_route=\/wp\/v2\/posts"}],"about":[{"href":"https:\/\/construcaocivil.siriusmarketingedesign.com.br\/index.php?rest_route=\/wp\/v2\/types\/post"}],"author":[{"embeddable":true,"href":"https:\/\/construcaocivil.siriusmarketingedesign.com.br\/index.php?rest_route=\/wp\/v2\/users\/1"}],"replies":[{"embeddable":true,"href":"https:\/\/construcaocivil.siriusmarketingedesign.com.br\/index.php?rest_route=%2Fwp%2Fv2%2Fcomments&post=20432"}],"version-history":[{"count":0,"href":"https:\/\/construcaocivil.siriusmarketingedesign.com.br\/index.php?rest_route=\/wp\/v2\/posts\/20432\/revisions"}],"wp:featuredmedia":[{"embeddable":true,"href":"https:\/\/construcaocivil.siriusmarketingedesign.com.br\/index.php?rest_route=\/wp\/v2\/media\/20433"}],"wp:attachment":[{"href":"https:\/\/construcaocivil.siriusmarketingedesign.com.br\/index.php?rest_route=%2Fwp%2Fv2%2Fmedia&parent=20432"}],"wp:term":[{"taxonomy":"category","embeddable":true,"href":"https:\/\/construcaocivil.siriusmarketingedesign.com.br\/index.php?rest_route=%2Fwp%2Fv2%2Fcategories&post=20432"},{"taxonomy":"post_tag","embeddable":true,"href":"https:\/\/construcaocivil.siriusmarketingedesign.com.br\/index.php?rest_route=%2Fwp%2Fv2%2Ftags&post=20432"}],"curies":[{"name":"wp","href":"https:\/\/api.w.org\/{rel}","templated":true}]}}