{"id":20438,"date":"2022-11-12T21:54:37","date_gmt":"2022-11-13T00:54:37","guid":{"rendered":"https:\/\/www.jornaldaconstrucaocivil.com.br\/?p=20438"},"modified":"2022-11-12T21:54:37","modified_gmt":"2022-11-13T00:54:37","slug":"onibus-mercedes-benz-e-transformado-em-sala-de-treinamento-com-simulador-em-parceira-com-sest-senat","status":"publish","type":"post","link":"https:\/\/construcaocivil.siriusmarketingedesign.com.br\/?p=20438","title":{"rendered":"\u00d4nibus Mercedes-Benz \u00e9 transformado em sala de treinamento com simulador em parceira com  SEST SENAT"},"content":{"rendered":"<p class=\"v1ql-align-justify\" style=\"text-align: justify;\">A\u00a0Mercedes-Benz\u00a0do Brasil, em mais uma importante parceria com o SEST SENAT (Servi\u00e7o Social do Transporte e Servi\u00e7o Nacional de Aprendizagem do Transporte), oferece uma nova contribui\u00e7\u00e3o para o aprimoramento e especializa\u00e7\u00e3o dos motoristas de caminh\u00f5es e \u00f4nibus. A Empresa acaba de ceder um \u00f4nibus que foi transformado em uma Unidade M\u00f3vel de Treinamento. O grande destaque \u00e9 o simulador de dire\u00e7\u00e3o, permitindo que este avan\u00e7ado recurso, seja levado a empresas de transporte, parceiros e locais de concentra\u00e7\u00e3o de motoristas.<\/p>\n<p class=\"v1ql-align-justify\" style=\"text-align: justify;\">&#8220;Em eventos como o Dia D Cliente e Customer Focus Day, que realizamos em nossas f\u00e1bricas a fim de ouvir o que os clientes t\u00eam a dizer e solicitar, ouvimos que os que nossos ve\u00edculos t\u00eam alto n\u00edvel tecnol\u00f3gico. No entanto, falta capacita\u00e7\u00e3o para os motoristas compreenderem esses benef\u00edcios e assim estarem preparados para usarem todo o potencial da transforma\u00e7\u00e3o digital dos nossos ve\u00edculos seja para melhorar a sua pr\u00f3pria performance na condu\u00e7\u00e3o do ve\u00edculo, seja na utiliza\u00e7\u00e3o de dispositivos de seguran\u00e7a de forma correta. Pensando ent\u00e3o no cliente do meu cliente, que s\u00e3o os motoristas, queremos contribuir para a capacita\u00e7\u00e3o dos profissionais das estradas de forma ainda mais direta e did\u00e1tica, utilizando toda a tecnologia dispon\u00edvel que est\u00e1 na experi\u00eancia com esse simulador&#8221;, afirma Roberto Leoncini, vice-presidente de Vendas e Marketing Caminh\u00f5es e \u00d4nibus da\u00a0Mercedes-Benz\u00a0do Brasil.<\/p>\n<p class=\"v1ql-align-justify\" style=\"text-align: justify;\">A diretora executiva nacional do SEST SENAT, Nicole Goulart, afirma que o lan\u00e7amento dessa unidade m\u00f3vel agrega ainda mais valor aos servi\u00e7os oferecidos pelo SEST SENAT. &#8220;Temos um compromisso com o desenvolvimento profissional dos motoristas, e poder contribuir para que ele se torne cada vez mais capacitado \u00e9 um dos focos do nosso trabalho. Al\u00e9m disso, o \u00f4nibus facilita o acesso dos trabalhadores ao simulador e permite que mais motoristas possam participar dos treinamentos.&#8221;<\/p>\n<p class=\"v1ql-align-justify\" style=\"text-align: justify;\">A iniciativa da capacita\u00e7\u00e3o profissional itinerante por meio do simulador em um \u00f4nibus \u00e9 tamb\u00e9m resultado dos estudos de um grupo multifuncional de colaboradores da\u00a0Mercedes-Benz\u00a0do Brasil focado em inova\u00e7\u00e3o disruptiva e novos neg\u00f3cios. Esse mesmo grupo \u00e9 respons\u00e1vel por outras solu\u00e7\u00f5es ligadas ao transporte e mobilidade, como o projeto social das Unidades M\u00f3veis de Sa\u00fade formado por 6 carretas e 2 \u00f4nibus que est\u00e3o rodando o Brasil e j\u00e1 realizaram mais de 608 mil procedimentos m\u00e9dicos para a popula\u00e7\u00e3o em situa\u00e7\u00e3o de vulnerabilidade.<\/p>\n<p class=\"v1ql-align-justify\" style=\"text-align: justify;\"><strong>Iniciativa contribui para a qualifica\u00e7\u00e3o profissional e a seguran\u00e7a nas estradas<\/strong><\/p>\n<p class=\"v1ql-align-justify\" style=\"text-align: justify;\">A\u00a0Mercedes-Benz\u00a0do Brasil tem longa tradi\u00e7\u00e3o na forma\u00e7\u00e3o e especializa\u00e7\u00e3o de profissionais do transporte, seja caminh\u00f5es ou \u00f4nibus. Em 2022, o TruckTraining, localizado em Campinas (SP), completou 40 anos contribuindo para a seguran\u00e7a, efici\u00eancia e sustentabilidade do ecossistema do transporte. Esse pioneirismo est\u00e1 incorporado nesta a\u00e7\u00e3o in\u00e9dita do simulador itinerante.<\/p>\n<p class=\"v1ql-align-justify\" style=\"text-align: justify;\">O \u00f4nibus com simulador de ve\u00edculos\u00a0Mercedes-Benz\u00a0proporcionar\u00e1 aos motoristas um treinamento completo, com apoio de um instrutor. O simulador de dire\u00e7\u00e3o do SEST SENAT \u00e9 uma tecnologia de ponta a servi\u00e7o da qualifica\u00e7\u00e3o profissional para o transporte. A pr\u00e1tica no equipamento faz parte do treinamento de motoristas de cargas e de passageiros e d\u00e1 aos alunos experi\u00eancia para enfrentar desafios reais da profiss\u00e3o.<\/p>\n<p class=\"v1ql-align-justify\" style=\"text-align: justify;\">O simulador reproduz a experi\u00eancia de se dirigir v\u00e1rios tipos de caminh\u00f5es e de \u00f4nibus, permitindo que o aluno vivencie diversas situa\u00e7\u00f5es que podem ocorrer no tr\u00e2nsito \u2013 como, por exemplo, condi\u00e7\u00f5es meteorol\u00f3gicas adversas, tr\u00e1fego intenso e perigo na via. Com isso, \u00e9 poss\u00edvel testar e adequar as rea\u00e7\u00f5es do condutor.<\/p>\n<p class=\"v1ql-align-justify\" style=\"text-align: justify;\">Al\u00e9m do aumento da seguran\u00e7a no tr\u00e2nsito e nas estradas, entre os resultados obtidos com a capacita\u00e7\u00e3o simulada incluem-se tamb\u00e9m a redu\u00e7\u00e3o do consumo de combust\u00edvel, a diminui\u00e7\u00e3o dos gastos com manuten\u00e7\u00e3o e a redu\u00e7\u00e3o dos custos operacionais do transporte.<\/p>\n<p class=\"v1ql-align-justify\" style=\"text-align: justify;\"><strong>Parceria de 15 anos com o SEST SENAT<\/strong><\/p>\n<p class=\"v1ql-align-justify\" style=\"text-align: justify;\">O SEST SENAT possui ampla experi\u00eancia com o uso do simulador de dire\u00e7\u00e3o em seus treinamentos, potencializando o aproveitamento deste recurso que agrega ainda mais valor \u00e0 qualifica\u00e7\u00e3o dos motoristas.<\/p>\n<p class=\"v1ql-align-justify\" style=\"text-align: justify;\">&#8220;A disponibiliza\u00e7\u00e3o de um \u00f4nibus da marca para essa a\u00e7\u00e3o reafirma nossa parceria de 15 anos com a entidade, que j\u00e1 conta com diversos caminh\u00f5es cedidos pela\u00a0Mercedes-Benz\u00a0para treinamento de motoristas. Ou seja, mais uma vez, estamos apoiando a profissionaliza\u00e7\u00e3o do setor, seguindo os princ\u00edpios do ecossistema do transporte respons\u00e1vel e os pilares ESG da nossa marca no Pa\u00eds&#8221;, destaca Roberto Leoncini.<\/p>\n<p class=\"v1ql-align-justify\" style=\"text-align: justify;\">Al\u00e9m da instala\u00e7\u00e3o do simulador, o \u00f4nibus\u00a0Mercedes-Benz\u00a0ganhou tamb\u00e9m uma ambienta\u00e7\u00e3o interna especialmente concebida para essa finalidade, com postos do motorista, do instrutor e do observador (sala na qual os alunos acompanham numa TV as simula\u00e7\u00f5es de outros participantes), podendo receber at\u00e9 seis pessoas por vez. Este ve\u00edculo est\u00e1 exposto na Fenatran 2022, at\u00e9 11 de novembro, em S\u00e3o Paulo, oferecendo simula\u00e7\u00f5es aos motoristas visitantes do evento.<\/p>\n<p class=\"v1ql-align-justify\" style=\"text-align: justify;\">Na Fenatran e em outros eventos, o SEST SENAT ir\u00e1 proporcionar uma imers\u00e3o com dura\u00e7\u00e3o m\u00e1xima de 5 minutos por motorista, com exerc\u00edcio predefinido para caminh\u00e3o extrapesado em cen\u00e1rios on-road e off-road, com dificuldade m\u00e9dia. Os participantes t\u00eam mais alguns minutos para observa\u00e7\u00e3o. Nas empresas, o formato e os tempos de simula\u00e7\u00e3o ir\u00e3o variar de acordo com as estruturas e demanda.<\/p>\n<p class=\"v1ql-align-justify\" style=\"text-align: justify;\">O objetivo dessa parceria da\u00a0Mercedes-Benz\u00a0com o SEST SENAT \u00e9 associar as t\u00e9cnicas de dire\u00e7\u00e3o segura e defensiva. Durante a fase de imers\u00e3o no simulador, o participante \u00e9 submetido a situa\u00e7\u00f5es de riscos previs\u00edveis e imprevis\u00edveis, que acontecem no dia a dia nas estradas. Numa sess\u00e3o te\u00f3rica ser\u00e3o refor\u00e7ados os conceitos de seguran\u00e7a, fazendo uma correla\u00e7\u00e3o com os pacotes tecnol\u00f3gicos de seguran\u00e7a ativa e passiva embarcados nos ve\u00edculos\u00a0Mercedes-Benz. Isso permite a demonstra\u00e7\u00e3o dos benef\u00edcios de cada recurso quando eles s\u00e3o operados da forma correta, mitigando os riscos apontados no exerc\u00edcio pr\u00e1tico.<\/p>\n","protected":false},"excerpt":{"rendered":"<p>A\u00a0Mercedes-Benz\u00a0do Brasil, em mais uma importante parceria com o SEST SENAT (Servi\u00e7o Social do Transporte e Servi\u00e7o Nacional de Aprendizagem do Transporte), oferece uma nova contribui\u00e7\u00e3o para o aprimoramento e especializa\u00e7\u00e3o dos motoristas de caminh\u00f5es e \u00f4nibus. A Empresa acaba de ceder um \u00f4nibus que foi transformado em uma Unidade M\u00f3vel de Treinamento. O grande [&hellip;]<\/p>\n","protected":false},"author":1,"featured_media":20439,"comment_status":"open","ping_status":"open","sticky":false,"template":"","format":"standard","meta":{"_uag_custom_page_level_css":"","footnotes":""},"categories":[32],"tags":[24506,24504,24503,24505,15029],"class_list":["post-20438","post","type-post","status-publish","format-standard","has-post-thumbnail","hentry","category-maquinas-e-equipamentos","tag-fenatran2022","tag-sestsenat","tag-caminhoes-e-onibus","tag-escola-para-motoristas","tag-mercedes-benz"],"blocksy_meta":[],"spectra_blocks_featured_image_url":{"thumbnail":{"url":"https:\/\/construcaocivil.siriusmarketingedesign.com.br\/wp-content\/uploads\/2022\/11\/b6c98d27-9a2e-49e7-8786-e63a28476691-150x150.jpg","width":150,"height":150},"medium":{"url":"https:\/\/construcaocivil.siriusmarketingedesign.com.br\/wp-content\/uploads\/2022\/11\/b6c98d27-9a2e-49e7-8786-e63a28476691-300x200.jpg","width":300,"height":200},"medium_large":{"url":"https:\/\/construcaocivil.siriusmarketingedesign.com.br\/wp-content\/uploads\/2022\/11\/b6c98d27-9a2e-49e7-8786-e63a28476691-768x512.jpg","width":768,"height":512},"large":{"url":"https:\/\/construcaocivil.siriusmarketingedesign.com.br\/wp-content\/uploads\/2022\/11\/b6c98d27-9a2e-49e7-8786-e63a28476691-1024x683.jpg","width":1024,"height":683},"full":{"url":"https:\/\/construcaocivil.siriusmarketingedesign.com.br\/wp-content\/uploads\/2022\/11\/b6c98d27-9a2e-49e7-8786-e63a28476691-scaled.jpg","width":2560,"height":1707}},"spectra_blocks_author_info":{"display_name":"Jornal da Constru\u00e7\u00e3o Civil","avatar_url":"https:\/\/secure.gravatar.com\/avatar\/973c9774fd44ddaceb026973c4962faa70fc512bc4c9da68e8ebb40fecee6540?s=96&d=mm&r=g","author_link":"https:\/\/construcaocivil.siriusmarketingedesign.com.br\/?author=1","description":"Desde de 2013, levando muitas informa\u00e7\u00f5es, lan\u00e7amentos e produtos de qualidade para toda cadeia produtiva da constru\u00e7\u00e3o. O Futuro da constru\u00e7\u00e3o passa por aqui,"},"uagb_featured_image_src":{"full":["https:\/\/construcaocivil.siriusmarketingedesign.com.br\/wp-content\/uploads\/2022\/11\/b6c98d27-9a2e-49e7-8786-e63a28476691-scaled.jpg",2560,1707,false],"thumbnail":["https:\/\/construcaocivil.siriusmarketingedesign.com.br\/wp-content\/uploads\/2022\/11\/b6c98d27-9a2e-49e7-8786-e63a28476691-150x150.jpg",150,150,true],"medium":["https:\/\/construcaocivil.siriusmarketingedesign.com.br\/wp-content\/uploads\/2022\/11\/b6c98d27-9a2e-49e7-8786-e63a28476691-300x200.jpg",300,200,true],"medium_large":["https:\/\/construcaocivil.siriusmarketingedesign.com.br\/wp-content\/uploads\/2022\/11\/b6c98d27-9a2e-49e7-8786-e63a28476691-768x512.jpg",768,512,true],"large":["https:\/\/construcaocivil.siriusmarketingedesign.com.br\/wp-content\/uploads\/2022\/11\/b6c98d27-9a2e-49e7-8786-e63a28476691-1024x683.jpg",1024,683,true],"1536x1536":["https:\/\/construcaocivil.siriusmarketingedesign.com.br\/wp-content\/uploads\/2022\/11\/b6c98d27-9a2e-49e7-8786-e63a28476691-1536x1024.jpg",1536,1024,true],"2048x2048":["https:\/\/construcaocivil.siriusmarketingedesign.com.br\/wp-content\/uploads\/2022\/11\/b6c98d27-9a2e-49e7-8786-e63a28476691-2048x1365.jpg",2048,1365,true]},"uagb_author_info":{"display_name":"Jornal da Constru\u00e7\u00e3o Civil","author_link":"https:\/\/construcaocivil.siriusmarketingedesign.com.br\/?author=1"},"uagb_comment_info":0,"uagb_excerpt":"A\u00a0Mercedes-Benz\u00a0do Brasil, em mais uma importante parceria com o SEST SENAT (Servi\u00e7o Social do Transporte e Servi\u00e7o Nacional de Aprendizagem do Transporte), oferece uma nova contribui\u00e7\u00e3o para o aprimoramento e especializa\u00e7\u00e3o dos motoristas de caminh\u00f5es e \u00f4nibus. A Empresa acaba de ceder um \u00f4nibus que foi transformado em uma Unidade M\u00f3vel de Treinamento. O grande&hellip;","_links":{"self":[{"href":"https:\/\/construcaocivil.siriusmarketingedesign.com.br\/index.php?rest_route=\/wp\/v2\/posts\/20438","targetHints":{"allow":["GET"]}}],"collection":[{"href":"https:\/\/construcaocivil.siriusmarketingedesign.com.br\/index.php?rest_route=\/wp\/v2\/posts"}],"about":[{"href":"https:\/\/construcaocivil.siriusmarketingedesign.com.br\/index.php?rest_route=\/wp\/v2\/types\/post"}],"author":[{"embeddable":true,"href":"https:\/\/construcaocivil.siriusmarketingedesign.com.br\/index.php?rest_route=\/wp\/v2\/users\/1"}],"replies":[{"embeddable":true,"href":"https:\/\/construcaocivil.siriusmarketingedesign.com.br\/index.php?rest_route=%2Fwp%2Fv2%2Fcomments&post=20438"}],"version-history":[{"count":0,"href":"https:\/\/construcaocivil.siriusmarketingedesign.com.br\/index.php?rest_route=\/wp\/v2\/posts\/20438\/revisions"}],"wp:featuredmedia":[{"embeddable":true,"href":"https:\/\/construcaocivil.siriusmarketingedesign.com.br\/index.php?rest_route=\/wp\/v2\/media\/20439"}],"wp:attachment":[{"href":"https:\/\/construcaocivil.siriusmarketingedesign.com.br\/index.php?rest_route=%2Fwp%2Fv2%2Fmedia&parent=20438"}],"wp:term":[{"taxonomy":"category","embeddable":true,"href":"https:\/\/construcaocivil.siriusmarketingedesign.com.br\/index.php?rest_route=%2Fwp%2Fv2%2Fcategories&post=20438"},{"taxonomy":"post_tag","embeddable":true,"href":"https:\/\/construcaocivil.siriusmarketingedesign.com.br\/index.php?rest_route=%2Fwp%2Fv2%2Ftags&post=20438"}],"curies":[{"name":"wp","href":"https:\/\/api.w.org\/{rel}","templated":true}]}}