{"id":20441,"date":"2022-11-14T16:26:20","date_gmt":"2022-11-14T19:26:20","guid":{"rendered":"https:\/\/www.jornaldaconstrucaocivil.com.br\/?p=20441"},"modified":"2022-11-14T16:26:20","modified_gmt":"2022-11-14T19:26:20","slug":"janja-agora-primeira-dama-confirma-combate-ao-racismo-em-entrevista-ao-fantastico","status":"publish","type":"post","link":"https:\/\/construcaocivil.siriusmarketingedesign.com.br\/?p=20441","title":{"rendered":"JANJA, agora primeira- dama confirma combate ao racismo em entrevista ao Fant\u00e1stico"},"content":{"rendered":"<p style=\"text-align: justify;\">Em entrevista concedida ao programa Fant\u00e1stico(TV Globo), a soci\u00f3loga Ros\u00e2ngela da Silva, esposa do presidente #LULA, 56, que prefere ser chamada de #Janja, deu um claro sinal de que, o papel da primeira- dama ser\u00e1 diferente de outras esposas que ocuparam o pal\u00e1cio do Planalto em momentos passados.<\/p>\n<p style=\"text-align: justify;\">Entre muitos assuntos debatido no Fant\u00e1stico, um assunto chamou aten\u00e7\u00e3o do nosso portal positivamente no que tange o respeito \u00e0 diversidade religiosa, em especial a religi\u00e3o de Matriz Africana(muito atacada no Brasil), Janja, ao ser questionado sobre os ataque feito por grupos racistas:<\/p>\n<h3 style=\"text-align: center;\"><span style=\"color: #800000;\"><em><strong>&#8220;Ser ligada a uma religi\u00e3o de matriz africana s\u00f3 me d\u00e1 orgulho&#8221;, disse Janja.<\/strong><\/em><\/span><\/h3>\n<p>Lembrando que o fosso s\u00f3cio- econ\u00f4mico entre Negros e Brancos no Brasil \u00e9 terr\u00edvel como comprovou o estudo do IBGE, divulgado na \u00faltima sexta (11), diz que afrodescendentes brasileiros est\u00e3o mais vulner\u00e1veis ao desemprego, a viol\u00eancia, \u00e1 falta de habita\u00e7\u00e3o, saneamento, sa\u00fade e educa\u00e7\u00e3o.<\/p>\n<p>Para quem n\u00e3o assistiu \u00e0 entrevista na \u00edntegra TV Globo\/FANT\u00c1STICO segue abaixo:<\/p>\n<div id=\"chunk-3qi42\">\n<div class=\"mc-column content-text active-extra-styles \" data-block-type=\"unstyled\" data-block-weight=\"55\" data-block-id=\"13\">\n<p class=\"content-text__container \" data-track-category=\"Link no Texto\" data-track-links=\"\"><a href=\"https:\/\/g1.globo.com\/tudo-sobre\/poliana-abritta\/\">Poliana Abritta<\/a>: E quando foi a primeira vez que voc\u00ea esteve com o presidente Lula?<br \/>\n<a href=\"https:\/\/g1.globo.com\/tudo-sobre\/janja-silva\/\">Janja<\/a>: Eu acho que foi talvez em algum evento no Paran\u00e1. N\u00e3o sei te dizer precisamente, assim, a data. Depois, na Itaipu eu estive mais vezes com ele porque ele era muito convidado pra Itaipu para os eventos.<\/p>\n<\/div>\n<\/div>\n<div id=\"chunk-8sgrs\">\n<div class=\"mc-column content-text active-extra-styles \" data-block-type=\"unstyled\" data-block-weight=\"108\" data-block-id=\"14\">\n<p class=\"content-text__container \" data-track-category=\"Link no Texto\" data-track-links=\"\"><a href=\"https:\/\/g1.globo.com\/tudo-sobre\/poliana-abritta\/\">Poliana Abritta<\/a>:\u00a0<span class=\"highlight highlighted\">Agora, a gente quer saber como foi e quando foi que voc\u00ea se apaixonou<\/span>?<br \/>\n<a href=\"https:\/\/g1.globo.com\/tudo-sobre\/janja-silva\/\">Janja<\/a>:\u00a0<span class=\"highlight highlighted\">Final de 2017, o MST fez um jogo<\/span>. E o Chico Buarque ia jogar. Todas n\u00f3s sabemos, Chico Buarque. E eu falei assim: \u2018Eu preciso ir nesse jogo\u2019. Acabei indo no jogo. E eu conheci, quer dizer, j\u00e1 conhecia o meu marido de outros momentos. \u00d3bvio que eu n\u00e3o sei se ele lembrava muito de mim. Mas enfim,\u00a0<span class=\"highlight highlighted\">a gente se sentou pra almo\u00e7ar<\/span>, todo mundo almo\u00e7ou, os convidados e tal. Depois,\u00a0<span class=\"highlight highlighted\">ele pediu o meu telefone para algu\u00e9m, eu recebi ali e foi indo<\/span>. A gente foi se aproximando.<\/p>\n<\/div>\n<\/div>\n<div id=\"chunk-4rhrk\">\n<div class=\"content-ads content-ads--reveal\" data-block-type=\"ads\" data-block-id=\"15\">\n<div id=\"banner_materia__6aa6faee-ce60-4f5e-9c0e-0ac2324b1fde\" class=\"tag-manager-publicidade-container mc-has-reveal mc-has-ad-lazyload\" data-id=\"banner_materia__6aa6faee-ce60-4f5e-9c0e-0ac2324b1fde\" data-req=\"true\">\n<div id=\"google_ads_iframe_\/95377733\/tvg_G1\/Fantastico_4__container__\"><\/div>\n<\/div>\n<\/div>\n<\/div>\n<div id=\"chunk-9g9vd\">\n<div class=\"row medium-uncollapsed content-media content-photo\" data-block-type=\"backstage-photo\" data-block-id=\"16\">\n<div class=\"column medium-22 large-20 medium-centered content-media__container\">\n<div class=\"content-media-container glb-skeleton-box\">\n<figure class=\"content-media-figure\"><img decoding=\"async\" class=\"i-amphtml-fill-content i-amphtml-replaced-content\" src=\"https:\/\/s2.glbimg.com\/huTeqqgnTfh1bxjk1856i2xNp2w=\/0x0:3000x2004\/1008x0\/smart\/filters:strip_icc()\/i.s3.glbimg.com\/v1\/AUTH_59edd422c0c84a879bd37670ae4f538a\/internal_photos\/bs\/2022\/o\/C\/Swbc9sTGi0G77pzVoF0w\/lula-2turno-dsc01949-fabio-tito.jpg\" srcset=\"\" alt=\"Lula ao lado da futura primeira-dama, Janja Silva. \u2014 Foto: F\u00e1bio Tito\/g1\" \/><\/figure>\n<\/div>\n<p class=\"content-media__description \">Lula ao lado da futura primeira-dama, Janja Silva. \u2014 Foto: F\u00e1bio Tito\/g1<\/p>\n<\/div>\n<\/div>\n<\/div>\n<div id=\"chunk-b3klk\">\n<div class=\"mc-column content-text active-extra-styles \" data-block-type=\"unstyled\" data-block-weight=\"143\" data-block-id=\"17\">\n<p class=\"content-text__container \" data-track-category=\"Link no Texto\" data-track-links=\"\"><strong>Maju<\/strong>:\u00a0<a href=\"https:\/\/g1.globo.com\/tudo-sobre\/janja-silva\/\">Janja<\/a>, falando de rede social, voc\u00ea pessoalmente foi associada de forma pejorativa a religi\u00f5es de matriz africana, como se isso fosse um problema, e eu gostaria de entender a sua vis\u00e3o sobre esse epis\u00f3dio e sobre a intoler\u00e2ncia religiosa.<br \/>\n<a href=\"https:\/\/g1.globo.com\/tudo-sobre\/janja-silva\/\">Janja<\/a>: Ter sido atacada por conta disso n\u00e3o me diminui. Pelo contr\u00e1rio, eu acho que ser ligada a uma religi\u00e3o de matriz africana s\u00f3 me d\u00e1 orgulho. Talvez isso represente um pouco do que \u00e9 os brasileiros e as brasileiras, sabe? Eu sou aquela pessoa que me emociono na missa, com a fala do padre, e tamb\u00e9m me emociono com o tambor. Tamb\u00e9m me emociono com um hino de louvor a Deus. E muitas pessoas disseram pra mim: voc\u00ea precisa apagar aquela foto. Tem uma foto minha no Instagram com algumas imagens de orix\u00e1s. Eu n\u00e3o vou apagar. Aquilo tamb\u00e9m me representa.<\/p>\n<\/div>\n<\/div>\n<div id=\"chunk-9gcc6\">\n<div class=\"content-ads content-ads--reveal\" data-block-type=\"ads\" data-block-id=\"18\">\n<div id=\"banner_materia__a6edec74-282f-462e-9bea-5c89307cba11\" class=\"tag-manager-publicidade-container mc-has-reveal mc-has-ad-lazyload\" data-id=\"banner_materia__a6edec74-282f-462e-9bea-5c89307cba11\" data-req=\"true\">\n<div id=\"google_ads_iframe_\/95377733\/tvg_G1\/Fantastico_3__container__\"><\/div>\n<\/div>\n<\/div>\n<\/div>\n<div id=\"chunk-d96t5\">\n<div class=\"mc-column content-text active-extra-styles \" data-block-type=\"unstyled\" data-block-weight=\"75\" data-block-id=\"19\">\n<p class=\"content-text__container \" data-track-category=\"Link no Texto\" data-track-links=\"\"><strong>Maju<\/strong>: Esse seu jeito atuante, espont\u00e2neo tamb\u00e9m despertou algumas cr\u00edticas. Cr\u00edticas internas. Como voc\u00ea lidou com a resist\u00eancia de parte da campanha?<br \/>\n<a href=\"https:\/\/g1.globo.com\/tudo-sobre\/janja-silva\/\">Janja<\/a>: Sinceramente, Maju, eu n\u00e3o me incomodei com isso, porque a opini\u00e3o que importava pra mim nesse momento da campanha era do meu marido. Se era importante para ele eu estar fazendo algumas coisas e estar do lado dele. E eu trouxe para mim esse papel de cuidar mesmo dele, de preserv\u00e1-lo.<\/p>\n<\/div>\n<\/div>\n<div id=\"chunk-eegn4\">\n<div class=\"mc-column content-text active-extra-styles \" data-block-type=\"unstyled\" data-block-weight=\"127\" data-block-id=\"20\">\n<p class=\"content-text__container \" data-track-category=\"Link no Texto\" data-track-links=\"\"><a href=\"https:\/\/g1.globo.com\/tudo-sobre\/poliana-abritta\/\">Poliana Abritta<\/a>: Falando sobre as cr\u00edticas que a Maju levantou: quem saiu em sua defesa, disse que houve machismo e talvez um pouco de ci\u00fames. Voc\u00ea acha que houve machismo? Houve ci\u00fames? Ou as duas coisas?<br \/>\n<a href=\"https:\/\/g1.globo.com\/tudo-sobre\/janja-silva\/\">Janja<\/a>: Acho que um pouquinho de cada um. Houve machismo porque talvez a figura do Lula por si s\u00f3 se bastasse. E agora tem uma mulher do lado dele, n\u00e3o que complemente, mas que soma com ele em algumas coisas. Isso n\u00e3o acontecia antes. S\u00f3 olhava para ele. E hoje ele tem um complemento, uma soma, que sou eu. E n\u00e3o \u00e9 porque eu estou do lado dele. \u00c9 porque eu sou essa pessoa. Eu sou uma pessoa que \u00e9 propositiva. Que n\u00e3o fica sentada. Que vai e faz.<\/p>\n<\/div>\n<\/div>\n<div id=\"chunk-flo0d\">\n<div class=\"content-ads content-ads--reveal\" data-block-type=\"ads\" data-block-id=\"21\">\n<div id=\"banner_materia__bcbf3085-c327-4015-9f70-a217a9efe67d\" class=\"tag-manager-publicidade-container mc-has-reveal mc-has-ad-lazyload\" data-id=\"banner_materia__bcbf3085-c327-4015-9f70-a217a9efe67d\" data-req=\"true\">\n<div id=\"google_ads_iframe_\/95377733\/tvg_G1\/Fantastico_7__container__\"><\/div>\n<\/div>\n<\/div>\n<\/div>\n<div id=\"chunk-7v5k8\">\n<div class=\"mc-column content-text active-extra-styles \" data-block-type=\"unstyled\" data-block-weight=\"106\" data-block-id=\"22\">\n<p class=\"content-text__container \" data-track-category=\"Link no Texto\" data-track-links=\"\"><a href=\"https:\/\/g1.globo.com\/tudo-sobre\/poliana-abritta\/\">Poliana Abritta<\/a>:\u00a0<a href=\"https:\/\/g1.globo.com\/tudo-sobre\/janja-silva\/\">Janja<\/a>, voc\u00ea mesmo falou e a gente viu ao longo da campanha o quanto voc\u00ea \u00e9 cuidadosa. Leva um bon\u00e9, d\u00e1 \u00e1gua ao Lula, protege, faz ali a seguran\u00e7a dele. Como \u00e9 que vai ser isso na presid\u00eancia?<br \/>\n<a href=\"https:\/\/g1.globo.com\/tudo-sobre\/janja-silva\/\">Janja<\/a>:\u00a0<span class=\"highlight highlighted\">Eu vou continuar do lado dele<\/span>. Eu n\u00e3o vou. Pelo menos, eu acho que eu n\u00e3o vou ficar&#8230;\u00a0<span class=\"highlight highlighted\">ele vai sair para trabalhar e eu vou ficar em casa. Isso vai ser dif\u00edcil acontecer, porque n\u00e3o \u00e9 da minha personalidade<\/span>. Ent\u00e3o, a gente vai estar junto. Eu vou estar do lado dele, eu acho que praticamente boa parte do tempo. Contribuindo no que eu puder contribuir.<\/p>\n<\/div>\n<\/div>\n<div id=\"chunk-dvqmk\">\n<div class=\"mc-column content-text active-extra-styles \" data-block-type=\"unstyled\" data-block-weight=\"64\" data-block-id=\"23\">\n<p class=\"content-text__container \" data-track-category=\"Link no Texto\" data-track-links=\"\"><strong>Maju:<\/strong>\u00a0Voc\u00ea j\u00e1 chegou a dizer que gostaria de ressignificar o papel de primeira-dama. Como voc\u00ea pretende atuar?<br \/>\n<a href=\"https:\/\/g1.globo.com\/tudo-sobre\/janja-silva\/\">Janja<\/a>:\u00a0<span class=\"highlight highlighted\">Eu queria ressignificar o conte\u00fado do que \u00e9 ser uma primeira-dama. Talvez trazendo algumas coisas importantes de algumas pautas importantes para as mulheres, para as pessoas, para as fam\u00edlias de modo geral<\/span>. Talvez seja esse.<span class=\"highlight highlighted\">\u00a0Um papel mais de articula\u00e7\u00e3o com a sociedade civil<\/span>.<\/p>\n<\/div>\n<\/div>\n<div id=\"chunk-9b7h7\">\n<div class=\"mc-column content-text active-extra-styles \" data-block-type=\"unstyled\" data-block-weight=\"177\" data-block-id=\"24\">\n<p class=\"content-text__container \" data-track-category=\"Link no Texto\" data-track-links=\"\"><strong>Maju<\/strong>: Voc\u00ea poderia citar para gente tr\u00eas compromissos com o Brasil nos pr\u00f3ximos anos?<br \/>\n<a href=\"https:\/\/g1.globo.com\/tudo-sobre\/janja-silva\/\">Janja<\/a>: Eu acho que compromisso meu, com certeza, \u00e9 trazer \u00e0 luz alguns temas que eu carrego na minha hist\u00f3ria. Que \u00e9 a\u00a0<span class=\"highlight highlighted\">quest\u00e3o de viol\u00eancia contra mulheres<\/span>, sim. N\u00f3s vamos trabalhar isso com muita for\u00e7a. Eu quero atuar bastante nisso. Fazer essa discuss\u00e3o com a sociedade. N\u00e3o \u00e9 com medida provis\u00f3ria que voc\u00ea resolve essa quest\u00e3o.\u00a0<span class=\"highlight highlighted\">Alimenta\u00e7\u00e3o, sim, \u00e9 outro compromisso importante. Que n\u00e3o \u00e9 s\u00f3 a alimenta\u00e7\u00e3o saud\u00e1vel, mas garantir a alimenta\u00e7\u00e3o. E, com certeza, a quest\u00e3o do racismo. Que \u00e9 uma coisa que a gente n\u00e3o consegue mais admitir na sociedade<\/span>. E, talvez, eu acho que n\u00e3o \u00e9 uma coisa, mas discutir um pouco mais com a sociedade de que forma que a gente transforma esse \u00f3dio que a gente vive hoje em rela\u00e7\u00f5es mais afetuosas? Em rela\u00e7\u00f5es mais saud\u00e1veis? E a\u00ed a sociedade civil, as institui\u00e7\u00f5es da sociedade civil tem um papel importante. Da gente poder fazer esse di\u00e1logo com as pessoas que n\u00e3o votaram na gente.<\/p>\n<\/div>\n<\/div>\n<div id=\"chunk-e9hfa\">\n<div class=\"content-ads content-ads--reveal\" data-block-type=\"ads\" data-block-id=\"25\">\n<div id=\"banner_materia__bfbac9be-33c1-46e2-b066-ce76854379d4\" class=\"tag-manager-publicidade-container mc-has-reveal mc-has-ad-lazyload\" data-id=\"banner_materia__bfbac9be-33c1-46e2-b066-ce76854379d4\" data-req=\"true\">\n<div id=\"google_ads_iframe_\/95377733\/tvg_G1\/Fantastico_8__container__\"><\/div>\n<\/div>\n<\/div>\n<\/div>\n<div class=\"mc-column content-text active-extra-styles\" data-block-type=\"raw\" data-block-weight=\"36\" data-block-id=\"26\">\n<p class=\"content-text__container\">\n<blockquote class=\"content-blockquote theme-border-color-primary-before\"><p><a href=\"https:\/\/g1.globo.com\/tudo-sobre\/janja-silva\/\">Janja<\/a>\u00a0tamb\u00e9m disse o que pensa sobre a necessidade de reconciliar um pa\u00eds dividido: \u201cDespertar um pouco de solidariedade e de compaix\u00e3o numa parcela da popula\u00e7\u00e3o brasileira, que parece que deixou isso perdido em algum lugar\u201d.<\/p><\/blockquote>\n<p>&nbsp;<\/p>\n<\/div>\n<div id=\"chunk-2vk4j\">\n<div class=\"mc-column content-text active-extra-styles \" data-block-type=\"unstyled\" data-block-weight=\"3\" data-block-id=\"27\"><\/div>\n<\/div>\n<p>https:\/\/g1.globo.com\/fantastico\/noticia\/2022\/11\/13\/janja-fala-pela-1a-vez-para-a-tv-sou-uma-pessoa-que-e-propositiva-que-nao-fica-sentada-que-vai-e-faz.ghtml<\/p>\n","protected":false},"excerpt":{"rendered":"<p>Em entrevista concedida ao programa Fant\u00e1stico(TV Globo), a soci\u00f3loga Ros\u00e2ngela da Silva, esposa do presidente #LULA, 56, que prefere ser chamada de #Janja, deu um claro sinal de que, o papel da primeira- dama ser\u00e1 diferente de outras esposas que ocuparam o pal\u00e1cio do Planalto em momentos passados. Entre muitos assuntos debatido no Fant\u00e1stico, um [&hellip;]<\/p>\n","protected":false},"author":1,"featured_media":20442,"comment_status":"open","ping_status":"open","sticky":false,"template":"","format":"standard","meta":{"_uag_custom_page_level_css":"","footnotes":""},"categories":[27],"tags":[24508,24160,24511,24507,5846,24509,24510],"class_list":["post-20441","post","type-post","status-publish","format-standard","has-post-thumbnail","hentry","category-acontece","tag-janja","tag-lulapresidente","tag-maju","tag-racismonao","tag-ibge","tag-religiao-de-matriz-africana","tag-tv-globo"],"blocksy_meta":[],"spectra_blocks_featured_image_url":{"thumbnail":{"url":"https:\/\/construcaocivil.siriusmarketingedesign.com.br\/wp-content\/uploads\/2022\/11\/whatsapp-image-2022-11-10-at-12.52.02-150x150.webp","width":150,"height":150},"medium":{"url":"https:\/\/construcaocivil.siriusmarketingedesign.com.br\/wp-content\/uploads\/2022\/11\/whatsapp-image-2022-11-10-at-12.52.02-300x225.webp","width":300,"height":225},"medium_large":{"url":"https:\/\/construcaocivil.siriusmarketingedesign.com.br\/wp-content\/uploads\/2022\/11\/whatsapp-image-2022-11-10-at-12.52.02-768x576.webp","width":768,"height":576},"large":{"url":"https:\/\/construcaocivil.siriusmarketingedesign.com.br\/wp-content\/uploads\/2022\/11\/whatsapp-image-2022-11-10-at-12.52.02.webp","width":1008,"height":756},"full":{"url":"https:\/\/construcaocivil.siriusmarketingedesign.com.br\/wp-content\/uploads\/2022\/11\/whatsapp-image-2022-11-10-at-12.52.02.webp","width":1008,"height":756}},"spectra_blocks_author_info":{"display_name":"Jornal da Constru\u00e7\u00e3o Civil","avatar_url":"https:\/\/secure.gravatar.com\/avatar\/973c9774fd44ddaceb026973c4962faa70fc512bc4c9da68e8ebb40fecee6540?s=96&d=mm&r=g","author_link":"https:\/\/construcaocivil.siriusmarketingedesign.com.br\/?author=1","description":"Desde de 2013, levando muitas informa\u00e7\u00f5es, lan\u00e7amentos e produtos de qualidade para toda cadeia produtiva da constru\u00e7\u00e3o. O Futuro da constru\u00e7\u00e3o passa por aqui,"},"uagb_featured_image_src":{"full":["https:\/\/construcaocivil.siriusmarketingedesign.com.br\/wp-content\/uploads\/2022\/11\/whatsapp-image-2022-11-10-at-12.52.02.webp",1008,756,false],"thumbnail":["https:\/\/construcaocivil.siriusmarketingedesign.com.br\/wp-content\/uploads\/2022\/11\/whatsapp-image-2022-11-10-at-12.52.02-150x150.webp",150,150,true],"medium":["https:\/\/construcaocivil.siriusmarketingedesign.com.br\/wp-content\/uploads\/2022\/11\/whatsapp-image-2022-11-10-at-12.52.02-300x225.webp",300,225,true],"medium_large":["https:\/\/construcaocivil.siriusmarketingedesign.com.br\/wp-content\/uploads\/2022\/11\/whatsapp-image-2022-11-10-at-12.52.02-768x576.webp",768,576,true],"large":["https:\/\/construcaocivil.siriusmarketingedesign.com.br\/wp-content\/uploads\/2022\/11\/whatsapp-image-2022-11-10-at-12.52.02.webp",1008,756,false],"1536x1536":["https:\/\/construcaocivil.siriusmarketingedesign.com.br\/wp-content\/uploads\/2022\/11\/whatsapp-image-2022-11-10-at-12.52.02.webp",1008,756,false],"2048x2048":["https:\/\/construcaocivil.siriusmarketingedesign.com.br\/wp-content\/uploads\/2022\/11\/whatsapp-image-2022-11-10-at-12.52.02.webp",1008,756,false]},"uagb_author_info":{"display_name":"Jornal da Constru\u00e7\u00e3o Civil","author_link":"https:\/\/construcaocivil.siriusmarketingedesign.com.br\/?author=1"},"uagb_comment_info":0,"uagb_excerpt":"Em entrevista concedida ao programa Fant\u00e1stico(TV Globo), a soci\u00f3loga Ros\u00e2ngela da Silva, esposa do presidente #LULA, 56, que prefere ser chamada de #Janja, deu um claro sinal de que, o papel da primeira- dama ser\u00e1 diferente de outras esposas que ocuparam o pal\u00e1cio do Planalto em momentos passados. Entre muitos assuntos debatido no Fant\u00e1stico, um&hellip;","_links":{"self":[{"href":"https:\/\/construcaocivil.siriusmarketingedesign.com.br\/index.php?rest_route=\/wp\/v2\/posts\/20441","targetHints":{"allow":["GET"]}}],"collection":[{"href":"https:\/\/construcaocivil.siriusmarketingedesign.com.br\/index.php?rest_route=\/wp\/v2\/posts"}],"about":[{"href":"https:\/\/construcaocivil.siriusmarketingedesign.com.br\/index.php?rest_route=\/wp\/v2\/types\/post"}],"author":[{"embeddable":true,"href":"https:\/\/construcaocivil.siriusmarketingedesign.com.br\/index.php?rest_route=\/wp\/v2\/users\/1"}],"replies":[{"embeddable":true,"href":"https:\/\/construcaocivil.siriusmarketingedesign.com.br\/index.php?rest_route=%2Fwp%2Fv2%2Fcomments&post=20441"}],"version-history":[{"count":0,"href":"https:\/\/construcaocivil.siriusmarketingedesign.com.br\/index.php?rest_route=\/wp\/v2\/posts\/20441\/revisions"}],"wp:featuredmedia":[{"embeddable":true,"href":"https:\/\/construcaocivil.siriusmarketingedesign.com.br\/index.php?rest_route=\/wp\/v2\/media\/20442"}],"wp:attachment":[{"href":"https:\/\/construcaocivil.siriusmarketingedesign.com.br\/index.php?rest_route=%2Fwp%2Fv2%2Fmedia&parent=20441"}],"wp:term":[{"taxonomy":"category","embeddable":true,"href":"https:\/\/construcaocivil.siriusmarketingedesign.com.br\/index.php?rest_route=%2Fwp%2Fv2%2Fcategories&post=20441"},{"taxonomy":"post_tag","embeddable":true,"href":"https:\/\/construcaocivil.siriusmarketingedesign.com.br\/index.php?rest_route=%2Fwp%2Fv2%2Ftags&post=20441"}],"curies":[{"name":"wp","href":"https:\/\/api.w.org\/{rel}","templated":true}]}}