{"id":20453,"date":"2022-11-15T23:01:07","date_gmt":"2022-11-16T02:01:07","guid":{"rendered":"https:\/\/www.jornaldaconstrucaocivil.com.br\/?p=20453"},"modified":"2022-11-15T23:01:07","modified_gmt":"2022-11-16T02:01:07","slug":"na-cop-27-organizacoes-defendem-uma-agenda-integrada-para-a-amazonia-voltada-ao-bem-estar-das-populacoes","status":"publish","type":"post","link":"https:\/\/construcaocivil.siriusmarketingedesign.com.br\/?p=20453","title":{"rendered":"Na COP 27, organiza\u00e7\u00f5es defendem uma agenda integrada para a Amaz\u00f4nia voltada ao bem-estar das popula\u00e7\u00f5es"},"content":{"rendered":"<p class=\"v1ql-align-justify\" style=\"text-align: justify;\">O Brasil tem todas as credenciais para reassumir a lideran\u00e7a na agenda clim\u00e1tica mundial. Essa \u00e9 uma das conclus\u00f5es de um painel liderado por organiza\u00e7\u00f5es da sociedade civil brasileiras na ter\u00e7a, dia 15\/11, no espa\u00e7o oficial da Conven\u00e7\u00e3o-Quadro das Na\u00e7\u00f5es Unidas para a Mudan\u00e7a do Clima (UNFCCC), na COP 27, que acontece em Sharm el-Sheikh, no Egito.<\/p>\n<p class=\"v1ql-align-justify\" style=\"text-align: justify;\">&#8220;O pa\u00eds precisa retornar como protagonista nessa agenda. Se n\u00e3o for assim, nada do que discutimos aqui nas sess\u00f5es e pain\u00e9is da COP faz sentido. Nada ser\u00e1 conquistado&#8221;, afirmou Andreas Dahl J\u00f8rgensen, diretor da Norway&#8217;s International Climate &amp; Forest Initiative (NICFI). Criada pelo governo noruegu\u00eas em 2008, a iniciativa investe na recupera\u00e7\u00e3o de florestas tropicais ao redor do mundo e na qualidade de vida de suas popula\u00e7\u00f5es.<\/p>\n<p class=\"v1ql-align-justify\" style=\"text-align: justify;\">Para que isso aconte\u00e7a, o Brasil tem de enfrentar o s\u00e9rio problema do desmatamento, principal fonte das emiss\u00f5es de gases de efeito estufa do pa\u00eds. A conserva\u00e7\u00e3o da Amaz\u00f4nia \u00e9, por esse motivo, importante parte da solu\u00e7\u00e3o, mas deve ser conjugada a um plano maior de desenvolvimento para a regi\u00e3o, que coloque as popula\u00e7\u00f5es locais\u00a0como uma das prioridades.<\/p>\n<p class=\"v1ql-align-justify\" style=\"text-align: justify;\">&#8220;O fim do desmatamento precisa ser o resultado de um processo amplo e sist\u00eamico que promova o bem-estar das popula\u00e7\u00f5es que vivem no bioma&#8221;, diz Renata Piazzon, diretora do Instituto Arapya\u00fa e secret\u00e1ria-executiva da iniciativa\u00a0<strong>Uma Concerta\u00e7\u00e3o pela Amaz\u00f4nia<\/strong>, rede com mais de 500 l\u00edderes que atuam em prol da regi\u00e3o e uma das organiza\u00e7\u00f5es respons\u00e1veis pelo painel. &#8220;Por isso, as agendas social e econ\u00f4mica s\u00e3o t\u00e3o importantes quanto a ambiental no combate ao desmatamento.&#8221;<\/p>\n<p class=\"v1ql-align-justify\" style=\"text-align: justify;\">No entanto, implementar a\u00e7\u00f5es que deem conta de uma vis\u00e3o sist\u00eamica para os desafios da Amaz\u00f4nia demanda uma agenda de m\u00e9dio e longo prazos, ainda que o desmatamento tenha de ser barrado imediatamente. &#8220;Chegaremos nesse desenvolvimento integrado e sustent\u00e1vel a partir de uma pol\u00edtica constru\u00edda conjuntamente entre os Estados amaz\u00f4nicos, as organiza\u00e7\u00f5es sociais e o novo governo federal&#8221;, afirmou o governador do Par\u00e1, Helder Barbalho, durante o evento.<\/p>\n<p class=\"v1ql-align-justify\" style=\"text-align: justify;\">\n<p class=\"v1ql-align-justify\" style=\"text-align: justify;\"><strong>Vis\u00e3o integrada e trabalho colaborativo\u00a0\u00a0<\/strong><\/p>\n<p class=\"v1ql-align-justify\" style=\"text-align: justify;\">Uma agenda integrada de desenvolvimento para a Amaz\u00f4nia, considerando suas m\u00faltiplas diversidades, \u00e9 a base da proposta que a iniciativa Uma Concerta\u00e7\u00e3o pela Amaz\u00f4nia levou para a COP. O documento\u00a0<strong>&#8220;100 primeiros dias de governo: propostas para uma agenda integrada das Amaz\u00f4nias&#8221;<\/strong>\u00a0sinaliza a import\u00e2ncia do per\u00edodo inicial de mandato para que os governos demonstrem seu comprometimento com a pauta, mas traz recomenda\u00e7\u00f5es que podem ser aplicadas tamb\u00e9m em m\u00e9dio e longo prazos.<\/p>\n<p class=\"v1ql-align-justify\" style=\"text-align: justify;\">O documento foi elaborado de forma colaborativa e envolveu cerca de 130 pessoas na constru\u00e7\u00e3o das propostas em diversas \u00e1reas, que v\u00e3o de Sa\u00fade, Educa\u00e7\u00e3o e Seguran\u00e7a P\u00fablica a Ordenamento Territorial, Combate \u00e0 Fome e Ci\u00eancia, Tecnologia e Inova\u00e7\u00e3o.<\/p>\n<p class=\"v1ql-align-justify\" style=\"text-align: justify;\">&#8220;Para que a conserva\u00e7\u00e3o da floresta seja duradoura \u00e9 necess\u00e1rio transformar mentalidades e criar condi\u00e7\u00f5es para que os brasileiros, principalmente os que vivem nela, conciliem capital natural, qualidade de vida e prosperidade econ\u00f4mica. Por isso a conex\u00e3o entre desmatamento e os temas que abordamos faz tanto sentido&#8221;, afirma Piazzon.<\/p>\n<p style=\"text-align: justify;\"><strong>Sobre a iniciativa Uma Concerta\u00e7\u00e3o pela Amaz\u00f4nia<\/strong><\/p>\n<p style=\"text-align: justify;\">\u00c9 uma rede com mais de 500 l\u00edderes criada em 2020 como um espa\u00e7o democr\u00e1tico de debate para que diversas iniciativas que atuam em prol da regi\u00e3o pudessem se encontrar, dialogar e ampliar o impacto de suas a\u00e7\u00f5es. Apartid\u00e1ria e plural, a iniciativa re\u00fane representantes dos setores p\u00fablico e privado, academia, sociedade civil e imprensa, que se juntaram para buscar propostas e projetos para a floresta e as pessoas que vivem na regi\u00e3o. Saiba mais em:\u00a0<a href=\"https:\/\/click.cse360.com.br\/Click\/AddCampaignEmailClick\/4833f189-850d-4ef1-59a6-08dac3ee9348\/https%253a%252f%252fconcertacaoamazonia.com.br%252f\/e5a1d2fa-94bb-4a21-b332-08d7c5ff26d1\/redacao@jornaldaconstrucaocivil.com.br\/True\" target=\"_blank\" rel=\"noopener noreferrer\"><span style=\"color: #0000ff;\">concertacaoamazonia<\/span>.<span style=\"color: #0000ff;\">com<\/span>.<span style=\"color: #0000ff;\">br<\/span><\/a><\/p>\n","protected":false},"excerpt":{"rendered":"<p>O Brasil tem todas as credenciais para reassumir a lideran\u00e7a na agenda clim\u00e1tica mundial. Essa \u00e9 uma das conclus\u00f5es de um painel liderado por organiza\u00e7\u00f5es da sociedade civil brasileiras na ter\u00e7a, dia 15\/11, no espa\u00e7o oficial da Conven\u00e7\u00e3o-Quadro das Na\u00e7\u00f5es Unidas para a Mudan\u00e7a do Clima (UNFCCC), na COP 27, que acontece em Sharm el-Sheikh, [&hellip;]<\/p>\n","protected":false},"author":1,"featured_media":20454,"comment_status":"open","ping_status":"open","sticky":false,"template":"","format":"standard","meta":{"_uag_custom_page_level_css":"","footnotes":""},"categories":[37],"tags":[24515,24518,24516,9183,24517,16813],"class_list":["post-20453","post","type-post","status-publish","format-standard","has-post-thumbnail","hentry","category-sustentabilidade","tag-cop-27","tag-unfccc","tag-egito-africa","tag-povos-indigenas","tag-preservacao-das-terras-indigenas","tag-terras-quilombolas"],"blocksy_meta":[],"spectra_blocks_featured_image_url":{"thumbnail":{"url":"https:\/\/construcaocivil.siriusmarketingedesign.com.br\/wp-content\/uploads\/2022\/11\/lula-com-povos-indigenas-belem-para-ricardostuckert-2-750x440-1-150x150.jpeg","width":150,"height":150},"medium":{"url":"https:\/\/construcaocivil.siriusmarketingedesign.com.br\/wp-content\/uploads\/2022\/11\/lula-com-povos-indigenas-belem-para-ricardostuckert-2-750x440-1-300x176.jpeg","width":300,"height":176},"medium_large":{"url":"https:\/\/construcaocivil.siriusmarketingedesign.com.br\/wp-content\/uploads\/2022\/11\/lula-com-povos-indigenas-belem-para-ricardostuckert-2-750x440-1.jpeg","width":750,"height":440},"large":{"url":"https:\/\/construcaocivil.siriusmarketingedesign.com.br\/wp-content\/uploads\/2022\/11\/lula-com-povos-indigenas-belem-para-ricardostuckert-2-750x440-1.jpeg","width":750,"height":440},"full":{"url":"https:\/\/construcaocivil.siriusmarketingedesign.com.br\/wp-content\/uploads\/2022\/11\/lula-com-povos-indigenas-belem-para-ricardostuckert-2-750x440-1.jpeg","width":750,"height":440}},"spectra_blocks_author_info":{"display_name":"Jornal da Constru\u00e7\u00e3o Civil","avatar_url":"https:\/\/secure.gravatar.com\/avatar\/973c9774fd44ddaceb026973c4962faa70fc512bc4c9da68e8ebb40fecee6540?s=96&d=mm&r=g","author_link":"https:\/\/construcaocivil.siriusmarketingedesign.com.br\/?author=1","description":"Desde de 2013, levando muitas informa\u00e7\u00f5es, lan\u00e7amentos e produtos de qualidade para toda cadeia produtiva da constru\u00e7\u00e3o. O Futuro da constru\u00e7\u00e3o passa por aqui,"},"uagb_featured_image_src":{"full":["https:\/\/construcaocivil.siriusmarketingedesign.com.br\/wp-content\/uploads\/2022\/11\/lula-com-povos-indigenas-belem-para-ricardostuckert-2-750x440-1.jpeg",750,440,false],"thumbnail":["https:\/\/construcaocivil.siriusmarketingedesign.com.br\/wp-content\/uploads\/2022\/11\/lula-com-povos-indigenas-belem-para-ricardostuckert-2-750x440-1-150x150.jpeg",150,150,true],"medium":["https:\/\/construcaocivil.siriusmarketingedesign.com.br\/wp-content\/uploads\/2022\/11\/lula-com-povos-indigenas-belem-para-ricardostuckert-2-750x440-1-300x176.jpeg",300,176,true],"medium_large":["https:\/\/construcaocivil.siriusmarketingedesign.com.br\/wp-content\/uploads\/2022\/11\/lula-com-povos-indigenas-belem-para-ricardostuckert-2-750x440-1.jpeg",750,440,false],"large":["https:\/\/construcaocivil.siriusmarketingedesign.com.br\/wp-content\/uploads\/2022\/11\/lula-com-povos-indigenas-belem-para-ricardostuckert-2-750x440-1.jpeg",750,440,false],"1536x1536":["https:\/\/construcaocivil.siriusmarketingedesign.com.br\/wp-content\/uploads\/2022\/11\/lula-com-povos-indigenas-belem-para-ricardostuckert-2-750x440-1.jpeg",750,440,false],"2048x2048":["https:\/\/construcaocivil.siriusmarketingedesign.com.br\/wp-content\/uploads\/2022\/11\/lula-com-povos-indigenas-belem-para-ricardostuckert-2-750x440-1.jpeg",750,440,false]},"uagb_author_info":{"display_name":"Jornal da Constru\u00e7\u00e3o Civil","author_link":"https:\/\/construcaocivil.siriusmarketingedesign.com.br\/?author=1"},"uagb_comment_info":0,"uagb_excerpt":"O Brasil tem todas as credenciais para reassumir a lideran\u00e7a na agenda clim\u00e1tica mundial. Essa \u00e9 uma das conclus\u00f5es de um painel liderado por organiza\u00e7\u00f5es da sociedade civil brasileiras na ter\u00e7a, dia 15\/11, no espa\u00e7o oficial da Conven\u00e7\u00e3o-Quadro das Na\u00e7\u00f5es Unidas para a Mudan\u00e7a do Clima (UNFCCC), na COP 27, que acontece em Sharm el-Sheikh,&hellip;","_links":{"self":[{"href":"https:\/\/construcaocivil.siriusmarketingedesign.com.br\/index.php?rest_route=\/wp\/v2\/posts\/20453","targetHints":{"allow":["GET"]}}],"collection":[{"href":"https:\/\/construcaocivil.siriusmarketingedesign.com.br\/index.php?rest_route=\/wp\/v2\/posts"}],"about":[{"href":"https:\/\/construcaocivil.siriusmarketingedesign.com.br\/index.php?rest_route=\/wp\/v2\/types\/post"}],"author":[{"embeddable":true,"href":"https:\/\/construcaocivil.siriusmarketingedesign.com.br\/index.php?rest_route=\/wp\/v2\/users\/1"}],"replies":[{"embeddable":true,"href":"https:\/\/construcaocivil.siriusmarketingedesign.com.br\/index.php?rest_route=%2Fwp%2Fv2%2Fcomments&post=20453"}],"version-history":[{"count":0,"href":"https:\/\/construcaocivil.siriusmarketingedesign.com.br\/index.php?rest_route=\/wp\/v2\/posts\/20453\/revisions"}],"wp:featuredmedia":[{"embeddable":true,"href":"https:\/\/construcaocivil.siriusmarketingedesign.com.br\/index.php?rest_route=\/wp\/v2\/media\/20454"}],"wp:attachment":[{"href":"https:\/\/construcaocivil.siriusmarketingedesign.com.br\/index.php?rest_route=%2Fwp%2Fv2%2Fmedia&parent=20453"}],"wp:term":[{"taxonomy":"category","embeddable":true,"href":"https:\/\/construcaocivil.siriusmarketingedesign.com.br\/index.php?rest_route=%2Fwp%2Fv2%2Fcategories&post=20453"},{"taxonomy":"post_tag","embeddable":true,"href":"https:\/\/construcaocivil.siriusmarketingedesign.com.br\/index.php?rest_route=%2Fwp%2Fv2%2Ftags&post=20453"}],"curies":[{"name":"wp","href":"https:\/\/api.w.org\/{rel}","templated":true}]}}