{"id":20465,"date":"2022-11-18T15:05:00","date_gmt":"2022-11-18T18:05:00","guid":{"rendered":"https:\/\/www.jornaldaconstrucaocivil.com.br\/?p=20465"},"modified":"2022-11-18T15:05:00","modified_gmt":"2022-11-18T18:05:00","slug":"crea-rj-entrega-premio-jose-chacon-de-assis-em-homenagem-a-profissionais-da-engenharia-eletrica","status":"publish","type":"post","link":"https:\/\/construcaocivil.siriusmarketingedesign.com.br\/?p=20465","title":{"rendered":"Crea-RJ entrega Pr\u00eamio Jos\u00e9 Chacon de Assis em homenagem a profissionais da Engenharia El\u00e9trica"},"content":{"rendered":"<p>O Crea-RJ realiza no pr\u00f3ximo dia 25, \u00e0s 15h, a cerim\u00f4nia de entrega do Pr\u00eamio Jos\u00e9 Chacon de Assis. A premia\u00e7\u00e3o surgiu este ano para expressar o reconhecimento, em vida, a profissionais que atuaram na C\u00e2mara Especializada de Engenharia El\u00e9trica (CEEE) da entidade, e que tenham se destacado por suas posi\u00e7\u00f5es, a\u00e7\u00f5es e projetos na luta pela defesa e preserva\u00e7\u00e3o da Engenharia El\u00e9trica.<\/p>\n<p>Nesta primeira edi\u00e7\u00e3o do Pr\u00eamio Jos\u00e9 Chacon de Assis, o homenageado ser\u00e1 o Engenheiro Eletricista Jos\u00e9 Silv\u00e9rio Barboza, especialista em Instala\u00e7\u00e3o de Sistemas El\u00e9tricos. A solenidade ocorrer\u00e1 de forma presencial na sede do Crea-RJ (<a href=\"https:\/\/s2211.imxsnd08.com\/link.php?code=bDpodHRwcyUzQSUyRiUyRnd3dy5nb29nbGUuY29tJTJGbWFwcyUyRnNlYXJjaCUyRlJ1YSUyQkJ1ZW5vcyUyQkFpcmVzJTJDJTJCNDAlMkIlMkJDZW50cm8lM0ZlbnRyeSUzRGdtYWlsJTI2c291cmNlJTNEZzozNDExODY5NDY6c2V2ZXJpYW5Aam9ybmFsZGFjb25zdHJ1Y2FvY2l2aWwuY29tLmJyOjM3ZGFhMjoyZA==\" target=\"_blank\" rel=\"noopener noreferrer\"><span style=\"color: #0000ff;\">R. Buenos Aires, 40\u00a0<\/span><\/a><span style=\"color: #0000ff;\">&#8212;\u00a0<a style=\"color: #0000ff;\" href=\"https:\/\/s2211.imxsnd08.com\/link.php?code=bDpodHRwcyUzQSUyRiUyRnd3dy5nb29nbGUuY29tJTJGbWFwcyUyRnNlYXJjaCUyRlJ1YSUyQkJ1ZW5vcyUyQkFpcmVzJTJDJTJCNDAlMkIlMkJDZW50cm8lM0ZlbnRyeSUzRGdtYWlsJTI2c291cmNlJTNEZzozNDExODY5NDY6c2V2ZXJpYW5Aam9ybmFsZGFjb25zdHJ1Y2FvY2l2aWwuY29tLmJyOjM3ZGFhMjoyZA==\" target=\"_blank\" rel=\"noopener noreferrer\">Centro<\/a><\/span>) e contar\u00e1 com a presen\u00e7a de familiares de Jos\u00e9 Chacon de Assis, morto em 2018.<\/p>\n<p>A partir deste ano, o Pr\u00eamio entra no calend\u00e1rio anual de eventos do Crea-RJ. A iniciativa permite a identifica\u00e7\u00e3o de profissionais com valores morais e \u00e9ticos, que contribu\u00edram ou venham a contribuir com a melhoria da qualidade de vida e de comportamentos, que serviram, ou poder\u00e3o servir de exemplo e nortear a\u00e7\u00f5es dos atuais e futuros Conselheiros do Crea-RJ.<\/p>\n<p>&#8220;Quem tem orgulho da obra assina embaixo. Assim dizia o Engenheiro Eletricista Jos\u00e9 Chacon de Assis. \u00c9 esse olhar vision\u00e1rio que muito nos honra de hoje estarmos criando o Pr\u00eamio que leva o seu nome. Al\u00e9m da grande contribui\u00e7\u00e3o ao nosso Crea do Rio de Janeiro como Conselheiro e Presidente, Chacon tamb\u00e9m foi um dos nossos representantes no Confea. Por isso, \u00e9 um enorme prazer relembrar sua atua\u00e7\u00e3o por meio dessa premia\u00e7\u00e3o t\u00e3o importante para n\u00f3s, da Engenharia El\u00e9trica&#8221;, afirma Alceb\u00edades<\/p>\n<p>Fonseca, Coordenador da C\u00e2mara Especializada de Engenharia El\u00e9trica do Crea-RJ.<\/p>\n<p>A cerim\u00f4nia de premia\u00e7\u00e3o ser\u00e1 transmitida ao vivo pelo\u00a0<a href=\"https:\/\/youtube.com\/@WebTVCREARJ\" target=\"_blank\" rel=\"noopener noreferrer\"><span style=\"color: #0000ff;\">canal do Youtube do Crea-RJ<\/span><\/a><span style=\"color: #0000ff;\">\u00a0<\/span>.<\/p>\n","protected":false},"excerpt":{"rendered":"<p>O Crea-RJ realiza no pr\u00f3ximo dia 25, \u00e0s 15h, a cerim\u00f4nia de entrega do Pr\u00eamio Jos\u00e9 Chacon de Assis. A premia\u00e7\u00e3o surgiu este ano para expressar o reconhecimento, em vida, a profissionais que atuaram na C\u00e2mara Especializada de Engenharia El\u00e9trica (CEEE) da entidade, e que tenham se destacado por suas posi\u00e7\u00f5es, a\u00e7\u00f5es e projetos na [&hellip;]<\/p>\n","protected":false},"author":1,"featured_media":20467,"comment_status":"open","ping_status":"open","sticky":false,"template":"","format":"standard","meta":{"_uag_custom_page_level_css":"","footnotes":""},"categories":[27],"tags":[14686,3143,24530,24529],"class_list":["post-20465","post","type-post","status-publish","format-standard","has-post-thumbnail","hentry","category-acontece","tag-cidadania-e-cultura","tag-crea-rj","tag-engenharia-e-desenvolvimento","tag-premio-jose-chacon-de-assis"],"blocksy_meta":[],"spectra_blocks_featured_image_url":{"thumbnail":{"url":"https:\/\/construcaocivil.siriusmarketingedesign.com.br\/wp-content\/uploads\/2022\/11\/banner-mobile-premio-chacon-2022-150x150.jpg","width":150,"height":150},"medium":{"url":"https:\/\/construcaocivil.siriusmarketingedesign.com.br\/wp-content\/uploads\/2022\/11\/banner-mobile-premio-chacon-2022-300x100.jpg","width":300,"height":100},"medium_large":{"url":"https:\/\/construcaocivil.siriusmarketingedesign.com.br\/wp-content\/uploads\/2022\/11\/banner-mobile-premio-chacon-2022.jpg","width":600,"height":200},"large":{"url":"https:\/\/construcaocivil.siriusmarketingedesign.com.br\/wp-content\/uploads\/2022\/11\/banner-mobile-premio-chacon-2022.jpg","width":600,"height":200},"full":{"url":"https:\/\/construcaocivil.siriusmarketingedesign.com.br\/wp-content\/uploads\/2022\/11\/banner-mobile-premio-chacon-2022.jpg","width":600,"height":200}},"spectra_blocks_author_info":{"display_name":"Jornal da Constru\u00e7\u00e3o Civil","avatar_url":"https:\/\/secure.gravatar.com\/avatar\/973c9774fd44ddaceb026973c4962faa70fc512bc4c9da68e8ebb40fecee6540?s=96&d=mm&r=g","author_link":"https:\/\/construcaocivil.siriusmarketingedesign.com.br\/?author=1","description":"Desde de 2013, levando muitas informa\u00e7\u00f5es, lan\u00e7amentos e produtos de qualidade para toda cadeia produtiva da constru\u00e7\u00e3o. O Futuro da constru\u00e7\u00e3o passa por aqui,"},"uagb_featured_image_src":{"full":["https:\/\/construcaocivil.siriusmarketingedesign.com.br\/wp-content\/uploads\/2022\/11\/banner-mobile-premio-chacon-2022.jpg",600,200,false],"thumbnail":["https:\/\/construcaocivil.siriusmarketingedesign.com.br\/wp-content\/uploads\/2022\/11\/banner-mobile-premio-chacon-2022-150x150.jpg",150,150,true],"medium":["https:\/\/construcaocivil.siriusmarketingedesign.com.br\/wp-content\/uploads\/2022\/11\/banner-mobile-premio-chacon-2022-300x100.jpg",300,100,true],"medium_large":["https:\/\/construcaocivil.siriusmarketingedesign.com.br\/wp-content\/uploads\/2022\/11\/banner-mobile-premio-chacon-2022.jpg",600,200,false],"large":["https:\/\/construcaocivil.siriusmarketingedesign.com.br\/wp-content\/uploads\/2022\/11\/banner-mobile-premio-chacon-2022.jpg",600,200,false],"1536x1536":["https:\/\/construcaocivil.siriusmarketingedesign.com.br\/wp-content\/uploads\/2022\/11\/banner-mobile-premio-chacon-2022.jpg",600,200,false],"2048x2048":["https:\/\/construcaocivil.siriusmarketingedesign.com.br\/wp-content\/uploads\/2022\/11\/banner-mobile-premio-chacon-2022.jpg",600,200,false]},"uagb_author_info":{"display_name":"Jornal da Constru\u00e7\u00e3o Civil","author_link":"https:\/\/construcaocivil.siriusmarketingedesign.com.br\/?author=1"},"uagb_comment_info":0,"uagb_excerpt":"O Crea-RJ realiza no pr\u00f3ximo dia 25, \u00e0s 15h, a cerim\u00f4nia de entrega do Pr\u00eamio Jos\u00e9 Chacon de Assis. A premia\u00e7\u00e3o surgiu este ano para expressar o reconhecimento, em vida, a profissionais que atuaram na C\u00e2mara Especializada de Engenharia El\u00e9trica (CEEE) da entidade, e que tenham se destacado por suas posi\u00e7\u00f5es, a\u00e7\u00f5es e projetos na&hellip;","_links":{"self":[{"href":"https:\/\/construcaocivil.siriusmarketingedesign.com.br\/index.php?rest_route=\/wp\/v2\/posts\/20465","targetHints":{"allow":["GET"]}}],"collection":[{"href":"https:\/\/construcaocivil.siriusmarketingedesign.com.br\/index.php?rest_route=\/wp\/v2\/posts"}],"about":[{"href":"https:\/\/construcaocivil.siriusmarketingedesign.com.br\/index.php?rest_route=\/wp\/v2\/types\/post"}],"author":[{"embeddable":true,"href":"https:\/\/construcaocivil.siriusmarketingedesign.com.br\/index.php?rest_route=\/wp\/v2\/users\/1"}],"replies":[{"embeddable":true,"href":"https:\/\/construcaocivil.siriusmarketingedesign.com.br\/index.php?rest_route=%2Fwp%2Fv2%2Fcomments&post=20465"}],"version-history":[{"count":0,"href":"https:\/\/construcaocivil.siriusmarketingedesign.com.br\/index.php?rest_route=\/wp\/v2\/posts\/20465\/revisions"}],"wp:featuredmedia":[{"embeddable":true,"href":"https:\/\/construcaocivil.siriusmarketingedesign.com.br\/index.php?rest_route=\/wp\/v2\/media\/20467"}],"wp:attachment":[{"href":"https:\/\/construcaocivil.siriusmarketingedesign.com.br\/index.php?rest_route=%2Fwp%2Fv2%2Fmedia&parent=20465"}],"wp:term":[{"taxonomy":"category","embeddable":true,"href":"https:\/\/construcaocivil.siriusmarketingedesign.com.br\/index.php?rest_route=%2Fwp%2Fv2%2Fcategories&post=20465"},{"taxonomy":"post_tag","embeddable":true,"href":"https:\/\/construcaocivil.siriusmarketingedesign.com.br\/index.php?rest_route=%2Fwp%2Fv2%2Ftags&post=20465"}],"curies":[{"name":"wp","href":"https:\/\/api.w.org\/{rel}","templated":true}]}}