{"id":20469,"date":"2022-11-20T12:04:16","date_gmt":"2022-11-20T15:04:16","guid":{"rendered":"https:\/\/www.jornaldaconstrucaocivil.com.br\/?p=20469"},"modified":"2022-11-20T12:04:16","modified_gmt":"2022-11-20T15:04:16","slug":"eu-tambem-ja-fui-aquele-pretinho-vendo-tudo-do-lado-de-fora","status":"publish","type":"post","link":"https:\/\/construcaocivil.siriusmarketingedesign.com.br\/?p=20469","title":{"rendered":"Eu tamb\u00e9m j\u00e1 fui aquele \u201cpretinho vendo tudo do lado de fora\u201d"},"content":{"rendered":"<p><span style=\"color: #333300;\">ALMA<\/span> <span style=\"color: #333300;\">PRETA<\/span> &#8211;\u00a0 Por <a style=\"text-transform: initial;\" href=\"https:\/\/noticiapreta.com.br\/author\/igor-rocha\/\"><span style=\"color: #0000ff;\">Igor<\/span> <span style=\"color: #0000ff;\">Rocha<\/span><\/a><\/p>\n<div class=\"entry-content articlebody\">\n<div id=\"desen-1124792131\" class=\"desen-antes-do-conteudo\"><span style=\"text-align: justify; text-transform: initial;\">Novembro &#8211; \u201c1993, fudidamente voltando: Racionais! Usando e abusando da nossa liberdade de express\u00e3o\u201d. Essa \u00e9 a introdu\u00e7\u00e3o da m\u00fasica Fim de Semana no Parque, do disco Raio X do Brasil, do grupo de rap Racionais MCs, que foi uma das minhas refer\u00eancias musicais no in\u00edcio da adolesc\u00eancia e durante muito tempo at\u00e9 a chegada de outros discos (deles e de outros nomes do rap).\u00a0<\/span><\/div>\n<\/div>\n<div class=\"wp-block-image\">\n<p style=\"text-align: justify;\">Aquele disco mudou a percep\u00e7\u00e3o de vida de muitas pessoas, mudou a realidade de muitas comunidades\/favelas, mudou a forma como a m\u00eddia olhava para as quebradas. No Cantinho do C\u00e9u, eram carros com sons ligados, ouvindo Racionais, Bezerra da Silva, Fundo de Quintal e Zeca Pagodinho, Originais do Samba e tantos outros nomes. Caixas de sons nas portas ou nas lajes, com o volume m\u00e1ximo.<\/p>\n<p style=\"text-align: justify;\">Essa era, e ainda \u00e9, a realidade de muitas favelas no Brasil e o document\u00e1rio \u201cRacionais MCs \u2013 Das Ruas de S\u00e3o Paulo para o Mundo\u201d retrata bem essa comunidade que as TVs n\u00e3o mostram. Me emocionei, me vi naqueles bailes do final da d\u00e9cada de 1990, cantando \u201cO Homem da Estrada\u201d ou \u201cCap\u00edtulo 4, Vers\u00edculo 3\u201d com o punho cerrado, apontando para o palco.<\/p>\n<p style=\"text-align: justify;\">Era uma \u00e9poca tensa para todos n\u00f3s que temos a \u201cmelanina acentuada\u201d e ouv\u00edamos m\u00fasica de \u201cmarginal\u201d. A m\u00fasica marginalizada chegou aos ber\u00e7os n\u00e3o perif\u00e9ricos e como a pr\u00f3pria m\u00fasica diz, \u201cseu filho quer ser preto. Que ironia\u201d. Ele quer as benesses da nossa negritude e s\u00f3, as mazelas, deixem com o povo preto.<\/p>\n<p style=\"text-align: justify;\">O\u00a0<a href=\"https:\/\/twitter.com\/NetflixBrasil\" target=\"_blank\" rel=\"noreferrer noopener\">document\u00e1rio<\/a>\u00a0mostra que a pol\u00edcia cria fact\u00f3ides para que nossa luta seja deslegitimada, infiltram pessoas nos nossos meios para tumultuar espa\u00e7os de paz, de lazer, de pessoas pretas. Mas eu falando isso n\u00e3o tenho a credibilidade estatal que as corpora\u00e7\u00f5es t\u00eam e v\u00e3o sempre desacreditar do que falo (quem j\u00e1 sofreu repress\u00e3o por absolutamente nada sabe o que estou falando)<\/p>\n<p style=\"text-align: justify;\">Por fim, literalmente, passou um filme da minha vida, assistindo aquele mundo de pessoas pretas, em campos de terra, curtindo um show do Racionais (era ostenta\u00e7\u00e3o no final da d\u00e9cada 90) lembrei do quanto j\u00e1 fomos \u201cenxotados\u201d de locais que n\u00e3o nos cabia pela tonalidade da nossa pele, pela nossa origem, pelo nosso jeito de vestir, pelo nosso jeito de falar.<\/p>\n<p style=\"text-align: justify;\">N\u00e3o tem como n\u00e3o lembrar da minha adolesc\u00eancia, at\u00e9 porque, eu tamb\u00e9m j\u00e1 fui aquele \u201cpretinho vendo tudo do lado de fora\u201d.<\/p>\n<p>Fonte: ALMA PRETA<\/p>\n<\/div>\n","protected":false},"excerpt":{"rendered":"<p>ALMA PRETA &#8211;\u00a0 Por Igor Rocha Novembro &#8211; \u201c1993, fudidamente voltando: Racionais! Usando e abusando da nossa liberdade de express\u00e3o\u201d. Essa \u00e9 a introdu\u00e7\u00e3o da m\u00fasica Fim de Semana no Parque, do disco Raio X do Brasil, do grupo de rap Racionais MCs, que foi uma das minhas refer\u00eancias musicais no in\u00edcio da adolesc\u00eancia e [&hellip;]<\/p>\n","protected":false},"author":1,"featured_media":20470,"comment_status":"open","ping_status":"open","sticky":false,"template":"","format":"standard","meta":{"_uag_custom_page_level_css":"","footnotes":""},"categories":[27],"tags":[24507,24533,24532,24531,24534,21226],"class_list":["post-20469","post","type-post","status-publish","format-standard","has-post-thumbnail","hentry","category-acontece","tag-racismonao","tag-racsimoestrutural","tag-negros-desempregados-e-sem-escolas","tag-neteflix","tag-racionais-mcs","tag-violencia-policial"],"blocksy_meta":[],"spectra_blocks_featured_image_url":{"thumbnail":{"url":"https:\/\/construcaocivil.siriusmarketingedesign.com.br\/wp-content\/uploads\/2022\/11\/Racionais-mcs-150x150.webp","width":150,"height":150},"medium":{"url":"https:\/\/construcaocivil.siriusmarketingedesign.com.br\/wp-content\/uploads\/2022\/11\/Racionais-mcs-300x168.webp","width":300,"height":168},"medium_large":{"url":"https:\/\/construcaocivil.siriusmarketingedesign.com.br\/wp-content\/uploads\/2022\/11\/Racionais-mcs.webp","width":768,"height":431},"large":{"url":"https:\/\/construcaocivil.siriusmarketingedesign.com.br\/wp-content\/uploads\/2022\/11\/Racionais-mcs.webp","width":768,"height":431},"full":{"url":"https:\/\/construcaocivil.siriusmarketingedesign.com.br\/wp-content\/uploads\/2022\/11\/Racionais-mcs.webp","width":768,"height":431}},"spectra_blocks_author_info":{"display_name":"Jornal da Constru\u00e7\u00e3o Civil","avatar_url":"https:\/\/secure.gravatar.com\/avatar\/973c9774fd44ddaceb026973c4962faa70fc512bc4c9da68e8ebb40fecee6540?s=96&d=mm&r=g","author_link":"https:\/\/construcaocivil.siriusmarketingedesign.com.br\/?author=1","description":"Desde de 2013, levando muitas informa\u00e7\u00f5es, lan\u00e7amentos e produtos de qualidade para toda cadeia produtiva da constru\u00e7\u00e3o. O Futuro da constru\u00e7\u00e3o passa por aqui,"},"uagb_featured_image_src":{"full":["https:\/\/construcaocivil.siriusmarketingedesign.com.br\/wp-content\/uploads\/2022\/11\/Racionais-mcs.webp",768,431,false],"thumbnail":["https:\/\/construcaocivil.siriusmarketingedesign.com.br\/wp-content\/uploads\/2022\/11\/Racionais-mcs-150x150.webp",150,150,true],"medium":["https:\/\/construcaocivil.siriusmarketingedesign.com.br\/wp-content\/uploads\/2022\/11\/Racionais-mcs-300x168.webp",300,168,true],"medium_large":["https:\/\/construcaocivil.siriusmarketingedesign.com.br\/wp-content\/uploads\/2022\/11\/Racionais-mcs.webp",768,431,false],"large":["https:\/\/construcaocivil.siriusmarketingedesign.com.br\/wp-content\/uploads\/2022\/11\/Racionais-mcs.webp",768,431,false],"1536x1536":["https:\/\/construcaocivil.siriusmarketingedesign.com.br\/wp-content\/uploads\/2022\/11\/Racionais-mcs.webp",768,431,false],"2048x2048":["https:\/\/construcaocivil.siriusmarketingedesign.com.br\/wp-content\/uploads\/2022\/11\/Racionais-mcs.webp",768,431,false]},"uagb_author_info":{"display_name":"Jornal da Constru\u00e7\u00e3o Civil","author_link":"https:\/\/construcaocivil.siriusmarketingedesign.com.br\/?author=1"},"uagb_comment_info":0,"uagb_excerpt":"ALMA PRETA &#8211;\u00a0 Por Igor Rocha Novembro &#8211; \u201c1993, fudidamente voltando: Racionais! Usando e abusando da nossa liberdade de express\u00e3o\u201d. Essa \u00e9 a introdu\u00e7\u00e3o da m\u00fasica Fim de Semana no Parque, do disco Raio X do Brasil, do grupo de rap Racionais MCs, que foi uma das minhas refer\u00eancias musicais no in\u00edcio da adolesc\u00eancia e&hellip;","_links":{"self":[{"href":"https:\/\/construcaocivil.siriusmarketingedesign.com.br\/index.php?rest_route=\/wp\/v2\/posts\/20469","targetHints":{"allow":["GET"]}}],"collection":[{"href":"https:\/\/construcaocivil.siriusmarketingedesign.com.br\/index.php?rest_route=\/wp\/v2\/posts"}],"about":[{"href":"https:\/\/construcaocivil.siriusmarketingedesign.com.br\/index.php?rest_route=\/wp\/v2\/types\/post"}],"author":[{"embeddable":true,"href":"https:\/\/construcaocivil.siriusmarketingedesign.com.br\/index.php?rest_route=\/wp\/v2\/users\/1"}],"replies":[{"embeddable":true,"href":"https:\/\/construcaocivil.siriusmarketingedesign.com.br\/index.php?rest_route=%2Fwp%2Fv2%2Fcomments&post=20469"}],"version-history":[{"count":0,"href":"https:\/\/construcaocivil.siriusmarketingedesign.com.br\/index.php?rest_route=\/wp\/v2\/posts\/20469\/revisions"}],"wp:featuredmedia":[{"embeddable":true,"href":"https:\/\/construcaocivil.siriusmarketingedesign.com.br\/index.php?rest_route=\/wp\/v2\/media\/20470"}],"wp:attachment":[{"href":"https:\/\/construcaocivil.siriusmarketingedesign.com.br\/index.php?rest_route=%2Fwp%2Fv2%2Fmedia&parent=20469"}],"wp:term":[{"taxonomy":"category","embeddable":true,"href":"https:\/\/construcaocivil.siriusmarketingedesign.com.br\/index.php?rest_route=%2Fwp%2Fv2%2Fcategories&post=20469"},{"taxonomy":"post_tag","embeddable":true,"href":"https:\/\/construcaocivil.siriusmarketingedesign.com.br\/index.php?rest_route=%2Fwp%2Fv2%2Ftags&post=20469"}],"curies":[{"name":"wp","href":"https:\/\/api.w.org\/{rel}","templated":true}]}}