{"id":20476,"date":"2022-11-22T11:49:30","date_gmt":"2022-11-22T14:49:30","guid":{"rendered":"https:\/\/www.jornaldaconstrucaocivil.com.br\/?p=20476"},"modified":"2022-11-22T12:00:27","modified_gmt":"2022-11-22T15:00:27","slug":"movimento-construcao-saudavel-celebra-entrega-do-premio-imperia","status":"publish","type":"post","link":"https:\/\/construcaocivil.siriusmarketingedesign.com.br\/?p=20476","title":{"rendered":"Movimento Constru\u00e7\u00e3o Saud\u00e1vel celebra entrega do Pr\u00eamio Imp\u00e9ria"},"content":{"rendered":"<p dir=\"ltr\">Em comemora\u00e7\u00e3o ao Dia da Impermeabiliza\u00e7\u00e3o (11 de novembro), data criada para enfatizar a reflex\u00e3o sobre a import\u00e2ncia da sa\u00fade das edifica\u00e7\u00f5es e das pessoas, o Movimento Constru\u00e7\u00e3o Saud\u00e1vel promoveu o evento &#8220;Moradia Saud\u00e1vel &amp; Qualidade de Vida&#8221;. Al\u00e9m do debate sobre o tema, o objetivo foi homenagear as pessoas e institui\u00e7\u00f5es que mais se destacaram no envolvimento com a causa com a entrega do Pr\u00eamio Imp\u00e9ria.<\/p>\n<p dir=\"ltr\">Na categoria Empresa Privada, a universidade FAM foi a grande vencedora, por realizar diversas iniciativas ao longo do \u00faltimo ano em apoio ao Movimento. As demais finalistas na categoria foram a Trutec e a Ecoimper. Em Institui\u00e7\u00f5es, a Associa\u00e7\u00e3o de Engenharia de Impermeabiliza\u00e7\u00e3o (AEI) conquistou o reconhecimento. Concorreram tamb\u00e9m Abrava, Abramat, IBI e Sinduscon.<\/p>\n<figure id=\"attachment_20483\" aria-describedby=\"caption-attachment-20483\" style=\"width: 300px\" class=\"wp-caption alignleft\"><img loading=\"lazy\" decoding=\"async\" class=\"size-medium wp-image-20483\" src=\"https:\/\/www.jornaldaconstrucaocivil.com.br\/wp-content\/uploads\/2022\/11\/Premio_Imperia2-300x200.jpeg\" alt=\"\" width=\"300\" height=\"200\" srcset=\"https:\/\/construcaocivil.siriusmarketingedesign.com.br\/wp-content\/uploads\/2022\/11\/Premio_Imperia2-300x200.jpeg 300w, https:\/\/construcaocivil.siriusmarketingedesign.com.br\/wp-content\/uploads\/2022\/11\/Premio_Imperia2-1024x682.jpeg 1024w, https:\/\/construcaocivil.siriusmarketingedesign.com.br\/wp-content\/uploads\/2022\/11\/Premio_Imperia2-768x512.jpeg 768w, https:\/\/construcaocivil.siriusmarketingedesign.com.br\/wp-content\/uploads\/2022\/11\/Premio_Imperia2.jpeg 1280w\" sizes=\"auto, (max-width: 300px) 100vw, 300px\" \/><figcaption id=\"caption-attachment-20483\" class=\"wp-caption-text\">Pr\u00eamio Imp\u00e9ria. Divulga\u00e7\u00e3o<\/figcaption><\/figure>\n<p dir=\"ltr\">Em Imprensa, a revista Anamaco recebeu o trof\u00e9u pela visibilidade que deu ao tema nas mat\u00e9rias divulgadas ao longo do ano. Estavam entre os finalistas a revista Revenda, os portais UOL e PiniWeb. Em Jornalista, Beth Matias, do UOL L\u00edderes foi a premiada, presen\u00e7a constante nos eventos realizados pela Associa\u00e7\u00e3o. Tamb\u00e9m disputavam a premia\u00e7\u00e3o Gustavo Curcio (Portal Piniweb\/ revista T\u00e9chne), Roberto Ferreira (revista Revenda) e Simone Oliveira (revista Anamaco). Por fim, em Mat\u00e9ria do Ano, a reportagem &#8220;Mulher diz que teve dem\u00eancia por causa de mofo; caso \u00e9 raro, mas acontece&#8221;, publicada no UOL &#8211; Viva Bem e escrita pela rep\u00f3rter Luiza Vidal de Carvalho, completou a lista de vencedores. Estavam entre os finalistas reportagens do portais Condo.news, EA (Engenharia e Arquitetura) e a revista Show do Pintor.<\/p>\n<p>&nbsp;<\/p>\n<figure id=\"attachment_20486\" aria-describedby=\"caption-attachment-20486\" style=\"width: 300px\" class=\"wp-caption alignright\"><img loading=\"lazy\" decoding=\"async\" class=\"size-medium wp-image-20486\" src=\"https:\/\/www.jornaldaconstrucaocivil.com.br\/wp-content\/uploads\/2022\/11\/Premio_Imperia-300x200.jpeg\" alt=\"\" width=\"300\" height=\"200\" srcset=\"https:\/\/construcaocivil.siriusmarketingedesign.com.br\/wp-content\/uploads\/2022\/11\/Premio_Imperia-300x200.jpeg 300w, https:\/\/construcaocivil.siriusmarketingedesign.com.br\/wp-content\/uploads\/2022\/11\/Premio_Imperia-1024x682.jpeg 1024w, https:\/\/construcaocivil.siriusmarketingedesign.com.br\/wp-content\/uploads\/2022\/11\/Premio_Imperia-768x512.jpeg 768w, https:\/\/construcaocivil.siriusmarketingedesign.com.br\/wp-content\/uploads\/2022\/11\/Premio_Imperia.jpeg 1280w\" sizes=\"auto, (max-width: 300px) 100vw, 300px\" \/><figcaption id=\"caption-attachment-20486\" class=\"wp-caption-text\">Divulga\u00e7\u00e3o<\/figcaption><\/figure>\n<p dir=\"ltr\">Durante o evento, a exposi\u00e7\u00e3o fotogr\u00e1fica &#8220;Sa\u00fade das Constru\u00e7\u00f5es, Sa\u00fade das Pessoas&#8221;, organizada pelo Movimento Constru\u00e7\u00e3o Saud\u00e1vel, foi exibida pela terceira vez em S\u00e3o Paulo. Mais de 12 mil visitantes j\u00e1 conferiram as imagens ilustrativas com os dados sobre a rela\u00e7\u00e3o entre o mofo e as doen\u00e7as respirat\u00f3rias.<\/p>\n<p>&nbsp;<\/p>\n<p dir=\"ltr\">A cerim\u00f4nia contou com as palestras dos convidados Denis Pacheco, gerente de Programas e Voluntariado da Habitat para Humanidade Brasil, e Rafael Lazzarini, diretor do Centro de Tecnologia de Edifica\u00e7\u00f5es (CTE).<\/p>\n<p>&nbsp;<\/p>\n<p dir=\"ltr\">Julio Barbosa, diretor executivo do Movimento Constru\u00e7\u00e3o Saud\u00e1vel, comemorou o sucesso da premia\u00e7\u00e3o e parabenizou os homenageados, destacando sua import\u00e2ncia para a dissemina\u00e7\u00e3o desse tema t\u00e3o importante para a sociedade. &#8220;Parab\u00e9ns \u00e0queles que foram indicados e aos que receberam o Pr\u00eamio Imp\u00e9ria. Todos prestaram um servi\u00e7o essencial ajudando o cidad\u00e3o brasileiro a compreender a gravidade das complica\u00e7\u00f5es relacionadas a umidade e infiltra\u00e7\u00e3o e promovendo a import\u00e2ncia da impermeabiliza\u00e7\u00e3o de qualidade para o bem-estar das pessoas. Essa iniciativa contribui para aumentar o n\u00famero de edifica\u00e7\u00f5es protegidas e, consequentemente, a diminui\u00e7\u00e3o de problemas respirat\u00f3rios, melhorando a sa\u00fade da popula\u00e7\u00e3o&#8221;, comenta.<\/p>\n<p>&nbsp;<\/p>\n","protected":false},"excerpt":{"rendered":"<p>Em comemora\u00e7\u00e3o ao Dia da Impermeabiliza\u00e7\u00e3o (11 de novembro), data criada para enfatizar a reflex\u00e3o sobre a import\u00e2ncia da sa\u00fade das edifica\u00e7\u00f5es e das pessoas, o Movimento Constru\u00e7\u00e3o Saud\u00e1vel promoveu o evento &#8220;Moradia Saud\u00e1vel &amp; Qualidade de Vida&#8221;. Al\u00e9m do debate sobre o tema, o objetivo foi homenagear as pessoas e institui\u00e7\u00f5es que mais se [&hellip;]<\/p>\n","protected":false},"author":1,"featured_media":20482,"comment_status":"open","ping_status":"open","sticky":false,"template":"","format":"standard","meta":{"_uag_custom_page_level_css":"","footnotes":""},"categories":[27],"tags":[24542,24543,24541,3919,24540,24539],"class_list":["post-20476","post","type-post","status-publish","format-standard","has-post-thumbnail","hentry","category-acontece","tag-moradia-saudavel-qualidade-de-vida","tag-associacao-de-engenharia-de-impermeabilizacao-aei","tag-dia-da-impermeabilizacao","tag-edificacoes","tag-movimento-construcao-saudavel","tag-premio-imperia"],"blocksy_meta":[],"spectra_blocks_featured_image_url":{"thumbnail":{"url":"https:\/\/construcaocivil.siriusmarketingedesign.com.br\/wp-content\/uploads\/2022\/11\/Premio_Imperia1-150x150.jpeg","width":150,"height":150},"medium":{"url":"https:\/\/construcaocivil.siriusmarketingedesign.com.br\/wp-content\/uploads\/2022\/11\/Premio_Imperia1-300x200.jpeg","width":300,"height":200},"medium_large":{"url":"https:\/\/construcaocivil.siriusmarketingedesign.com.br\/wp-content\/uploads\/2022\/11\/Premio_Imperia1-768x512.jpeg","width":768,"height":512},"large":{"url":"https:\/\/construcaocivil.siriusmarketingedesign.com.br\/wp-content\/uploads\/2022\/11\/Premio_Imperia1-1024x682.jpeg","width":1024,"height":682},"full":{"url":"https:\/\/construcaocivil.siriusmarketingedesign.com.br\/wp-content\/uploads\/2022\/11\/Premio_Imperia1.jpeg","width":1280,"height":853}},"spectra_blocks_author_info":{"display_name":"Jornal da Constru\u00e7\u00e3o Civil","avatar_url":"https:\/\/secure.gravatar.com\/avatar\/973c9774fd44ddaceb026973c4962faa70fc512bc4c9da68e8ebb40fecee6540?s=96&d=mm&r=g","author_link":"https:\/\/construcaocivil.siriusmarketingedesign.com.br\/?author=1","description":"Desde de 2013, levando muitas informa\u00e7\u00f5es, lan\u00e7amentos e produtos de qualidade para toda cadeia produtiva da constru\u00e7\u00e3o. O Futuro da constru\u00e7\u00e3o passa por aqui,"},"uagb_featured_image_src":{"full":["https:\/\/construcaocivil.siriusmarketingedesign.com.br\/wp-content\/uploads\/2022\/11\/Premio_Imperia1.jpeg",1280,853,false],"thumbnail":["https:\/\/construcaocivil.siriusmarketingedesign.com.br\/wp-content\/uploads\/2022\/11\/Premio_Imperia1-150x150.jpeg",150,150,true],"medium":["https:\/\/construcaocivil.siriusmarketingedesign.com.br\/wp-content\/uploads\/2022\/11\/Premio_Imperia1-300x200.jpeg",300,200,true],"medium_large":["https:\/\/construcaocivil.siriusmarketingedesign.com.br\/wp-content\/uploads\/2022\/11\/Premio_Imperia1-768x512.jpeg",768,512,true],"large":["https:\/\/construcaocivil.siriusmarketingedesign.com.br\/wp-content\/uploads\/2022\/11\/Premio_Imperia1-1024x682.jpeg",1024,682,true],"1536x1536":["https:\/\/construcaocivil.siriusmarketingedesign.com.br\/wp-content\/uploads\/2022\/11\/Premio_Imperia1.jpeg",1280,853,false],"2048x2048":["https:\/\/construcaocivil.siriusmarketingedesign.com.br\/wp-content\/uploads\/2022\/11\/Premio_Imperia1.jpeg",1280,853,false]},"uagb_author_info":{"display_name":"Jornal da Constru\u00e7\u00e3o Civil","author_link":"https:\/\/construcaocivil.siriusmarketingedesign.com.br\/?author=1"},"uagb_comment_info":0,"uagb_excerpt":"Em comemora\u00e7\u00e3o ao Dia da Impermeabiliza\u00e7\u00e3o (11 de novembro), data criada para enfatizar a reflex\u00e3o sobre a import\u00e2ncia da sa\u00fade das edifica\u00e7\u00f5es e das pessoas, o Movimento Constru\u00e7\u00e3o Saud\u00e1vel promoveu o evento &#8220;Moradia Saud\u00e1vel &amp; Qualidade de Vida&#8221;. Al\u00e9m do debate sobre o tema, o objetivo foi homenagear as pessoas e institui\u00e7\u00f5es que mais se&hellip;","_links":{"self":[{"href":"https:\/\/construcaocivil.siriusmarketingedesign.com.br\/index.php?rest_route=\/wp\/v2\/posts\/20476","targetHints":{"allow":["GET"]}}],"collection":[{"href":"https:\/\/construcaocivil.siriusmarketingedesign.com.br\/index.php?rest_route=\/wp\/v2\/posts"}],"about":[{"href":"https:\/\/construcaocivil.siriusmarketingedesign.com.br\/index.php?rest_route=\/wp\/v2\/types\/post"}],"author":[{"embeddable":true,"href":"https:\/\/construcaocivil.siriusmarketingedesign.com.br\/index.php?rest_route=\/wp\/v2\/users\/1"}],"replies":[{"embeddable":true,"href":"https:\/\/construcaocivil.siriusmarketingedesign.com.br\/index.php?rest_route=%2Fwp%2Fv2%2Fcomments&post=20476"}],"version-history":[{"count":0,"href":"https:\/\/construcaocivil.siriusmarketingedesign.com.br\/index.php?rest_route=\/wp\/v2\/posts\/20476\/revisions"}],"wp:featuredmedia":[{"embeddable":true,"href":"https:\/\/construcaocivil.siriusmarketingedesign.com.br\/index.php?rest_route=\/wp\/v2\/media\/20482"}],"wp:attachment":[{"href":"https:\/\/construcaocivil.siriusmarketingedesign.com.br\/index.php?rest_route=%2Fwp%2Fv2%2Fmedia&parent=20476"}],"wp:term":[{"taxonomy":"category","embeddable":true,"href":"https:\/\/construcaocivil.siriusmarketingedesign.com.br\/index.php?rest_route=%2Fwp%2Fv2%2Fcategories&post=20476"},{"taxonomy":"post_tag","embeddable":true,"href":"https:\/\/construcaocivil.siriusmarketingedesign.com.br\/index.php?rest_route=%2Fwp%2Fv2%2Ftags&post=20476"}],"curies":[{"name":"wp","href":"https:\/\/api.w.org\/{rel}","templated":true}]}}