{"id":20497,"date":"2022-11-23T15:22:14","date_gmt":"2022-11-23T18:22:14","guid":{"rendered":"https:\/\/www.jornaldaconstrucaocivil.com.br\/?p=20497"},"modified":"2022-11-23T15:22:14","modified_gmt":"2022-11-23T18:22:14","slug":"justica-aceita-pedido-de-recuperacao-judicial-do-grupo-guarezi","status":"publish","type":"post","link":"https:\/\/construcaocivil.siriusmarketingedesign.com.br\/?p=20497","title":{"rendered":"Justi\u00e7a aceita pedido de recupera\u00e7\u00e3o judicial do Grupo Guarezi"},"content":{"rendered":"<p>A justi\u00e7a aprovou o pedido de recupera\u00e7\u00e3o judicial do Grupo Guarezi, da cidade de S\u00e3o Jos\u00e9 em Santa Catarina. O Grupo que alega ter sofrido fortes perdas nos \u00faltimos anos agora entra no stay-period, onde vai se reunir com os credores para iniciar o plano de pagamento e iniciar a reestrutura\u00e7\u00e3o empresarial afim de retomar o crescimento.<\/p>\n<p>&#8220;O setor de vendas sofre os problemas decorrentes da grande crise econ\u00f4mica em que se encontra o Pa\u00eds: o aumento dos juros, alta do d\u00f3lar que impactou o custo do produto vendido, aumento da infla\u00e7\u00e3o, custos de produ\u00e7\u00e3o, inadimpl\u00eancia e varia\u00e7\u00e3o cambial. \u00c9 evidente a altera\u00e7\u00e3o em t\u00e3o curto espa\u00e7o de tempo das condi\u00e7\u00f5es m\u00ednimas de previsibilidade dos neg\u00f3cios quando observado o aumento da taxa b\u00e1sica SELIC&#8221;, afirma o advogado Jean Cioffi.<\/p>\n<p>O escrit\u00f3rio JRCLaw coordena a assessoria jur\u00eddica da reestrutura\u00e7\u00e3o &#8220;O que vimos \u00e9 uma empresa com hist\u00f3rico, liga\u00e7\u00e3o com a cidade e envolvida com as pessoas da regi\u00e3o como um todo, \u00e9 importante olhar n\u00e3o s\u00f3 o lado econ\u00f4mico, como tamb\u00e9m a import\u00e2ncia social de se manter a matriz produtiva com empregos diretos e indiretos, de forma a manter o princ\u00edpio e a fun\u00e7\u00e3o social da empresa, e o pagamento dos seus credores&#8221;, explica Cioffi.<\/p>\n<p>A empresa fundada em 1981 por R\u00e9chia Guarezi e importante agente do crescimento imobili\u00e1rio da regi\u00e3o da Grande Florian\u00f3polis-SC, vinha nos \u00faltimos anos sofrendo com o cen\u00e1rio de instabilidade que o segmento de constru\u00e7\u00e3o civil atravessa. O Grupo que tem um alto n\u00famero de funcion\u00e1rios e importante fun\u00e7\u00e3o na regi\u00e3o que se encontra, tendo unidades espalhadas em toda regi\u00e3o.<\/p>\n<p>&nbsp;<\/p>\n<p>A JRCLaw \u00e9 um escrit\u00f3rio de direito empresarial, especializado na estrutura\u00e7\u00e3o de d\u00edvida e capital, Recupera\u00e7\u00e3o Judicial, Arbitragem Internacional e condu\u00e7\u00e3o de casos e negocia\u00e7\u00f5es de alta complexidade.<\/p>\n<p>&nbsp;<\/p>\n","protected":false},"excerpt":{"rendered":"<p>A justi\u00e7a aprovou o pedido de recupera\u00e7\u00e3o judicial do Grupo Guarezi, da cidade de S\u00e3o Jos\u00e9 em Santa Catarina. O Grupo que alega ter sofrido fortes perdas nos \u00faltimos anos agora entra no stay-period, onde vai se reunir com os credores para iniciar o plano de pagamento e iniciar a reestrutura\u00e7\u00e3o empresarial afim de retomar [&hellip;]<\/p>\n","protected":false},"author":1,"featured_media":20499,"comment_status":"open","ping_status":"open","sticky":false,"template":"","format":"standard","meta":{"_uag_custom_page_level_css":"","footnotes":""},"categories":[33],"tags":[24552,24550,7563,24551],"class_list":["post-20497","post","type-post","status-publish","format-standard","has-post-thumbnail","hentry","category-mercado","tag-construcao-e-fornecedores","tag-grupo-guarezi","tag-mercado-imobiliario","tag-sao-jose-sc"],"blocksy_meta":[],"spectra_blocks_featured_image_url":{"thumbnail":{"url":"https:\/\/construcaocivil.siriusmarketingedesign.com.br\/wp-content\/uploads\/2022\/11\/ef8269cf-45ef-4375-9701-14df2d2b90be-150x150.jpg","width":150,"height":150},"medium":{"url":"https:\/\/construcaocivil.siriusmarketingedesign.com.br\/wp-content\/uploads\/2022\/11\/ef8269cf-45ef-4375-9701-14df2d2b90be-300x169.jpg","width":300,"height":169},"medium_large":{"url":"https:\/\/construcaocivil.siriusmarketingedesign.com.br\/wp-content\/uploads\/2022\/11\/ef8269cf-45ef-4375-9701-14df2d2b90be-768x432.jpg","width":768,"height":432},"large":{"url":"https:\/\/construcaocivil.siriusmarketingedesign.com.br\/wp-content\/uploads\/2022\/11\/ef8269cf-45ef-4375-9701-14df2d2b90be.jpg","width":853,"height":480},"full":{"url":"https:\/\/construcaocivil.siriusmarketingedesign.com.br\/wp-content\/uploads\/2022\/11\/ef8269cf-45ef-4375-9701-14df2d2b90be.jpg","width":853,"height":480}},"spectra_blocks_author_info":{"display_name":"Jornal da Constru\u00e7\u00e3o Civil","avatar_url":"https:\/\/secure.gravatar.com\/avatar\/973c9774fd44ddaceb026973c4962faa70fc512bc4c9da68e8ebb40fecee6540?s=96&d=mm&r=g","author_link":"https:\/\/construcaocivil.siriusmarketingedesign.com.br\/?author=1","description":"Desde de 2013, levando muitas informa\u00e7\u00f5es, lan\u00e7amentos e produtos de qualidade para toda cadeia produtiva da constru\u00e7\u00e3o. O Futuro da constru\u00e7\u00e3o passa por aqui,"},"uagb_featured_image_src":{"full":["https:\/\/construcaocivil.siriusmarketingedesign.com.br\/wp-content\/uploads\/2022\/11\/ef8269cf-45ef-4375-9701-14df2d2b90be.jpg",853,480,false],"thumbnail":["https:\/\/construcaocivil.siriusmarketingedesign.com.br\/wp-content\/uploads\/2022\/11\/ef8269cf-45ef-4375-9701-14df2d2b90be-150x150.jpg",150,150,true],"medium":["https:\/\/construcaocivil.siriusmarketingedesign.com.br\/wp-content\/uploads\/2022\/11\/ef8269cf-45ef-4375-9701-14df2d2b90be-300x169.jpg",300,169,true],"medium_large":["https:\/\/construcaocivil.siriusmarketingedesign.com.br\/wp-content\/uploads\/2022\/11\/ef8269cf-45ef-4375-9701-14df2d2b90be-768x432.jpg",768,432,true],"large":["https:\/\/construcaocivil.siriusmarketingedesign.com.br\/wp-content\/uploads\/2022\/11\/ef8269cf-45ef-4375-9701-14df2d2b90be.jpg",853,480,false],"1536x1536":["https:\/\/construcaocivil.siriusmarketingedesign.com.br\/wp-content\/uploads\/2022\/11\/ef8269cf-45ef-4375-9701-14df2d2b90be.jpg",853,480,false],"2048x2048":["https:\/\/construcaocivil.siriusmarketingedesign.com.br\/wp-content\/uploads\/2022\/11\/ef8269cf-45ef-4375-9701-14df2d2b90be.jpg",853,480,false]},"uagb_author_info":{"display_name":"Jornal da Constru\u00e7\u00e3o Civil","author_link":"https:\/\/construcaocivil.siriusmarketingedesign.com.br\/?author=1"},"uagb_comment_info":0,"uagb_excerpt":"A justi\u00e7a aprovou o pedido de recupera\u00e7\u00e3o judicial do Grupo Guarezi, da cidade de S\u00e3o Jos\u00e9 em Santa Catarina. O Grupo que alega ter sofrido fortes perdas nos \u00faltimos anos agora entra no stay-period, onde vai se reunir com os credores para iniciar o plano de pagamento e iniciar a reestrutura\u00e7\u00e3o empresarial afim de retomar&hellip;","_links":{"self":[{"href":"https:\/\/construcaocivil.siriusmarketingedesign.com.br\/index.php?rest_route=\/wp\/v2\/posts\/20497","targetHints":{"allow":["GET"]}}],"collection":[{"href":"https:\/\/construcaocivil.siriusmarketingedesign.com.br\/index.php?rest_route=\/wp\/v2\/posts"}],"about":[{"href":"https:\/\/construcaocivil.siriusmarketingedesign.com.br\/index.php?rest_route=\/wp\/v2\/types\/post"}],"author":[{"embeddable":true,"href":"https:\/\/construcaocivil.siriusmarketingedesign.com.br\/index.php?rest_route=\/wp\/v2\/users\/1"}],"replies":[{"embeddable":true,"href":"https:\/\/construcaocivil.siriusmarketingedesign.com.br\/index.php?rest_route=%2Fwp%2Fv2%2Fcomments&post=20497"}],"version-history":[{"count":0,"href":"https:\/\/construcaocivil.siriusmarketingedesign.com.br\/index.php?rest_route=\/wp\/v2\/posts\/20497\/revisions"}],"wp:featuredmedia":[{"embeddable":true,"href":"https:\/\/construcaocivil.siriusmarketingedesign.com.br\/index.php?rest_route=\/wp\/v2\/media\/20499"}],"wp:attachment":[{"href":"https:\/\/construcaocivil.siriusmarketingedesign.com.br\/index.php?rest_route=%2Fwp%2Fv2%2Fmedia&parent=20497"}],"wp:term":[{"taxonomy":"category","embeddable":true,"href":"https:\/\/construcaocivil.siriusmarketingedesign.com.br\/index.php?rest_route=%2Fwp%2Fv2%2Fcategories&post=20497"},{"taxonomy":"post_tag","embeddable":true,"href":"https:\/\/construcaocivil.siriusmarketingedesign.com.br\/index.php?rest_route=%2Fwp%2Fv2%2Ftags&post=20497"}],"curies":[{"name":"wp","href":"https:\/\/api.w.org\/{rel}","templated":true}]}}