{"id":20501,"date":"2022-11-24T00:54:47","date_gmt":"2022-11-24T03:54:47","guid":{"rendered":"https:\/\/www.jornaldaconstrucaocivil.com.br\/?p=20501"},"modified":"2022-11-25T14:36:22","modified_gmt":"2022-11-25T17:36:22","slug":"ancora-fiscal-e-piada-com-povo-brasileiro-pec-transicao-e-urgente-e-necessaria-para-o-novo-governo","status":"publish","type":"post","link":"https:\/\/construcaocivil.siriusmarketingedesign.com.br\/?p=20501","title":{"rendered":"\u00c2ncora Fiscal \u00e9 piada com povo brasileiro: PEC da Transi\u00e7\u00e3o \u00e9 urgente e necess\u00e1ria para o novo governo LULA"},"content":{"rendered":"<div id=\"textoMateria\">\n<p>O l\u00edder do PT, senador Paulo Rocha (PA), confirmou que a PEC da Transi\u00e7\u00e3o vai excluir do teto de gastos R$ 175 bilh\u00f5es do Aux\u00edlio Brasil. Segundo ele, a equipe de Lula aceitou limitar em quatro anos o per\u00edodo em que essas despesas n\u00e3o ser\u00e3o contabilizadas. Mas o vice-l\u00edder do governo, senador Carlos Viana (PL-MG), declarou que o \u00fanico consenso \u00e9 liberar R$ 50 bilh\u00f5es para a manuten\u00e7\u00e3o do Aux\u00edlio Brasil de R$ 600.<\/p>\n<p>Ap\u00f3s crise da Lava Jato que derreteu a economia no Brasil(2014\/16), \u00e9 a pandemia da COVID-19, que matou mais de 700 mil pessoas no pa\u00eds, cobrar \u00e2ncora Fiscal \u00e9 piada com o povo brasileiro.<\/p>\n<\/div>\n<p>&nbsp;<\/p>\n<p>Fonte: Ag\u00eancia Senado<\/p>\n","protected":false},"excerpt":{"rendered":"<p>O l\u00edder do PT, senador Paulo Rocha (PA), confirmou que a PEC da Transi\u00e7\u00e3o vai excluir do teto de gastos R$ 175 bilh\u00f5es do Aux\u00edlio Brasil. Segundo ele, a equipe de Lula aceitou limitar em quatro anos o per\u00edodo em que essas despesas n\u00e3o ser\u00e3o contabilizadas. Mas o vice-l\u00edder do governo, senador Carlos Viana (PL-MG), [&hellip;]<\/p>\n","protected":false},"author":1,"featured_media":17328,"comment_status":"open","ping_status":"open","sticky":false,"template":"","format":"standard","meta":{"_uag_custom_page_level_css":"","footnotes":""},"categories":[33],"tags":[1489,24554,24553,10867],"class_list":["post-20501","post","type-post","status-publish","format-standard","has-post-thumbnail","hentry","category-mercado","tag-bolsa-familia","tag-mercado-chantagem-lula","tag-pec-da-transicao","tag-senado-federal"],"blocksy_meta":[],"spectra_blocks_featured_image_url":{"thumbnail":{"url":"https:\/\/construcaocivil.siriusmarketingedesign.com.br\/wp-content\/uploads\/2021\/09\/GAS-I-150x150.jpeg","width":150,"height":150},"medium":{"url":"https:\/\/construcaocivil.siriusmarketingedesign.com.br\/wp-content\/uploads\/2021\/09\/GAS-I-300x142.jpeg","width":300,"height":142},"medium_large":{"url":"https:\/\/construcaocivil.siriusmarketingedesign.com.br\/wp-content\/uploads\/2021\/09\/GAS-I-768x364.jpeg","width":768,"height":364},"large":{"url":"https:\/\/construcaocivil.siriusmarketingedesign.com.br\/wp-content\/uploads\/2021\/09\/GAS-I-1024x485.jpeg","width":1024,"height":485},"full":{"url":"https:\/\/construcaocivil.siriusmarketingedesign.com.br\/wp-content\/uploads\/2021\/09\/GAS-I.jpeg","width":1599,"height":758}},"spectra_blocks_author_info":{"display_name":"Jornal da Constru\u00e7\u00e3o Civil","avatar_url":"https:\/\/secure.gravatar.com\/avatar\/973c9774fd44ddaceb026973c4962faa70fc512bc4c9da68e8ebb40fecee6540?s=96&d=mm&r=g","author_link":"https:\/\/construcaocivil.siriusmarketingedesign.com.br\/?author=1","description":"Desde de 2013, levando muitas informa\u00e7\u00f5es, lan\u00e7amentos e produtos de qualidade para toda cadeia produtiva da constru\u00e7\u00e3o. O Futuro da constru\u00e7\u00e3o passa por aqui,"},"uagb_featured_image_src":{"full":["https:\/\/construcaocivil.siriusmarketingedesign.com.br\/wp-content\/uploads\/2021\/09\/GAS-I.jpeg",1599,758,false],"thumbnail":["https:\/\/construcaocivil.siriusmarketingedesign.com.br\/wp-content\/uploads\/2021\/09\/GAS-I-150x150.jpeg",150,150,true],"medium":["https:\/\/construcaocivil.siriusmarketingedesign.com.br\/wp-content\/uploads\/2021\/09\/GAS-I-300x142.jpeg",300,142,true],"medium_large":["https:\/\/construcaocivil.siriusmarketingedesign.com.br\/wp-content\/uploads\/2021\/09\/GAS-I-768x364.jpeg",768,364,true],"large":["https:\/\/construcaocivil.siriusmarketingedesign.com.br\/wp-content\/uploads\/2021\/09\/GAS-I-1024x485.jpeg",1024,485,true],"1536x1536":["https:\/\/construcaocivil.siriusmarketingedesign.com.br\/wp-content\/uploads\/2021\/09\/GAS-I-1536x728.jpeg",1536,728,true],"2048x2048":["https:\/\/construcaocivil.siriusmarketingedesign.com.br\/wp-content\/uploads\/2021\/09\/GAS-I.jpeg",1599,758,false]},"uagb_author_info":{"display_name":"Jornal da Constru\u00e7\u00e3o Civil","author_link":"https:\/\/construcaocivil.siriusmarketingedesign.com.br\/?author=1"},"uagb_comment_info":0,"uagb_excerpt":"O l\u00edder do PT, senador Paulo Rocha (PA), confirmou que a PEC da Transi\u00e7\u00e3o vai excluir do teto de gastos R$ 175 bilh\u00f5es do Aux\u00edlio Brasil. Segundo ele, a equipe de Lula aceitou limitar em quatro anos o per\u00edodo em que essas despesas n\u00e3o ser\u00e3o contabilizadas. Mas o vice-l\u00edder do governo, senador Carlos Viana (PL-MG),&hellip;","_links":{"self":[{"href":"https:\/\/construcaocivil.siriusmarketingedesign.com.br\/index.php?rest_route=\/wp\/v2\/posts\/20501","targetHints":{"allow":["GET"]}}],"collection":[{"href":"https:\/\/construcaocivil.siriusmarketingedesign.com.br\/index.php?rest_route=\/wp\/v2\/posts"}],"about":[{"href":"https:\/\/construcaocivil.siriusmarketingedesign.com.br\/index.php?rest_route=\/wp\/v2\/types\/post"}],"author":[{"embeddable":true,"href":"https:\/\/construcaocivil.siriusmarketingedesign.com.br\/index.php?rest_route=\/wp\/v2\/users\/1"}],"replies":[{"embeddable":true,"href":"https:\/\/construcaocivil.siriusmarketingedesign.com.br\/index.php?rest_route=%2Fwp%2Fv2%2Fcomments&post=20501"}],"version-history":[{"count":0,"href":"https:\/\/construcaocivil.siriusmarketingedesign.com.br\/index.php?rest_route=\/wp\/v2\/posts\/20501\/revisions"}],"wp:featuredmedia":[{"embeddable":true,"href":"https:\/\/construcaocivil.siriusmarketingedesign.com.br\/index.php?rest_route=\/wp\/v2\/media\/17328"}],"wp:attachment":[{"href":"https:\/\/construcaocivil.siriusmarketingedesign.com.br\/index.php?rest_route=%2Fwp%2Fv2%2Fmedia&parent=20501"}],"wp:term":[{"taxonomy":"category","embeddable":true,"href":"https:\/\/construcaocivil.siriusmarketingedesign.com.br\/index.php?rest_route=%2Fwp%2Fv2%2Fcategories&post=20501"},{"taxonomy":"post_tag","embeddable":true,"href":"https:\/\/construcaocivil.siriusmarketingedesign.com.br\/index.php?rest_route=%2Fwp%2Fv2%2Ftags&post=20501"}],"curies":[{"name":"wp","href":"https:\/\/api.w.org\/{rel}","templated":true}]}}