{"id":20519,"date":"2022-11-26T21:26:30","date_gmt":"2022-11-27T00:26:30","guid":{"rendered":"https:\/\/www.jornaldaconstrucaocivil.com.br\/?p=20519"},"modified":"2022-11-26T21:26:30","modified_gmt":"2022-11-27T00:26:30","slug":"enic-abre-dialogo-da-construcao-civil-com-a-nova-equipe-de-governo","status":"publish","type":"post","link":"https:\/\/construcaocivil.siriusmarketingedesign.com.br\/?p=20519","title":{"rendered":"ENIC abre di\u00e1logo da constru\u00e7\u00e3o civil com a nova equipe de governo"},"content":{"rendered":"<p><em>Boletim CBIC<\/em><\/p>\n<p style=\"text-align: justify;\">A C\u00e2mara Brasileira da Ind\u00fastria da Constru\u00e7\u00e3o (CBIC) realiza no pr\u00f3ximo dia 7 de dezembro, no Centro de Eventos Brasil 21, em Bras\u00edlia, a 95\u00aa edi\u00e7\u00e3o do ENIC | Pol\u00edtica &amp; Estrat\u00e9gia \u2013 Construindo di\u00e1logos com a nova equipe de governo. O evento visa debater a agenda do setor com o Poder P\u00fablico.<\/p>\n<p style=\"text-align: justify;\">\u201cVamos apresentar aos poderes Executivo e Legislativo as propostas do setor para a retomada da economia, gera\u00e7\u00e3o de emprego e o desenvolvimento sustent\u00e1vel\u201d, destaca o presidente da entidade, Jos\u00e9 Carlos Martins.<\/p>\n<p style=\"text-align: justify;\">Para esta edi\u00e7\u00e3o foram convidados representantes do atual governo e da equipe de transi\u00e7\u00e3o, bem como membros do Executivo e do Legislativo para tratar de assuntos relacionados \u00e0 Economia, Or\u00e7amento, Constru\u00e7\u00e3o Civil e opera\u00e7\u00e3o do Legislativo.<\/p>\n<p style=\"text-align: justify;\">Confira abaixo a programa\u00e7\u00e3o completa do ENIC:<\/p>\n<p style=\"text-align: justify;\"><strong>9h | Abertura | O Futuro da Constru\u00e7\u00e3o: Competitividade e Sustentabilidade<\/strong><\/p>\n<p style=\"text-align: justify;\">Convidados:<\/p>\n<p style=\"text-align: justify;\">Paulo Guedes \u2013 ministro da Economia<\/p>\n<p style=\"text-align: justify;\">Ciro Nogueira \u2013 ministro da Casa Civil<\/p>\n<p style=\"text-align: justify;\">Daniel Ferreira \u2013 ministro do Desenvolvimento Regional<\/p>\n<p style=\"text-align: justify;\"><strong>10h | O Novo Governo e a Constru\u00e7\u00e3o Civil<\/strong><\/p>\n<p style=\"text-align: justify;\">Convidados:<\/p>\n<p style=\"text-align: justify;\">Geraldo Alckmin \u2013 vice-presidente eleito e coordenador do governo de transi\u00e7\u00e3o<\/p>\n<p style=\"text-align: justify;\">Aloizio Mercadante \u2013 coordenador dos n\u00facleos tem\u00e1ticos do governo de transi\u00e7\u00e3o<\/p>\n<p style=\"text-align: justify;\">Nelson Barbosa \u2013 integrante da equipe de transi\u00e7\u00e3o na \u00e1rea de Economia<\/p>\n<p style=\"text-align: justify;\"><strong>11h | Recursos no Or\u00e7amento para Habita\u00e7\u00e3o e Infraestrutura<\/strong><\/p>\n<p style=\"text-align: justify;\">Convidados:<\/p>\n<p style=\"text-align: justify;\">Marcelo Castro \u2013 senador (MDB-PI)<\/p>\n<p style=\"text-align: justify;\">Celso Sabino \u2013 deputado federal (Uni\u00e3o-PA)<\/p>\n<p style=\"text-align: justify;\"><strong>12h30 | Almo\u00e7o<\/strong><\/p>\n<p style=\"text-align: justify;\"><strong>13h30 | Perspectivas para o Congresso Nacional<\/strong><\/p>\n<p style=\"text-align: justify;\">Convidados:<\/p>\n<p style=\"text-align: justify;\">Camilo Santana \u2013 senador eleito (PT-CE)<\/p>\n<p style=\"text-align: justify;\">Rog\u00e9rio Marinho \u2013 senador eleito (PL-RN)<\/p>\n<p style=\"text-align: justify;\">Ricardo Barros \u2013 deputado federal (Progressistas-PR)<\/p>\n<p style=\"text-align: justify;\">Arnaldo Jardim \u2013 deputado federal (Cidadania-SP)<\/p>\n<p style=\"text-align: justify;\"><strong>15h | Pol\u00edticas de Infraestrutura e Habita\u00e7\u00e3o<\/strong><\/p>\n<p style=\"text-align: justify;\">Convidados:<\/p>\n<p style=\"text-align: justify;\">Miriam Belchior \u2013 integrante da equipe de transi\u00e7\u00e3o na \u00e1rea de Infraestrutura<\/p>\n<p style=\"text-align: justify;\">Guilherme Boulos \u2013 integrante da equipe de transi\u00e7\u00e3o na \u00e1rea de Cidades<\/p>\n<p style=\"text-align: justify;\">In\u00eas Magalh\u00e3es \u2013 integrante da equipe de transi\u00e7\u00e3o na \u00e1rea de Cidades<\/p>\n<p style=\"text-align: justify;\">Gabriel Gal\u00edpolo \u2013 integrante da equipe de transi\u00e7\u00e3o na \u00e1rea de Infraestrutura<\/p>\n<p style=\"text-align: justify;\">A 95\u00aa edi\u00e7\u00e3o do Encontro Nacional da Ind\u00fastria da Constru\u00e7\u00e3o (ENIC) tem o patroc\u00ednio do Sebrae Nacional, CV \u2013 Construtor de Vendas, Sienge, M\u00fatua \u2013 Caixa de Assist\u00eancia dos Profissionais dos Creas.<\/p>\n<p style=\"text-align: justify;\"><span style=\"color: #0000ff;\"><a style=\"color: #0000ff;\" href=\"https:\/\/cbic.org.br\/enic\/95\/\">Aproveite a oportunidade e inscreva-se!<\/a><\/span><\/p>\n","protected":false},"excerpt":{"rendered":"<p>Boletim CBIC A C\u00e2mara Brasileira da Ind\u00fastria da Constru\u00e7\u00e3o (CBIC) realiza no pr\u00f3ximo dia 7 de dezembro, no Centro de Eventos Brasil 21, em Bras\u00edlia, a 95\u00aa edi\u00e7\u00e3o do ENIC | Pol\u00edtica &amp; Estrat\u00e9gia \u2013 Construindo di\u00e1logos com a nova equipe de governo. O evento visa debater a agenda do setor com o Poder P\u00fablico. [&hellip;]<\/p>\n","protected":false},"author":1,"featured_media":20520,"comment_status":"open","ping_status":"open","sticky":false,"template":"","format":"standard","meta":{"_uag_custom_page_level_css":"","footnotes":""},"categories":[27],"tags":[24563,1569,2029,24564],"class_list":["post-20519","post","type-post","status-publish","format-standard","has-post-thumbnail","hentry","category-acontece","tag-95a-enic-2022","tag-brasilia","tag-cbic","tag-o-novo-governo-e-a-construcao-civil"],"blocksy_meta":[],"spectra_blocks_featured_image_url":{"thumbnail":{"url":"https:\/\/construcaocivil.siriusmarketingedesign.com.br\/wp-content\/uploads\/2022\/11\/whatsapp-image-2022-11-23-at-174358-150x150.jpeg","width":150,"height":150},"medium":{"url":"https:\/\/construcaocivil.siriusmarketingedesign.com.br\/wp-content\/uploads\/2022\/11\/whatsapp-image-2022-11-23-at-174358-300x169.jpeg","width":300,"height":169},"medium_large":{"url":"https:\/\/construcaocivil.siriusmarketingedesign.com.br\/wp-content\/uploads\/2022\/11\/whatsapp-image-2022-11-23-at-174358-768x432.jpeg","width":768,"height":432},"large":{"url":"https:\/\/construcaocivil.siriusmarketingedesign.com.br\/wp-content\/uploads\/2022\/11\/whatsapp-image-2022-11-23-at-174358-1024x576.jpeg","width":1024,"height":576},"full":{"url":"https:\/\/construcaocivil.siriusmarketingedesign.com.br\/wp-content\/uploads\/2022\/11\/whatsapp-image-2022-11-23-at-174358.jpeg","width":1280,"height":720}},"spectra_blocks_author_info":{"display_name":"Jornal da Constru\u00e7\u00e3o Civil","avatar_url":"https:\/\/secure.gravatar.com\/avatar\/973c9774fd44ddaceb026973c4962faa70fc512bc4c9da68e8ebb40fecee6540?s=96&d=mm&r=g","author_link":"https:\/\/construcaocivil.siriusmarketingedesign.com.br\/?author=1","description":"Desde de 2013, levando muitas informa\u00e7\u00f5es, lan\u00e7amentos e produtos de qualidade para toda cadeia produtiva da constru\u00e7\u00e3o. O Futuro da constru\u00e7\u00e3o passa por aqui,"},"uagb_featured_image_src":{"full":["https:\/\/construcaocivil.siriusmarketingedesign.com.br\/wp-content\/uploads\/2022\/11\/whatsapp-image-2022-11-23-at-174358.jpeg",1280,720,false],"thumbnail":["https:\/\/construcaocivil.siriusmarketingedesign.com.br\/wp-content\/uploads\/2022\/11\/whatsapp-image-2022-11-23-at-174358-150x150.jpeg",150,150,true],"medium":["https:\/\/construcaocivil.siriusmarketingedesign.com.br\/wp-content\/uploads\/2022\/11\/whatsapp-image-2022-11-23-at-174358-300x169.jpeg",300,169,true],"medium_large":["https:\/\/construcaocivil.siriusmarketingedesign.com.br\/wp-content\/uploads\/2022\/11\/whatsapp-image-2022-11-23-at-174358-768x432.jpeg",768,432,true],"large":["https:\/\/construcaocivil.siriusmarketingedesign.com.br\/wp-content\/uploads\/2022\/11\/whatsapp-image-2022-11-23-at-174358-1024x576.jpeg",1024,576,true],"1536x1536":["https:\/\/construcaocivil.siriusmarketingedesign.com.br\/wp-content\/uploads\/2022\/11\/whatsapp-image-2022-11-23-at-174358.jpeg",1280,720,false],"2048x2048":["https:\/\/construcaocivil.siriusmarketingedesign.com.br\/wp-content\/uploads\/2022\/11\/whatsapp-image-2022-11-23-at-174358.jpeg",1280,720,false]},"uagb_author_info":{"display_name":"Jornal da Constru\u00e7\u00e3o Civil","author_link":"https:\/\/construcaocivil.siriusmarketingedesign.com.br\/?author=1"},"uagb_comment_info":0,"uagb_excerpt":"Boletim CBIC A C\u00e2mara Brasileira da Ind\u00fastria da Constru\u00e7\u00e3o (CBIC) realiza no pr\u00f3ximo dia 7 de dezembro, no Centro de Eventos Brasil 21, em Bras\u00edlia, a 95\u00aa edi\u00e7\u00e3o do ENIC | Pol\u00edtica &amp; Estrat\u00e9gia \u2013 Construindo di\u00e1logos com a nova equipe de governo. O evento visa debater a agenda do setor com o Poder P\u00fablico.&hellip;","_links":{"self":[{"href":"https:\/\/construcaocivil.siriusmarketingedesign.com.br\/index.php?rest_route=\/wp\/v2\/posts\/20519","targetHints":{"allow":["GET"]}}],"collection":[{"href":"https:\/\/construcaocivil.siriusmarketingedesign.com.br\/index.php?rest_route=\/wp\/v2\/posts"}],"about":[{"href":"https:\/\/construcaocivil.siriusmarketingedesign.com.br\/index.php?rest_route=\/wp\/v2\/types\/post"}],"author":[{"embeddable":true,"href":"https:\/\/construcaocivil.siriusmarketingedesign.com.br\/index.php?rest_route=\/wp\/v2\/users\/1"}],"replies":[{"embeddable":true,"href":"https:\/\/construcaocivil.siriusmarketingedesign.com.br\/index.php?rest_route=%2Fwp%2Fv2%2Fcomments&post=20519"}],"version-history":[{"count":0,"href":"https:\/\/construcaocivil.siriusmarketingedesign.com.br\/index.php?rest_route=\/wp\/v2\/posts\/20519\/revisions"}],"wp:featuredmedia":[{"embeddable":true,"href":"https:\/\/construcaocivil.siriusmarketingedesign.com.br\/index.php?rest_route=\/wp\/v2\/media\/20520"}],"wp:attachment":[{"href":"https:\/\/construcaocivil.siriusmarketingedesign.com.br\/index.php?rest_route=%2Fwp%2Fv2%2Fmedia&parent=20519"}],"wp:term":[{"taxonomy":"category","embeddable":true,"href":"https:\/\/construcaocivil.siriusmarketingedesign.com.br\/index.php?rest_route=%2Fwp%2Fv2%2Fcategories&post=20519"},{"taxonomy":"post_tag","embeddable":true,"href":"https:\/\/construcaocivil.siriusmarketingedesign.com.br\/index.php?rest_route=%2Fwp%2Fv2%2Ftags&post=20519"}],"curies":[{"name":"wp","href":"https:\/\/api.w.org\/{rel}","templated":true}]}}