{"id":20525,"date":"2022-11-28T00:54:12","date_gmt":"2022-11-28T03:54:12","guid":{"rendered":"https:\/\/www.jornaldaconstrucaocivil.com.br\/?p=20525"},"modified":"2022-11-28T00:54:12","modified_gmt":"2022-11-28T03:54:12","slug":"brasil-do-futuro-programa-da-gerdau-forma-profissionais-de-advocacia-negros-em-curso-de-extensao-gratuito-inedito","status":"publish","type":"post","link":"https:\/\/construcaocivil.siriusmarketingedesign.com.br\/?p=20525","title":{"rendered":"Brasil do Futuro: Programa da Gerdau forma profissionais de advocacia negros em curso de extens\u00e3o gratuito in\u00e9dito"},"content":{"rendered":"<p style=\"text-align: justify;\"><strong>S\u00e3o Paulo, novembro de 2022 <\/strong>&#8212; No m\u00eas da consci\u00eancia negra, uma inciativa in\u00e9dita promovida pela Gerdau em parceria com o IBDM (Instituto Brasileiro de Direito Miner\u00e1rio) realizou a formatura de 29 advogados e advogadas negros em um curso de extens\u00e3o 100% gratuito, exclusivamente voltado para esse p\u00fablico. O evento, aconteceu, na ter\u00e7a-feira passada(22\/11), no MM Gerdau &#8211; Museu das Minas e do Metal. A iniciativa in\u00e9dita contou com professores renomados que ao longo do curso ofereceram disciplinas com temas dentro da cadeia de a\u00e7o e minera\u00e7\u00e3o para alunos de todo o Brasil.\n<\/p>\n<p style=\"text-align: justify;\">Nesse primeiro ciclo, o projeto ofereceu curso de Direito Miner\u00e1rio, com o objetivo de formar profissionais autodeclarados negros que estejam cursando ou tenham se formado em Direito, considerando a necessidade e o interesse de se viabilizar o aumento do n\u00famero de profissionais negros no mercado jur\u00eddico da cadeia produtiva do a\u00e7o.\n<\/p>\n<p style=\"text-align: justify;\">O curso teve dura\u00e7\u00e3o de quatro meses e foi realizado de forma on-line. Dividido em seis m\u00f3dulos, os alunos puderam aprender sobre Minera\u00e7\u00e3o, Direito e Regula\u00e7\u00e3o; Minera\u00e7\u00e3o, Contratos empresariais e Responsabilidade Civil; Direito Ambiental e Governan\u00e7a; Advocacia de Alta Performance; Minera\u00e7\u00e3o e Contencioso Estrat\u00e9gico e T\u00f3picos em Direito Tribut\u00e1rio aplicado \u00e0 Minera\u00e7\u00e3o.\n<\/p>\n<p style=\"text-align: justify;\">&#8220;O objetivo desse curso \u00e9 ampliar a participa\u00e7\u00e3o desses profissionais no mercado de trabalho, al\u00e9m da oportunidade de fazer um networking, n\u00e3o s\u00f3 com os colegas, mas tamb\u00e9m com os professores&#8221;, destaca Fabio Spina, diretor Jur\u00eddico e de Rela\u00e7\u00f5es Institucionais da Gerdau. &#8220;A nossa expectativa \u00e9 que os formandos saiam daqui com \u00f3timas refer\u00eancias, possibilitando que eles se recoloquem no mercado de trabalho ou assumam importantes cargos em grandes empresas do setor&#8221;, completa.\n<\/p>\n<p style=\"text-align: justify;\">&#8220;O Projeto Lapidar \u00e9 a materializa\u00e7\u00e3o de um sonho antigo do IBDM: a democratiza\u00e7\u00e3o do Direito Miner\u00e1rio. \u00c9 uma iniciativa totalmente alinhada com o objetivo do instituto de expandir o acesso a esse tipo de conhecimento, historicamente restrito a poucos. Ver uma turma, t\u00e3o qualificada quanto diversa, se formando neste curso \u00e9 motivo de orgulho e energia para novos projetos, especialmente focados na redu\u00e7\u00e3o de barreiras \u00e0 educa\u00e7\u00e3o e \u00e0 inclus\u00e3o de pessoas, em toda a sua pluralidade, em posi\u00e7\u00e3o de destaque na \u00e1rea jur\u00eddica mineral&#8221;, explica o presidente do IBDM, Tiago de Matos.\n<\/p>\n<p style=\"text-align: justify;\">O formando Diego Pinto conta que falar do Lapidar \u00e9 falar de inclus\u00e3o e da necessidade de repara\u00e7\u00e3o hist\u00f3rica que temos para com a popula\u00e7\u00e3o negra no Brasil, \u00e9 falar tamb\u00e9m sobre o combate ao racismo corporativo, o que \u00e9 essencial debater nos dias atuais. &#8220;Para al\u00e9m das quest\u00f5es do racismo, o projeto Lapidar trouxe um ganho de conhecimento sobre o Direito Ambiental e principalmente sobre o Direito Miner\u00e1rio, al\u00e9m do interc\u00e2mbio cultural imenso, at\u00e9 porque temos alunos de v\u00e1rios estados do Brasil. No decorrer do curso fomos acumulando conhecimento e realizando trocas de experiencias profissionais. Tudo isso agregou muito para o aprendizado&#8221;, destaca.<\/p>\n<p style=\"text-align: justify;\">\n","protected":false},"excerpt":{"rendered":"<p>S\u00e3o Paulo, novembro de 2022 &#8212; No m\u00eas da consci\u00eancia negra, uma inciativa in\u00e9dita promovida pela Gerdau em parceria com o IBDM (Instituto Brasileiro de Direito Miner\u00e1rio) realizou a formatura de 29 advogados e advogadas negros em um curso de extens\u00e3o 100% gratuito, exclusivamente voltado para esse p\u00fablico. O evento, aconteceu, na ter\u00e7a-feira passada(22\/11), no [&hellip;]<\/p>\n","protected":false},"author":1,"featured_media":20526,"comment_status":"open","ping_status":"open","sticky":false,"template":"","format":"standard","meta":{"_uag_custom_page_level_css":"","footnotes":""},"categories":[27],"tags":[15920,24568,1340,5418],"class_list":["post-20525","post","type-post","status-publish","format-standard","has-post-thumbnail","hentry","category-acontece","tag-aco-na-construcao","tag-advocacia-negros","tag-belo-horizonte-mg","tag-gerdau"],"blocksy_meta":[],"spectra_blocks_featured_image_url":{"thumbnail":{"url":"https:\/\/construcaocivil.siriusmarketingedesign.com.br\/wp-content\/uploads\/2022\/11\/GERDAU-BB-150x150.jpg","width":150,"height":150},"medium":{"url":"https:\/\/construcaocivil.siriusmarketingedesign.com.br\/wp-content\/uploads\/2022\/11\/GERDAU-BB-300x200.jpg","width":300,"height":200},"medium_large":{"url":"https:\/\/construcaocivil.siriusmarketingedesign.com.br\/wp-content\/uploads\/2022\/11\/GERDAU-BB-768x512.jpg","width":768,"height":512},"large":{"url":"https:\/\/construcaocivil.siriusmarketingedesign.com.br\/wp-content\/uploads\/2022\/11\/GERDAU-BB.jpg","width":800,"height":533},"full":{"url":"https:\/\/construcaocivil.siriusmarketingedesign.com.br\/wp-content\/uploads\/2022\/11\/GERDAU-BB.jpg","width":800,"height":533}},"spectra_blocks_author_info":{"display_name":"Jornal da Constru\u00e7\u00e3o Civil","avatar_url":"https:\/\/secure.gravatar.com\/avatar\/973c9774fd44ddaceb026973c4962faa70fc512bc4c9da68e8ebb40fecee6540?s=96&d=mm&r=g","author_link":"https:\/\/construcaocivil.siriusmarketingedesign.com.br\/?author=1","description":"Desde de 2013, levando muitas informa\u00e7\u00f5es, lan\u00e7amentos e produtos de qualidade para toda cadeia produtiva da constru\u00e7\u00e3o. O Futuro da constru\u00e7\u00e3o passa por aqui,"},"uagb_featured_image_src":{"full":["https:\/\/construcaocivil.siriusmarketingedesign.com.br\/wp-content\/uploads\/2022\/11\/GERDAU-BB.jpg",800,533,false],"thumbnail":["https:\/\/construcaocivil.siriusmarketingedesign.com.br\/wp-content\/uploads\/2022\/11\/GERDAU-BB-150x150.jpg",150,150,true],"medium":["https:\/\/construcaocivil.siriusmarketingedesign.com.br\/wp-content\/uploads\/2022\/11\/GERDAU-BB-300x200.jpg",300,200,true],"medium_large":["https:\/\/construcaocivil.siriusmarketingedesign.com.br\/wp-content\/uploads\/2022\/11\/GERDAU-BB-768x512.jpg",768,512,true],"large":["https:\/\/construcaocivil.siriusmarketingedesign.com.br\/wp-content\/uploads\/2022\/11\/GERDAU-BB.jpg",800,533,false],"1536x1536":["https:\/\/construcaocivil.siriusmarketingedesign.com.br\/wp-content\/uploads\/2022\/11\/GERDAU-BB.jpg",800,533,false],"2048x2048":["https:\/\/construcaocivil.siriusmarketingedesign.com.br\/wp-content\/uploads\/2022\/11\/GERDAU-BB.jpg",800,533,false]},"uagb_author_info":{"display_name":"Jornal da Constru\u00e7\u00e3o Civil","author_link":"https:\/\/construcaocivil.siriusmarketingedesign.com.br\/?author=1"},"uagb_comment_info":0,"uagb_excerpt":"S\u00e3o Paulo, novembro de 2022 &#8212; No m\u00eas da consci\u00eancia negra, uma inciativa in\u00e9dita promovida pela Gerdau em parceria com o IBDM (Instituto Brasileiro de Direito Miner\u00e1rio) realizou a formatura de 29 advogados e advogadas negros em um curso de extens\u00e3o 100% gratuito, exclusivamente voltado para esse p\u00fablico. O evento, aconteceu, na ter\u00e7a-feira passada(22\/11), no&hellip;","_links":{"self":[{"href":"https:\/\/construcaocivil.siriusmarketingedesign.com.br\/index.php?rest_route=\/wp\/v2\/posts\/20525","targetHints":{"allow":["GET"]}}],"collection":[{"href":"https:\/\/construcaocivil.siriusmarketingedesign.com.br\/index.php?rest_route=\/wp\/v2\/posts"}],"about":[{"href":"https:\/\/construcaocivil.siriusmarketingedesign.com.br\/index.php?rest_route=\/wp\/v2\/types\/post"}],"author":[{"embeddable":true,"href":"https:\/\/construcaocivil.siriusmarketingedesign.com.br\/index.php?rest_route=\/wp\/v2\/users\/1"}],"replies":[{"embeddable":true,"href":"https:\/\/construcaocivil.siriusmarketingedesign.com.br\/index.php?rest_route=%2Fwp%2Fv2%2Fcomments&post=20525"}],"version-history":[{"count":0,"href":"https:\/\/construcaocivil.siriusmarketingedesign.com.br\/index.php?rest_route=\/wp\/v2\/posts\/20525\/revisions"}],"wp:featuredmedia":[{"embeddable":true,"href":"https:\/\/construcaocivil.siriusmarketingedesign.com.br\/index.php?rest_route=\/wp\/v2\/media\/20526"}],"wp:attachment":[{"href":"https:\/\/construcaocivil.siriusmarketingedesign.com.br\/index.php?rest_route=%2Fwp%2Fv2%2Fmedia&parent=20525"}],"wp:term":[{"taxonomy":"category","embeddable":true,"href":"https:\/\/construcaocivil.siriusmarketingedesign.com.br\/index.php?rest_route=%2Fwp%2Fv2%2Fcategories&post=20525"},{"taxonomy":"post_tag","embeddable":true,"href":"https:\/\/construcaocivil.siriusmarketingedesign.com.br\/index.php?rest_route=%2Fwp%2Fv2%2Ftags&post=20525"}],"curies":[{"name":"wp","href":"https:\/\/api.w.org\/{rel}","templated":true}]}}