{"id":20536,"date":"2022-11-30T01:02:26","date_gmt":"2022-11-30T04:02:26","guid":{"rendered":"https:\/\/www.jornaldaconstrucaocivil.com.br\/?p=20536"},"modified":"2022-11-30T01:02:26","modified_gmt":"2022-11-30T04:02:26","slug":"black-friday-202cielo-icva-setor-de-materiais-para-construcao-aumenta-43-de-vendas-da-black-friday-no-brasil2","status":"publish","type":"post","link":"https:\/\/construcaocivil.siriusmarketingedesign.com.br\/?p=20536","title":{"rendered":"Black Friday 202Cielo\/ICVA: Setor de materiais para constru\u00e7\u00e3o aumenta 4,3% de vendas da Black Friday no Brasil2:"},"content":{"rendered":"<p dir=\"ltr\" style=\"text-align: justify;\">A Black Friday &#8211; que aconteceu no varejo brasileiro na \u00faltima sexta-feira do m\u00eas &#8211;\u00a0 25 de novembro &#8211; teve vendas 4,3% maiores no setor de materiais para constru\u00e7\u00e3o neste ano que no per\u00edodo equivalente de 2021. As promo\u00e7\u00f5es deste ano ainda contaram com uma Copa do Mundo acontecendo no mesmo tempo, o que pode ter influenciado as vendas em alguns setores. O dado faz parte do \u00cdndice Cielo de Varejo Ampliado (ICVA), produzido e divulgado pela Cielo.<\/p>\n<p style=\"text-align: justify;\">\n<p dir=\"ltr\" style=\"text-align: justify;\">Para avaliar a performance de vendas relacionada \u00e0 data e apoiar vendedores de todo o Brasil com intelig\u00eancia de neg\u00f3cios, a gigante de pagamentos analisou dados do varejo e percebeu que as empresas se movimentaram ao longo do m\u00eas de novembro e j\u00e1 no in\u00edcio da semana, contou com ofertas e descontos.<\/p>\n<p style=\"text-align: justify;\">\n<p dir=\"ltr\" style=\"text-align: justify;\">O crescimento total do varejo est\u00e1 em 6,9% em rela\u00e7\u00e3o ao mesmo per\u00edodo do ano anterior. O dado \u00e9 nominal, ou seja, n\u00e3o tem desconto da infla\u00e7\u00e3o acumulada no per\u00edodo.<\/p>\n<p style=\"text-align: justify;\">\n<p dir=\"ltr\" style=\"text-align: justify;\">Em rela\u00e7\u00e3o a 2021, a Black Friday teve vendas 21,1% maiores no varejo online, e 5,4% maiores no varejo f\u00edsico brasileiro. O segmento que teve a maior alta de vendas foi o de setor de drogarias e farm\u00e1cias (+25,9%), seguido por turismo e transporte (+25,1%), cosm\u00e9ticos e higiene pessoal (+22,2%) e bares e restaurantes (+18,6%).<\/p>\n<p style=\"text-align: justify;\">\n<p dir=\"ltr\" style=\"text-align: justify;\">De acordo com Vitor Levi, Superintendente de Dados e Inova\u00e7\u00e3o da Cielo, o E-commerce foi o destaque positivo com crescimento de 21,1%, mostrando que mesmo ap\u00f3s pandemia, o online \u00e9 uma tend\u00eancia que veio para ficar.<\/p>\n<p dir=\"ltr\" style=\"text-align: justify;\">Fonte: CIELO\/ICVA<\/p>\n<p style=\"text-align: justify;\">\n","protected":false},"excerpt":{"rendered":"<p>A Black Friday &#8211; que aconteceu no varejo brasileiro na \u00faltima sexta-feira do m\u00eas &#8211;\u00a0 25 de novembro &#8211; teve vendas 4,3% maiores no setor de materiais para constru\u00e7\u00e3o neste ano que no per\u00edodo equivalente de 2021. As promo\u00e7\u00f5es deste ano ainda contaram com uma Copa do Mundo acontecendo no mesmo tempo, o que pode [&hellip;]<\/p>\n","protected":false},"author":1,"featured_media":20537,"comment_status":"open","ping_status":"open","sticky":false,"template":"","format":"standard","meta":{"_uag_custom_page_level_css":"","footnotes":""},"categories":[12591],"tags":[24573,24575,7362,14963,24574],"class_list":["post-20536","post","type-post","status-publish","format-standard","has-post-thumbnail","hentry","category-produtos","tag-cielo-icva","tag-festas-de-natal-e-copa-do-mundo","tag-material-de-construcao","tag-servicos-de-obras","tag-varelo-na-black-friday"],"blocksy_meta":[],"spectra_blocks_featured_image_url":{"thumbnail":{"url":"https:\/\/construcaocivil.siriusmarketingedesign.com.br\/wp-content\/uploads\/2022\/11\/IMG_20221004_104836_2-150x150.jpg","width":150,"height":150},"medium":{"url":"https:\/\/construcaocivil.siriusmarketingedesign.com.br\/wp-content\/uploads\/2022\/11\/IMG_20221004_104836_2-300x258.jpg","width":300,"height":258},"medium_large":{"url":"https:\/\/construcaocivil.siriusmarketingedesign.com.br\/wp-content\/uploads\/2022\/11\/IMG_20221004_104836_2-768x661.jpg","width":768,"height":661},"large":{"url":"https:\/\/construcaocivil.siriusmarketingedesign.com.br\/wp-content\/uploads\/2022\/11\/IMG_20221004_104836_2-1024x882.jpg","width":1024,"height":882},"full":{"url":"https:\/\/construcaocivil.siriusmarketingedesign.com.br\/wp-content\/uploads\/2022\/11\/IMG_20221004_104836_2.jpg","width":2541,"height":2188}},"spectra_blocks_author_info":{"display_name":"Jornal da Constru\u00e7\u00e3o Civil","avatar_url":"https:\/\/secure.gravatar.com\/avatar\/973c9774fd44ddaceb026973c4962faa70fc512bc4c9da68e8ebb40fecee6540?s=96&d=mm&r=g","author_link":"https:\/\/construcaocivil.siriusmarketingedesign.com.br\/?author=1","description":"Desde de 2013, levando muitas informa\u00e7\u00f5es, lan\u00e7amentos e produtos de qualidade para toda cadeia produtiva da constru\u00e7\u00e3o. O Futuro da constru\u00e7\u00e3o passa por aqui,"},"uagb_featured_image_src":{"full":["https:\/\/construcaocivil.siriusmarketingedesign.com.br\/wp-content\/uploads\/2022\/11\/IMG_20221004_104836_2.jpg",2541,2188,false],"thumbnail":["https:\/\/construcaocivil.siriusmarketingedesign.com.br\/wp-content\/uploads\/2022\/11\/IMG_20221004_104836_2-150x150.jpg",150,150,true],"medium":["https:\/\/construcaocivil.siriusmarketingedesign.com.br\/wp-content\/uploads\/2022\/11\/IMG_20221004_104836_2-300x258.jpg",300,258,true],"medium_large":["https:\/\/construcaocivil.siriusmarketingedesign.com.br\/wp-content\/uploads\/2022\/11\/IMG_20221004_104836_2-768x661.jpg",768,661,true],"large":["https:\/\/construcaocivil.siriusmarketingedesign.com.br\/wp-content\/uploads\/2022\/11\/IMG_20221004_104836_2-1024x882.jpg",1024,882,true],"1536x1536":["https:\/\/construcaocivil.siriusmarketingedesign.com.br\/wp-content\/uploads\/2022\/11\/IMG_20221004_104836_2-1536x1323.jpg",1536,1323,true],"2048x2048":["https:\/\/construcaocivil.siriusmarketingedesign.com.br\/wp-content\/uploads\/2022\/11\/IMG_20221004_104836_2-2048x1763.jpg",2048,1763,true]},"uagb_author_info":{"display_name":"Jornal da Constru\u00e7\u00e3o Civil","author_link":"https:\/\/construcaocivil.siriusmarketingedesign.com.br\/?author=1"},"uagb_comment_info":0,"uagb_excerpt":"A Black Friday &#8211; que aconteceu no varejo brasileiro na \u00faltima sexta-feira do m\u00eas &#8211;\u00a0 25 de novembro &#8211; teve vendas 4,3% maiores no setor de materiais para constru\u00e7\u00e3o neste ano que no per\u00edodo equivalente de 2021. As promo\u00e7\u00f5es deste ano ainda contaram com uma Copa do Mundo acontecendo no mesmo tempo, o que pode&hellip;","_links":{"self":[{"href":"https:\/\/construcaocivil.siriusmarketingedesign.com.br\/index.php?rest_route=\/wp\/v2\/posts\/20536","targetHints":{"allow":["GET"]}}],"collection":[{"href":"https:\/\/construcaocivil.siriusmarketingedesign.com.br\/index.php?rest_route=\/wp\/v2\/posts"}],"about":[{"href":"https:\/\/construcaocivil.siriusmarketingedesign.com.br\/index.php?rest_route=\/wp\/v2\/types\/post"}],"author":[{"embeddable":true,"href":"https:\/\/construcaocivil.siriusmarketingedesign.com.br\/index.php?rest_route=\/wp\/v2\/users\/1"}],"replies":[{"embeddable":true,"href":"https:\/\/construcaocivil.siriusmarketingedesign.com.br\/index.php?rest_route=%2Fwp%2Fv2%2Fcomments&post=20536"}],"version-history":[{"count":0,"href":"https:\/\/construcaocivil.siriusmarketingedesign.com.br\/index.php?rest_route=\/wp\/v2\/posts\/20536\/revisions"}],"wp:featuredmedia":[{"embeddable":true,"href":"https:\/\/construcaocivil.siriusmarketingedesign.com.br\/index.php?rest_route=\/wp\/v2\/media\/20537"}],"wp:attachment":[{"href":"https:\/\/construcaocivil.siriusmarketingedesign.com.br\/index.php?rest_route=%2Fwp%2Fv2%2Fmedia&parent=20536"}],"wp:term":[{"taxonomy":"category","embeddable":true,"href":"https:\/\/construcaocivil.siriusmarketingedesign.com.br\/index.php?rest_route=%2Fwp%2Fv2%2Fcategories&post=20536"},{"taxonomy":"post_tag","embeddable":true,"href":"https:\/\/construcaocivil.siriusmarketingedesign.com.br\/index.php?rest_route=%2Fwp%2Fv2%2Ftags&post=20536"}],"curies":[{"name":"wp","href":"https:\/\/api.w.org\/{rel}","templated":true}]}}